{"id":4057,"date":"2024-12-19T20:30:23","date_gmt":"2024-12-19T19:30:23","guid":{"rendered":"https:\/\/agora.xtec.cat\/ins-intermunicipal\/?p=4057"},"modified":"2024-12-19T20:30:23","modified_gmt":"2024-12-19T19:30:23","slug":"digitalitzacio-democratica-i-filosofia-de-la-tecnologia","status":"publish","type":"post","link":"https:\/\/agora.xtec.cat\/ins-intermunicipal\/general\/digitalitzacio-democratica-i-filosofia-de-la-tecnologia\/","title":{"rendered":"Digitalitzaci\u00f3 democr\u00e0tica i filosofia de la tecnologia"},"content":{"rendered":"<p style=\"font-weight: 400; text-align: justify;\"><a href=\"https:\/\/agora.xtec.cat\/ins-intermunicipal\/wp-content\/uploads\/usu2220\/2024\/12\/WhatsApp_Image_2024_12_18_at_12.07.39__1734636421_52912.jpg\"><img loading=\"lazy\" decoding=\"async\" class=\"alignleft wp-image-4059 \" src=\"https:\/\/agora.xtec.cat\/ins-intermunicipal\/wp-content\/uploads\/usu2220\/2024\/12\/WhatsApp_Image_2024_12_18_at_12.07.39__1734636421_52912-300x135.jpg\" alt=\"\" width=\"533\" height=\"240\" srcset=\"https:\/\/agora.xtec.cat\/ins-intermunicipal\/wp-content\/uploads\/usu2220\/2024\/12\/WhatsApp_Image_2024_12_18_at_12.07.39__1734636421_52912-300x135.jpg 300w, https:\/\/agora.xtec.cat\/ins-intermunicipal\/wp-content\/uploads\/usu2220\/2024\/12\/WhatsApp_Image_2024_12_18_at_12.07.39__1734636421_52912-768x346.jpg 768w, https:\/\/agora.xtec.cat\/ins-intermunicipal\/wp-content\/uploads\/usu2220\/2024\/12\/WhatsApp_Image_2024_12_18_at_12.07.39__1734636421_52912.jpg 900w\" sizes=\"auto, (max-width: 533px) 100vw, 533px\" \/><\/a>\u201cQu\u00e8 \u00e9s Internet? A qui pertany? Moltes de les nostres fotos, dades, videojocs i fins i tot les aplicacions que fem servir a classe no s\u00f3n realment nostres, sin\u00f3 propietat de grans empreses. Qu\u00e8 podem fer per recuperar el control sobre les nostres vides digitals i crear un Internet m\u00e9s just i democr\u00e0tic?\u201d<\/p>\n<p style=\"font-weight: 400; text-align: justify;\">Durant aquesta setmana, en Sergio Salgado ha mirat de respondre a aquestes preguntes durant les xerrades que ha fet pels alumnes de 4t d\u2019ESO i, especialment, pels de l\u2019assignatura de Rob\u00f2tica.<\/p>\n<p style=\"font-weight: 400; text-align: justify;\">Les xerrades tractaven sobre <strong>Digitalitzaci\u00f3 democr\u00e0tica i filosofia de la tecnologia<\/strong>, temes que ocupen la feina i la recerca de la xarxa <a href=\"https:\/\/xnet-x.net\/ca\/\" target=\"_blank\" rel=\"noopener\">Xnet<\/a>, de la qual n\u2019\u00e9s president el mateix Sr. Sergi Salgado. Tant ell com la resta de membres d\u2019Xnet actuen per proposar solucions avan\u00e7ades em diferents camps dels drets digitals i de l\u2019actualitzaci\u00f3 de la democr\u00e0cia al segle XXI.<\/p>\n<p style=\"font-weight: 400;\">\n<p style=\"font-weight: 400;\">\n","protected":false},"excerpt":{"rendered":"<p><a href=\"https:\/\/agora.xtec.cat\/ins-intermunicipal\/wp-content\/uploads\/usu2220\/2024\/12\/WhatsApp_Image_2024_12_18_at_12.07.39__1734636421_52912.jpg\"><\/a>\u201cQu\u00e8 \u00e9s Internet? A qui pertany? Moltes de les nostres fotos, dades, videojocs i fins i tot les aplicacions que fem servir a classe no s\u00f3n realment nostres, sin\u00f3 propietat de grans empreses. Qu\u00e8 podem fer per recuperar el control sobre les nostres vides&hellip;  <a href=\"https:\/\/agora.xtec.cat\/ins-intermunicipal\/general\/digitalitzacio-democratica-i-filosofia-de-la-tecnologia\/\" title=\"Read Digitalitzaci\u00f3 democr\u00e0tica i filosofia de la tecnologia\">Llegeix m\u00e9s\u00bb<\/a><\/p>\n","protected":false},"author":7,"featured_media":4059,"comment_status":"closed","ping_status":"closed","sticky":false,"template":"","format":"standard","meta":{"_bbp_topic_count":0,"_bbp_reply_count":0,"_bbp_total_topic_count":0,"_bbp_total_reply_count":0,"_bbp_voice_count":0,"_bbp_anonymous_reply_count":0,"_bbp_topic_count_hidden":0,"_bbp_reply_count_hidden":0,"_bbp_forum_subforum_count":0,"footnotes":""},"categories":[7,1,29],"tags":[575,574,576,231,577,573,293,572],"class_list":["post-4057","post","type-post","status-publish","format-standard","has-post-thumbnail","hentry","category-4eso","category-general","category-portada","tag-democracia","tag-digitalitzacio","tag-filosofia","tag-internet","tag-robotica","tag-sergio-salgado","tag-tecnologia","tag-xnet"],"post_mailing_queue_ids":[],"_links":{"self":[{"href":"https:\/\/agora.xtec.cat\/ins-intermunicipal\/wp-json\/wp\/v2\/posts\/4057","targetHints":{"allow":["GET"]}}],"collection":[{"href":"https:\/\/agora.xtec.cat\/ins-intermunicipal\/wp-json\/wp\/v2\/posts"}],"about":[{"href":"https:\/\/agora.xtec.cat\/ins-intermunicipal\/wp-json\/wp\/v2\/types\/post"}],"author":[{"embeddable":true,"href":"https:\/\/agora.xtec.cat\/ins-intermunicipal\/wp-json\/wp\/v2\/users\/7"}],"replies":[{"embeddable":true,"href":"https:\/\/agora.xtec.cat\/ins-intermunicipal\/wp-json\/wp\/v2\/comments?post=4057"}],"version-history":[{"count":3,"href":"https:\/\/agora.xtec.cat\/ins-intermunicipal\/wp-json\/wp\/v2\/posts\/4057\/revisions"}],"predecessor-version":[{"id":4061,"href":"https:\/\/agora.xtec.cat\/ins-intermunicipal\/wp-json\/wp\/v2\/posts\/4057\/revisions\/4061"}],"wp:featuredmedia":[{"embeddable":true,"href":"https:\/\/agora.xtec.cat\/ins-intermunicipal\/wp-json\/wp\/v2\/media\/4059"}],"wp:attachment":[{"href":"https:\/\/agora.xtec.cat\/ins-intermunicipal\/wp-json\/wp\/v2\/media?parent=4057"}],"wp:term":[{"taxonomy":"category","embeddable":true,"href":"https:\/\/agora.xtec.cat\/ins-intermunicipal\/wp-json\/wp\/v2\/categories?post=4057"},{"taxonomy":"post_tag","embeddable":true,"href":"https:\/\/agora.xtec.cat\/ins-intermunicipal\/wp-json\/wp\/v2\/tags?post=4057"}],"curies":[{"name":"wp","href":"https:\/\/api.w.org\/{rel}","templated":true}]}}