{"id":4042,"date":"2024-12-19T16:00:44","date_gmt":"2024-12-19T15:00:44","guid":{"rendered":"https:\/\/agora.xtec.cat\/ins-intermunicipal\/?p=4042"},"modified":"2024-12-19T18:15:43","modified_gmt":"2024-12-19T17:15:43","slug":"tanca-amb-exit-la-campanya-de-donacio-de-sang","status":"publish","type":"post","link":"https:\/\/agora.xtec.cat\/ins-intermunicipal\/general\/tanca-amb-exit-la-campanya-de-donacio-de-sang\/","title":{"rendered":"Tanca amb \u00e8xit la campanya de donaci\u00f3 de sang"},"content":{"rendered":"<p>Dimarts es va tancar la campanya de donaci\u00f3 de sang del 2024. Al final de la jornada es va assolir un total de 76 donacions de les quals dues s\u00f3n de moll d\u2019os superant aix\u00ed les 64 donacions que es van registrar l&#8217;any passat.<br \/>\nDurant tota la tarda, la sala polivalent va ser un anar i venir de persones, entre els quals hi havia tamb\u00e9 alumnat i equip docent, que van contribuir a la tradicional acci\u00f3 solid\u00e0ria impulsada en els darrers anys pels cicles formatius de la fam\u00edlia d&#8217;Administraci\u00f3 i Gesti\u00f3 i que mobilitza des de fa molts a tota la comunitat educativa d&#8217;FP. Segons les dades facilitades per l\u2019equip d\u2019infermeria i medicina que va despla\u00e7ar-se fins Sant Sadurn\u00ed d\u2019Anoia, fins a 228 pacients amb diverses patologies es podran beneficiar de la donaci\u00f3 de sang realitzada al centre educatiu. Una dada que ens mostra la import\u00e0ncia de la mobilitzaci\u00f3 anual que fem.<\/p>\n<p>Estenem el nostre agra\u00efment als organitzadors i a totes les persones que es van apropar. Recordem l&#8217;esl\u00f2gan que ha guiat la feina feta d&#8217;enguany: &#8220;Cada gota compta i un petit gest, un gran impacte.<\/p>\n<p><a href=\"https:\/\/agora.xtec.cat\/ins-intermunicipal\/wp-content\/uploads\/usu2220\/2024\/12\/IMG_8740-rotated.jpeg\"><img loading=\"lazy\" decoding=\"async\" class=\"alignnone size-medium wp-image-4049\" src=\"https:\/\/agora.xtec.cat\/ins-intermunicipal\/wp-content\/uploads\/usu2220\/2024\/12\/IMG_8740-225x300.jpeg\" alt=\"\" width=\"225\" height=\"300\" srcset=\"https:\/\/agora.xtec.cat\/ins-intermunicipal\/wp-content\/uploads\/usu2220\/2024\/12\/IMG_8740-225x300.jpeg 225w, https:\/\/agora.xtec.cat\/ins-intermunicipal\/wp-content\/uploads\/usu2220\/2024\/12\/IMG_8740-768x1024.jpeg 768w, https:\/\/agora.xtec.cat\/ins-intermunicipal\/wp-content\/uploads\/usu2220\/2024\/12\/IMG_8740-1152x1536.jpeg 1152w, https:\/\/agora.xtec.cat\/ins-intermunicipal\/wp-content\/uploads\/usu2220\/2024\/12\/IMG_8740-rotated.jpeg 1512w\" sizes=\"auto, (max-width: 225px) 100vw, 225px\" \/><\/a><a href=\"https:\/\/agora.xtec.cat\/ins-intermunicipal\/wp-content\/uploads\/usu2220\/2024\/12\/IMG_8728-rotated.jpeg\"><img loading=\"lazy\" decoding=\"async\" class=\"alignnone size-medium wp-image-4048\" src=\"https:\/\/agora.xtec.cat\/ins-intermunicipal\/wp-content\/uploads\/usu2220\/2024\/12\/IMG_8728-225x300.jpeg\" alt=\"\" width=\"225\" height=\"300\" srcset=\"https:\/\/agora.xtec.cat\/ins-intermunicipal\/wp-content\/uploads\/usu2220\/2024\/12\/IMG_8728-225x300.jpeg 225w, https:\/\/agora.xtec.cat\/ins-intermunicipal\/wp-content\/uploads\/usu2220\/2024\/12\/IMG_8728-768x1024.jpeg 768w, https:\/\/agora.xtec.cat\/ins-intermunicipal\/wp-content\/uploads\/usu2220\/2024\/12\/IMG_8728-1152x1536.jpeg 1152w, https:\/\/agora.xtec.cat\/ins-intermunicipal\/wp-content\/uploads\/usu2220\/2024\/12\/IMG_8728-rotated.jpeg 1512w\" sizes=\"auto, (max-width: 225px) 100vw, 225px\" \/><\/a><\/p>\n<p><a href=\"https:\/\/agora.xtec.cat\/ins-intermunicipal\/wp-content\/uploads\/usu2220\/2024\/12\/c0d82f37-362d-4b5c-bed2-f92683d7167c-1.jpeg\"><img loading=\"lazy\" decoding=\"async\" class=\"alignnone size-medium wp-image-4046\" src=\"https:\/\/agora.xtec.cat\/ins-intermunicipal\/wp-content\/uploads\/usu2220\/2024\/12\/c0d82f37-362d-4b5c-bed2-f92683d7167c-1-225x300.jpeg\" alt=\"\" width=\"225\" height=\"300\" srcset=\"https:\/\/agora.xtec.cat\/ins-intermunicipal\/wp-content\/uploads\/usu2220\/2024\/12\/c0d82f37-362d-4b5c-bed2-f92683d7167c-1-225x300.jpeg 225w, https:\/\/agora.xtec.cat\/ins-intermunicipal\/wp-content\/uploads\/usu2220\/2024\/12\/c0d82f37-362d-4b5c-bed2-f92683d7167c-1-768x1024.jpeg 768w, https:\/\/agora.xtec.cat\/ins-intermunicipal\/wp-content\/uploads\/usu2220\/2024\/12\/c0d82f37-362d-4b5c-bed2-f92683d7167c-1-1152x1536.jpeg 1152w, https:\/\/agora.xtec.cat\/ins-intermunicipal\/wp-content\/uploads\/usu2220\/2024\/12\/c0d82f37-362d-4b5c-bed2-f92683d7167c-1.jpeg 1200w\" sizes=\"auto, (max-width: 225px) 100vw, 225px\" \/><\/a><a href=\"https:\/\/agora.xtec.cat\/ins-intermunicipal\/wp-content\/uploads\/usu2220\/2024\/12\/c0d82f37-362d-4b5c-bed2-f92683d7167-1.jpeg\"><img loading=\"lazy\" decoding=\"async\" class=\"alignnone size-medium wp-image-4045\" src=\"https:\/\/agora.xtec.cat\/ins-intermunicipal\/wp-content\/uploads\/usu2220\/2024\/12\/c0d82f37-362d-4b5c-bed2-f92683d7167-1-225x300.jpeg\" alt=\"\" width=\"225\" height=\"300\" srcset=\"https:\/\/agora.xtec.cat\/ins-intermunicipal\/wp-content\/uploads\/usu2220\/2024\/12\/c0d82f37-362d-4b5c-bed2-f92683d7167-1-225x300.jpeg 225w, https:\/\/agora.xtec.cat\/ins-intermunicipal\/wp-content\/uploads\/usu2220\/2024\/12\/c0d82f37-362d-4b5c-bed2-f92683d7167-1-768x1024.jpeg 768w, https:\/\/agora.xtec.cat\/ins-intermunicipal\/wp-content\/uploads\/usu2220\/2024\/12\/c0d82f37-362d-4b5c-bed2-f92683d7167-1-1152x1536.jpeg 1152w, https:\/\/agora.xtec.cat\/ins-intermunicipal\/wp-content\/uploads\/usu2220\/2024\/12\/c0d82f37-362d-4b5c-bed2-f92683d7167-1.jpeg 1200w\" sizes=\"auto, (max-width: 225px) 100vw, 225px\" \/><\/a><\/p>\n<p>&nbsp;<\/p>\n","protected":false},"excerpt":{"rendered":"<p>Dimarts es va tancar la campanya de donaci\u00f3 de sang del 2024. Al final de la jornada es va assolir un total de 76 donacions de les quals dues s\u00f3n de moll d\u2019os superant aix\u00ed les 64 donacions que es van registrar l&#8217;any passat.<br \/>\nDurant tota&hellip;  <a href=\"https:\/\/agora.xtec.cat\/ins-intermunicipal\/general\/tanca-amb-exit-la-campanya-de-donacio-de-sang\/\" title=\"Read Tanca amb \u00e8xit la campanya de donaci\u00f3 de sang\">Llegeix m\u00e9s\u00bb<\/a><\/p>\n","protected":false},"author":8,"featured_media":4049,"comment_status":"closed","ping_status":"closed","sticky":false,"template":"","format":"standard","meta":{"_bbp_topic_count":0,"_bbp_reply_count":0,"_bbp_total_topic_count":0,"_bbp_total_reply_count":0,"_bbp_voice_count":0,"_bbp_anonymous_reply_count":0,"_bbp_topic_count_hidden":0,"_bbp_reply_count_hidden":0,"_bbp_forum_subforum_count":0,"footnotes":""},"categories":[30,1,29],"tags":[],"class_list":["post-4042","post","type-post","status-publish","format-standard","has-post-thumbnail","hentry","category-formacio-professional","category-general","category-portada"],"post_mailing_queue_ids":[],"_links":{"self":[{"href":"https:\/\/agora.xtec.cat\/ins-intermunicipal\/wp-json\/wp\/v2\/posts\/4042","targetHints":{"allow":["GET"]}}],"collection":[{"href":"https:\/\/agora.xtec.cat\/ins-intermunicipal\/wp-json\/wp\/v2\/posts"}],"about":[{"href":"https:\/\/agora.xtec.cat\/ins-intermunicipal\/wp-json\/wp\/v2\/types\/post"}],"author":[{"embeddable":true,"href":"https:\/\/agora.xtec.cat\/ins-intermunicipal\/wp-json\/wp\/v2\/users\/8"}],"replies":[{"embeddable":true,"href":"https:\/\/agora.xtec.cat\/ins-intermunicipal\/wp-json\/wp\/v2\/comments?post=4042"}],"version-history":[{"count":2,"href":"https:\/\/agora.xtec.cat\/ins-intermunicipal\/wp-json\/wp\/v2\/posts\/4042\/revisions"}],"predecessor-version":[{"id":4051,"href":"https:\/\/agora.xtec.cat\/ins-intermunicipal\/wp-json\/wp\/v2\/posts\/4042\/revisions\/4051"}],"wp:featuredmedia":[{"embeddable":true,"href":"https:\/\/agora.xtec.cat\/ins-intermunicipal\/wp-json\/wp\/v2\/media\/4049"}],"wp:attachment":[{"href":"https:\/\/agora.xtec.cat\/ins-intermunicipal\/wp-json\/wp\/v2\/media?parent=4042"}],"wp:term":[{"taxonomy":"category","embeddable":true,"href":"https:\/\/agora.xtec.cat\/ins-intermunicipal\/wp-json\/wp\/v2\/categories?post=4042"},{"taxonomy":"post_tag","embeddable":true,"href":"https:\/\/agora.xtec.cat\/ins-intermunicipal\/wp-json\/wp\/v2\/tags?post=4042"}],"curies":[{"name":"wp","href":"https:\/\/api.w.org\/{rel}","templated":true}]}}