{"id":4031,"date":"2024-12-18T13:33:00","date_gmt":"2024-12-18T12:33:00","guid":{"rendered":"https:\/\/agora.xtec.cat\/ins-intermunicipal\/?p=4031"},"modified":"2024-12-18T13:34:28","modified_gmt":"2024-12-18T12:34:28","slug":"xerrada-sobre-les-malalties-respiratories","status":"publish","type":"post","link":"https:\/\/agora.xtec.cat\/ins-intermunicipal\/general\/xerrada-sobre-les-malalties-respiratories\/","title":{"rendered":"Xerrada sobre les malalties respirat\u00f2ries."},"content":{"rendered":"<p style=\"text-align: justify;\"><span style=\"font-family: Arial, sans-serif;\"><a href=\"https:\/\/agora.xtec.cat\/ins-intermunicipal\/wp-content\/uploads\/usu2220\/2024\/12\/20241212_115215-1.jpg\"><img loading=\"lazy\" decoding=\"async\" class=\"wp-image-4032 alignleft\" src=\"https:\/\/agora.xtec.cat\/ins-intermunicipal\/wp-content\/uploads\/usu2220\/2024\/12\/20241212_115215-1-300x169.jpg\" alt=\"\" width=\"389\" height=\"219\" srcset=\"https:\/\/agora.xtec.cat\/ins-intermunicipal\/wp-content\/uploads\/usu2220\/2024\/12\/20241212_115215-1-300x169.jpg 300w, https:\/\/agora.xtec.cat\/ins-intermunicipal\/wp-content\/uploads\/usu2220\/2024\/12\/20241212_115215-1-768x432.jpg 768w, https:\/\/agora.xtec.cat\/ins-intermunicipal\/wp-content\/uploads\/usu2220\/2024\/12\/20241212_115215-1.jpg 900w\" sizes=\"auto, (max-width: 389px) 100vw, 389px\" \/><\/a>Els alumnes de 1r de batxillerat va assistir, el passat dijous dia 12 de desembre, a una xerrada sobre les malalties respirat\u00f2ries dins de les activitats de la 33a Marat\u00f3 de TV3. La Marta Juli\u00e0, divulgadora i graduada en biomedicina, va ser l&#8217;encarregada de fer la xerrada i va descobrir a l\u2019alumnat del nostre institut una s\u00e8rie de trastorns i malalties que afecten la salut pulmonar. Tamb\u00e9 va projectar una s\u00e8rie de v\u00eddeos sobre aquests trastorns en els quals diversos pacients exposaven com es conviu amb la malaltia. Va ser una sessi\u00f3 molt colpidora que revel\u00e0 i ens va fer con\u00e8ixer una problem\u00e0tica molt m\u00e9s comuna del que ens pod\u00edem imaginar.<\/span><\/p>\n","protected":false},"excerpt":{"rendered":"<p><a href=\"https:\/\/agora.xtec.cat\/ins-intermunicipal\/wp-content\/uploads\/usu2220\/2024\/12\/20241212_115215-1.jpg\"><\/a>Els alumnes de 1r de batxillerat va assistir, el passat dijous dia 12 de desembre, a una xerrada sobre les malalties respirat\u00f2ries dins de les activitats de la 33a Marat\u00f3 de TV3. La Marta Juli\u00e0, divulgadora i graduada en biomedicina, va ser l&#8217;encarregada de&hellip;  <a href=\"https:\/\/agora.xtec.cat\/ins-intermunicipal\/general\/xerrada-sobre-les-malalties-respiratories\/\" title=\"Read Xerrada sobre les malalties respirat\u00f2ries.\">Llegeix m\u00e9s\u00bb<\/a><\/p>\n","protected":false},"author":7,"featured_media":4032,"comment_status":"closed","ping_status":"closed","sticky":false,"template":"","format":"standard","meta":{"_bbp_topic_count":0,"_bbp_reply_count":0,"_bbp_total_topic_count":0,"_bbp_total_reply_count":0,"_bbp_voice_count":0,"_bbp_anonymous_reply_count":0,"_bbp_topic_count_hidden":0,"_bbp_reply_count_hidden":0,"_bbp_forum_subforum_count":0,"footnotes":""},"categories":[106,8,1,29],"tags":[288,568,569,338],"class_list":["post-4031","post","type-post","status-publish","format-standard","has-post-thumbnail","hentry","category-bat1","category-bat","category-general","category-portada","tag-la-marato","tag-malalties-respiratories","tag-marta-julia","tag-xerrada"],"post_mailing_queue_ids":[],"_links":{"self":[{"href":"https:\/\/agora.xtec.cat\/ins-intermunicipal\/wp-json\/wp\/v2\/posts\/4031","targetHints":{"allow":["GET"]}}],"collection":[{"href":"https:\/\/agora.xtec.cat\/ins-intermunicipal\/wp-json\/wp\/v2\/posts"}],"about":[{"href":"https:\/\/agora.xtec.cat\/ins-intermunicipal\/wp-json\/wp\/v2\/types\/post"}],"author":[{"embeddable":true,"href":"https:\/\/agora.xtec.cat\/ins-intermunicipal\/wp-json\/wp\/v2\/users\/7"}],"replies":[{"embeddable":true,"href":"https:\/\/agora.xtec.cat\/ins-intermunicipal\/wp-json\/wp\/v2\/comments?post=4031"}],"version-history":[{"count":2,"href":"https:\/\/agora.xtec.cat\/ins-intermunicipal\/wp-json\/wp\/v2\/posts\/4031\/revisions"}],"predecessor-version":[{"id":4034,"href":"https:\/\/agora.xtec.cat\/ins-intermunicipal\/wp-json\/wp\/v2\/posts\/4031\/revisions\/4034"}],"wp:featuredmedia":[{"embeddable":true,"href":"https:\/\/agora.xtec.cat\/ins-intermunicipal\/wp-json\/wp\/v2\/media\/4032"}],"wp:attachment":[{"href":"https:\/\/agora.xtec.cat\/ins-intermunicipal\/wp-json\/wp\/v2\/media?parent=4031"}],"wp:term":[{"taxonomy":"category","embeddable":true,"href":"https:\/\/agora.xtec.cat\/ins-intermunicipal\/wp-json\/wp\/v2\/categories?post=4031"},{"taxonomy":"post_tag","embeddable":true,"href":"https:\/\/agora.xtec.cat\/ins-intermunicipal\/wp-json\/wp\/v2\/tags?post=4031"}],"curies":[{"name":"wp","href":"https:\/\/api.w.org\/{rel}","templated":true}]}}