{"id":4026,"date":"2024-12-18T13:01:12","date_gmt":"2024-12-18T12:01:12","guid":{"rendered":"https:\/\/agora.xtec.cat\/ins-intermunicipal\/?p=4026"},"modified":"2024-12-21T19:13:59","modified_gmt":"2024-12-21T18:13:59","slug":"horari-divendres-20-de-desembre-eso-i-batxillerat","status":"publish","type":"post","link":"https:\/\/agora.xtec.cat\/ins-intermunicipal\/general\/horari-divendres-20-de-desembre-eso-i-batxillerat\/","title":{"rendered":"Horari divendres 20 de desembre ESO, Batxillerat i FP"},"content":{"rendered":"<p>L&#8217;horari de l&#8217;alumnat d&#8217;ESO i Batxillerat d&#8217;aquest divendres ser\u00e0 de 08:30 h a 13:00 h coincidint amb l&#8217;\u00faltim dia de classes abans de vacances de Nadal. Per l&#8217;alumnat de Formaci\u00f3 Professional l&#8217;horari ser\u00e0 de les 16:00 h a les 18:30 h. Abans de marxar, a la tarda, alumnat i professorat far\u00e0 un avan\u00e7ament de les Campanades per desitjar-nos el millor per aquestes festes.<\/p>\n<p><a href=\"https:\/\/agora.xtec.cat\/ins-intermunicipal\/wp-content\/uploads\/usu2220\/2024\/12\/banner_horari_nadal_2425.png\"><img loading=\"lazy\" decoding=\"async\" class=\"alignnone wp-image-4027\" src=\"https:\/\/agora.xtec.cat\/ins-intermunicipal\/wp-content\/uploads\/usu2220\/2024\/12\/banner_horari_nadal_2425-300x251.png\" alt=\"\" width=\"570\" height=\"477\" srcset=\"https:\/\/agora.xtec.cat\/ins-intermunicipal\/wp-content\/uploads\/usu2220\/2024\/12\/banner_horari_nadal_2425-300x250.png 300w, https:\/\/agora.xtec.cat\/ins-intermunicipal\/wp-content\/uploads\/usu2220\/2024\/12\/banner_horari_nadal_2425-768x644.png 768w, https:\/\/agora.xtec.cat\/ins-intermunicipal\/wp-content\/uploads\/usu2220\/2024\/12\/banner_horari_nadal_2425.png 940w\" sizes=\"auto, (max-width: 570px) 100vw, 570px\" \/><\/a><\/p>\n","protected":false},"excerpt":{"rendered":"<p>L&#8217;horari de l&#8217;alumnat d&#8217;ESO i Batxillerat d&#8217;aquest divendres ser\u00e0 de 08:30 h a 13:00 h coincidint amb l&#8217;\u00faltim dia de classes abans de vacances de Nadal. Per l&#8217;alumnat de Formaci\u00f3 Professional l&#8217;horari ser\u00e0 de les 16:00 h a les 18:30 h. Abans de marxar, a&hellip;  <a href=\"https:\/\/agora.xtec.cat\/ins-intermunicipal\/general\/horari-divendres-20-de-desembre-eso-i-batxillerat\/\" title=\"Read Horari divendres 20 de desembre ESO, Batxillerat i FP\">Llegeix m\u00e9s\u00bb<\/a><\/p>\n","protected":false},"author":6,"featured_media":4027,"comment_status":"closed","ping_status":"closed","sticky":false,"template":"","format":"standard","meta":{"_bbp_topic_count":0,"_bbp_reply_count":0,"_bbp_total_topic_count":0,"_bbp_total_reply_count":0,"_bbp_voice_count":0,"_bbp_anonymous_reply_count":0,"_bbp_topic_count_hidden":0,"_bbp_reply_count_hidden":0,"_bbp_forum_subforum_count":0,"footnotes":""},"categories":[30,1,29],"tags":[],"class_list":["post-4026","post","type-post","status-publish","format-standard","has-post-thumbnail","hentry","category-formacio-professional","category-general","category-portada"],"post_mailing_queue_ids":[],"_links":{"self":[{"href":"https:\/\/agora.xtec.cat\/ins-intermunicipal\/wp-json\/wp\/v2\/posts\/4026","targetHints":{"allow":["GET"]}}],"collection":[{"href":"https:\/\/agora.xtec.cat\/ins-intermunicipal\/wp-json\/wp\/v2\/posts"}],"about":[{"href":"https:\/\/agora.xtec.cat\/ins-intermunicipal\/wp-json\/wp\/v2\/types\/post"}],"author":[{"embeddable":true,"href":"https:\/\/agora.xtec.cat\/ins-intermunicipal\/wp-json\/wp\/v2\/users\/6"}],"replies":[{"embeddable":true,"href":"https:\/\/agora.xtec.cat\/ins-intermunicipal\/wp-json\/wp\/v2\/comments?post=4026"}],"version-history":[{"count":5,"href":"https:\/\/agora.xtec.cat\/ins-intermunicipal\/wp-json\/wp\/v2\/posts\/4026\/revisions"}],"predecessor-version":[{"id":4036,"href":"https:\/\/agora.xtec.cat\/ins-intermunicipal\/wp-json\/wp\/v2\/posts\/4026\/revisions\/4036"}],"wp:featuredmedia":[{"embeddable":true,"href":"https:\/\/agora.xtec.cat\/ins-intermunicipal\/wp-json\/wp\/v2\/media\/4027"}],"wp:attachment":[{"href":"https:\/\/agora.xtec.cat\/ins-intermunicipal\/wp-json\/wp\/v2\/media?parent=4026"}],"wp:term":[{"taxonomy":"category","embeddable":true,"href":"https:\/\/agora.xtec.cat\/ins-intermunicipal\/wp-json\/wp\/v2\/categories?post=4026"},{"taxonomy":"post_tag","embeddable":true,"href":"https:\/\/agora.xtec.cat\/ins-intermunicipal\/wp-json\/wp\/v2\/tags?post=4026"}],"curies":[{"name":"wp","href":"https:\/\/api.w.org\/{rel}","templated":true}]}}