{"id":4014,"date":"2024-12-17T15:43:02","date_gmt":"2024-12-17T14:43:02","guid":{"rendered":"https:\/\/agora.xtec.cat\/ins-intermunicipal\/?p=4014"},"modified":"2024-12-17T15:43:45","modified_gmt":"2024-12-17T14:43:45","slug":"i-aixi-donem-per-acabat-el-projecte-del-dia-de-la-infancia","status":"publish","type":"post","link":"https:\/\/agora.xtec.cat\/ins-intermunicipal\/general\/i-aixi-donem-per-acabat-el-projecte-del-dia-de-la-infancia\/","title":{"rendered":"I aix\u00ed donem per acabat el projecte del Dia de la Inf\u00e0ncia"},"content":{"rendered":"<p>Ha sigut bonic veure com l&#8217;alumnat del CFGS d&#8217;Educaci\u00f3 Infantil s&#8217;ha implicat tant en el projecte del 20N, Dia Universal dels Drets de l&#8217;Infant. En el marc d&#8217;aquest projecte, l&#8217;alumnat ha participat en moltes activitats que van culminar amb la visita de dijous 12 de desembre a La Casa Petita, un espai familiar per a infants de 0 a 3 anys, i la seva col\u00b7laboraci\u00f3 a la campanya de la Creu Roja &#8220;Cap infant sense joguina&#8221;.<\/p>\n<p>La participaci\u00f3 de l&#8217;alumnat en aquesta activitat ha consistit a decorar la sala de la Creu Roja de l&#8217;Alt Pened\u00e8s, creant un ambient acollidor i amable per a les fam\u00edlies que van a buscar els regals de Nadal. Gr\u00e0cies a la seva dedicaci\u00f3, aquestes festes seran una mica m\u00e9s especials per a tothom! Aquest projecte no nom\u00e9s ha perm\u00e8s reflexionar sobre la import\u00e0ncia dels drets dels infants, sin\u00f3 que tamb\u00e9 ha donat l&#8217;oportunitat a l&#8217;alumnat de contribuir activament a la comunitat, coneixent els recursos disponibles per als m\u00e9s petits en situaci\u00f3 de vulnerabilitat.\u00a0 Estem molt orgulloses de la seva dedicaci\u00f3 i comprom\u00eds, i volem agrair a tot l&#8217;alumnat, i al professorat que s&#8217;ha sumat, l&#8217;energia dedicada a aquesta iniciativa. A continuaci\u00f3, us deixem unes fotos de com van guarnir la sala de la Creu Roja amb motius nadalencs.<\/p>\n<p><a href=\"https:\/\/agora.xtec.cat\/ins-intermunicipal\/wp-content\/uploads\/usu2220\/2024\/12\/Imatge-de-WhatsApp-2024-12-14-a-les-12.43.08_085896fa.jpg\"><img loading=\"lazy\" decoding=\"async\" class=\"alignnone size-large wp-image-4023\" src=\"https:\/\/agora.xtec.cat\/ins-intermunicipal\/wp-content\/uploads\/usu2220\/2024\/12\/Imatge-de-WhatsApp-2024-12-14-a-les-12.43.08_085896fa-1024x768.jpg\" alt=\"\" width=\"1024\" height=\"768\" srcset=\"https:\/\/agora.xtec.cat\/ins-intermunicipal\/wp-content\/uploads\/usu2220\/2024\/12\/Imatge-de-WhatsApp-2024-12-14-a-les-12.43.08_085896fa-1024x768.jpg 1024w, https:\/\/agora.xtec.cat\/ins-intermunicipal\/wp-content\/uploads\/usu2220\/2024\/12\/Imatge-de-WhatsApp-2024-12-14-a-les-12.43.08_085896fa-300x225.jpg 300w, https:\/\/agora.xtec.cat\/ins-intermunicipal\/wp-content\/uploads\/usu2220\/2024\/12\/Imatge-de-WhatsApp-2024-12-14-a-les-12.43.08_085896fa-768x576.jpg 768w, https:\/\/agora.xtec.cat\/ins-intermunicipal\/wp-content\/uploads\/usu2220\/2024\/12\/Imatge-de-WhatsApp-2024-12-14-a-les-12.43.08_085896fa-1536x1152.jpg 1536w, https:\/\/agora.xtec.cat\/ins-intermunicipal\/wp-content\/uploads\/usu2220\/2024\/12\/Imatge-de-WhatsApp-2024-12-14-a-les-12.43.08_085896fa-200x150.jpg 200w, https:\/\/agora.xtec.cat\/ins-intermunicipal\/wp-content\/uploads\/usu2220\/2024\/12\/Imatge-de-WhatsApp-2024-12-14-a-les-12.43.08_085896fa.jpg 1600w\" sizes=\"auto, (max-width: 1024px) 100vw, 1024px\" \/><\/a><\/p>\n<p><a href=\"https:\/\/agora.xtec.cat\/ins-intermunicipal\/wp-content\/uploads\/usu2220\/2024\/12\/Imatge-de-WhatsApp-2024-12-14-a-les-12.43.09_68163e0b.jpg\"><img loading=\"lazy\" decoding=\"async\" class=\"alignnone size-medium wp-image-4017\" src=\"https:\/\/agora.xtec.cat\/ins-intermunicipal\/wp-content\/uploads\/usu2220\/2024\/12\/Imatge-de-WhatsApp-2024-12-14-a-les-12.43.09_68163e0b-300x225.jpg\" alt=\"\" width=\"300\" height=\"225\" srcset=\"https:\/\/agora.xtec.cat\/ins-intermunicipal\/wp-content\/uploads\/usu2220\/2024\/12\/Imatge-de-WhatsApp-2024-12-14-a-les-12.43.09_68163e0b-300x225.jpg 300w, https:\/\/agora.xtec.cat\/ins-intermunicipal\/wp-content\/uploads\/usu2220\/2024\/12\/Imatge-de-WhatsApp-2024-12-14-a-les-12.43.09_68163e0b-1024x768.jpg 1024w, https:\/\/agora.xtec.cat\/ins-intermunicipal\/wp-content\/uploads\/usu2220\/2024\/12\/Imatge-de-WhatsApp-2024-12-14-a-les-12.43.09_68163e0b-768x576.jpg 768w, https:\/\/agora.xtec.cat\/ins-intermunicipal\/wp-content\/uploads\/usu2220\/2024\/12\/Imatge-de-WhatsApp-2024-12-14-a-les-12.43.09_68163e0b-1536x1152.jpg 1536w, https:\/\/agora.xtec.cat\/ins-intermunicipal\/wp-content\/uploads\/usu2220\/2024\/12\/Imatge-de-WhatsApp-2024-12-14-a-les-12.43.09_68163e0b-200x150.jpg 200w, https:\/\/agora.xtec.cat\/ins-intermunicipal\/wp-content\/uploads\/usu2220\/2024\/12\/Imatge-de-WhatsApp-2024-12-14-a-les-12.43.09_68163e0b.jpg 1600w\" sizes=\"auto, (max-width: 300px) 100vw, 300px\" \/><\/a> <a href=\"https:\/\/agora.xtec.cat\/ins-intermunicipal\/wp-content\/uploads\/usu2220\/2024\/12\/Imatge-de-WhatsApp-2024-12-14-a-les-12.43.09_e532962a.jpg\"><img loading=\"lazy\" decoding=\"async\" class=\"alignnone size-medium wp-image-4018\" src=\"https:\/\/agora.xtec.cat\/ins-intermunicipal\/wp-content\/uploads\/usu2220\/2024\/12\/Imatge-de-WhatsApp-2024-12-14-a-les-12.43.09_e532962a-300x225.jpg\" alt=\"\" width=\"300\" height=\"225\" srcset=\"https:\/\/agora.xtec.cat\/ins-intermunicipal\/wp-content\/uploads\/usu2220\/2024\/12\/Imatge-de-WhatsApp-2024-12-14-a-les-12.43.09_e532962a-300x225.jpg 300w, https:\/\/agora.xtec.cat\/ins-intermunicipal\/wp-content\/uploads\/usu2220\/2024\/12\/Imatge-de-WhatsApp-2024-12-14-a-les-12.43.09_e532962a-1024x768.jpg 1024w, https:\/\/agora.xtec.cat\/ins-intermunicipal\/wp-content\/uploads\/usu2220\/2024\/12\/Imatge-de-WhatsApp-2024-12-14-a-les-12.43.09_e532962a-768x576.jpg 768w, https:\/\/agora.xtec.cat\/ins-intermunicipal\/wp-content\/uploads\/usu2220\/2024\/12\/Imatge-de-WhatsApp-2024-12-14-a-les-12.43.09_e532962a-1536x1152.jpg 1536w, https:\/\/agora.xtec.cat\/ins-intermunicipal\/wp-content\/uploads\/usu2220\/2024\/12\/Imatge-de-WhatsApp-2024-12-14-a-les-12.43.09_e532962a-200x150.jpg 200w, https:\/\/agora.xtec.cat\/ins-intermunicipal\/wp-content\/uploads\/usu2220\/2024\/12\/Imatge-de-WhatsApp-2024-12-14-a-les-12.43.09_e532962a.jpg 1600w\" sizes=\"auto, (max-width: 300px) 100vw, 300px\" \/><\/a><\/p>\n<div style=\"width: 476px;\" class=\"wp-video\"><!--[if lt IE 9]><script>document.createElement('video');<\/script><![endif]-->\n<video class=\"wp-video-shortcode\" id=\"video-4014-1\" width=\"476\" height=\"848\" preload=\"metadata\" controls=\"controls\"><source type=\"video\/mp4\" src=\"https:\/\/agora.xtec.cat\/ins-intermunicipal\/wp-content\/uploads\/usu2220\/2024\/12\/Video-de-WhatsApp-2024-12-14-a-les-12.43.08_7bc692f7.mp4?_=1\" \/><a href=\"https:\/\/agora.xtec.cat\/ins-intermunicipal\/wp-content\/uploads\/usu2220\/2024\/12\/Video-de-WhatsApp-2024-12-14-a-les-12.43.08_7bc692f7.mp4\">https:\/\/agora.xtec.cat\/ins-intermunicipal\/wp-content\/uploads\/usu2220\/2024\/12\/Video-de-WhatsApp-2024-12-14-a-les-12.43.08_7bc692f7.mp4<\/a><\/video><\/div>\n<p><a href=\"https:\/\/agora.xtec.cat\/ins-intermunicipal\/wp-content\/uploads\/usu2220\/2024\/12\/Imatge-de-WhatsApp-2024-12-14-a-les-12.43.08_2cb74f3e.jpg\"><img loading=\"lazy\" decoding=\"async\" class=\"alignnone size-medium wp-image-4020\" src=\"https:\/\/agora.xtec.cat\/ins-intermunicipal\/wp-content\/uploads\/usu2220\/2024\/12\/Imatge-de-WhatsApp-2024-12-14-a-les-12.43.08_2cb74f3e-225x300.jpg\" alt=\"\" width=\"225\" height=\"300\" srcset=\"https:\/\/agora.xtec.cat\/ins-intermunicipal\/wp-content\/uploads\/usu2220\/2024\/12\/Imatge-de-WhatsApp-2024-12-14-a-les-12.43.08_2cb74f3e-225x300.jpg 225w, https:\/\/agora.xtec.cat\/ins-intermunicipal\/wp-content\/uploads\/usu2220\/2024\/12\/Imatge-de-WhatsApp-2024-12-14-a-les-12.43.08_2cb74f3e-768x1024.jpg 768w, https:\/\/agora.xtec.cat\/ins-intermunicipal\/wp-content\/uploads\/usu2220\/2024\/12\/Imatge-de-WhatsApp-2024-12-14-a-les-12.43.08_2cb74f3e-1152x1536.jpg 1152w, https:\/\/agora.xtec.cat\/ins-intermunicipal\/wp-content\/uploads\/usu2220\/2024\/12\/Imatge-de-WhatsApp-2024-12-14-a-les-12.43.08_2cb74f3e.jpg 1200w\" sizes=\"auto, (max-width: 225px) 100vw, 225px\" \/><\/a> <a href=\"https:\/\/agora.xtec.cat\/ins-intermunicipal\/wp-content\/uploads\/usu2220\/2024\/12\/Imatge-de-WhatsApp-2024-12-14-a-les-12.43.08_77c64d87.jpg\"><img loading=\"lazy\" decoding=\"async\" class=\"alignnone size-medium wp-image-4021\" src=\"https:\/\/agora.xtec.cat\/ins-intermunicipal\/wp-content\/uploads\/usu2220\/2024\/12\/Imatge-de-WhatsApp-2024-12-14-a-les-12.43.08_77c64d87-300x225.jpg\" alt=\"\" width=\"300\" height=\"225\" srcset=\"https:\/\/agora.xtec.cat\/ins-intermunicipal\/wp-content\/uploads\/usu2220\/2024\/12\/Imatge-de-WhatsApp-2024-12-14-a-les-12.43.08_77c64d87-300x225.jpg 300w, https:\/\/agora.xtec.cat\/ins-intermunicipal\/wp-content\/uploads\/usu2220\/2024\/12\/Imatge-de-WhatsApp-2024-12-14-a-les-12.43.08_77c64d87-1024x768.jpg 1024w, https:\/\/agora.xtec.cat\/ins-intermunicipal\/wp-content\/uploads\/usu2220\/2024\/12\/Imatge-de-WhatsApp-2024-12-14-a-les-12.43.08_77c64d87-768x576.jpg 768w, https:\/\/agora.xtec.cat\/ins-intermunicipal\/wp-content\/uploads\/usu2220\/2024\/12\/Imatge-de-WhatsApp-2024-12-14-a-les-12.43.08_77c64d87-1536x1152.jpg 1536w, https:\/\/agora.xtec.cat\/ins-intermunicipal\/wp-content\/uploads\/usu2220\/2024\/12\/Imatge-de-WhatsApp-2024-12-14-a-les-12.43.08_77c64d87-200x150.jpg 200w, https:\/\/agora.xtec.cat\/ins-intermunicipal\/wp-content\/uploads\/usu2220\/2024\/12\/Imatge-de-WhatsApp-2024-12-14-a-les-12.43.08_77c64d87.jpg 1600w\" sizes=\"auto, (max-width: 300px) 100vw, 300px\" \/><\/a> <a href=\"https:\/\/agora.xtec.cat\/ins-intermunicipal\/wp-content\/uploads\/usu2220\/2024\/12\/Imatge-de-WhatsApp-2024-12-14-a-les-12.43.08_5656761d.jpg\"><img loading=\"lazy\" decoding=\"async\" class=\"alignnone size-medium wp-image-4022\" src=\"https:\/\/agora.xtec.cat\/ins-intermunicipal\/wp-content\/uploads\/usu2220\/2024\/12\/Imatge-de-WhatsApp-2024-12-14-a-les-12.43.08_5656761d-300x225.jpg\" alt=\"\" width=\"300\" height=\"225\" srcset=\"https:\/\/agora.xtec.cat\/ins-intermunicipal\/wp-content\/uploads\/usu2220\/2024\/12\/Imatge-de-WhatsApp-2024-12-14-a-les-12.43.08_5656761d-300x225.jpg 300w, https:\/\/agora.xtec.cat\/ins-intermunicipal\/wp-content\/uploads\/usu2220\/2024\/12\/Imatge-de-WhatsApp-2024-12-14-a-les-12.43.08_5656761d-1024x768.jpg 1024w, https:\/\/agora.xtec.cat\/ins-intermunicipal\/wp-content\/uploads\/usu2220\/2024\/12\/Imatge-de-WhatsApp-2024-12-14-a-les-12.43.08_5656761d-768x576.jpg 768w, https:\/\/agora.xtec.cat\/ins-intermunicipal\/wp-content\/uploads\/usu2220\/2024\/12\/Imatge-de-WhatsApp-2024-12-14-a-les-12.43.08_5656761d-1536x1152.jpg 1536w, https:\/\/agora.xtec.cat\/ins-intermunicipal\/wp-content\/uploads\/usu2220\/2024\/12\/Imatge-de-WhatsApp-2024-12-14-a-les-12.43.08_5656761d-200x150.jpg 200w, https:\/\/agora.xtec.cat\/ins-intermunicipal\/wp-content\/uploads\/usu2220\/2024\/12\/Imatge-de-WhatsApp-2024-12-14-a-les-12.43.08_5656761d.jpg 1600w\" sizes=\"auto, (max-width: 300px) 100vw, 300px\" \/><\/a><\/p>\n","protected":false},"excerpt":{"rendered":"<p>Ha sigut bonic veure com l&#8217;alumnat del CFGS d&#8217;Educaci\u00f3 Infantil s&#8217;ha implicat tant en el projecte del 20N, Dia Universal dels Drets de l&#8217;Infant. En el marc d&#8217;aquest projecte, l&#8217;alumnat ha participat en moltes activitats que van culminar amb la visita de dijous 12 de&hellip;  <a href=\"https:\/\/agora.xtec.cat\/ins-intermunicipal\/general\/i-aixi-donem-per-acabat-el-projecte-del-dia-de-la-infancia\/\" title=\"Read I aix\u00ed donem per acabat el projecte del Dia de la Inf\u00e0ncia\">Llegeix m\u00e9s\u00bb<\/a><\/p>\n","protected":false},"author":8,"featured_media":4021,"comment_status":"closed","ping_status":"closed","sticky":false,"template":"","format":"standard","meta":{"_bbp_topic_count":0,"_bbp_reply_count":0,"_bbp_total_topic_count":0,"_bbp_total_reply_count":0,"_bbp_voice_count":0,"_bbp_anonymous_reply_count":0,"_bbp_topic_count_hidden":0,"_bbp_reply_count_hidden":0,"_bbp_forum_subforum_count":0,"footnotes":""},"categories":[30,1,29],"tags":[],"class_list":["post-4014","post","type-post","status-publish","format-standard","has-post-thumbnail","hentry","category-formacio-professional","category-general","category-portada"],"post_mailing_queue_ids":[],"_links":{"self":[{"href":"https:\/\/agora.xtec.cat\/ins-intermunicipal\/wp-json\/wp\/v2\/posts\/4014","targetHints":{"allow":["GET"]}}],"collection":[{"href":"https:\/\/agora.xtec.cat\/ins-intermunicipal\/wp-json\/wp\/v2\/posts"}],"about":[{"href":"https:\/\/agora.xtec.cat\/ins-intermunicipal\/wp-json\/wp\/v2\/types\/post"}],"author":[{"embeddable":true,"href":"https:\/\/agora.xtec.cat\/ins-intermunicipal\/wp-json\/wp\/v2\/users\/8"}],"replies":[{"embeddable":true,"href":"https:\/\/agora.xtec.cat\/ins-intermunicipal\/wp-json\/wp\/v2\/comments?post=4014"}],"version-history":[{"count":2,"href":"https:\/\/agora.xtec.cat\/ins-intermunicipal\/wp-json\/wp\/v2\/posts\/4014\/revisions"}],"predecessor-version":[{"id":4025,"href":"https:\/\/agora.xtec.cat\/ins-intermunicipal\/wp-json\/wp\/v2\/posts\/4014\/revisions\/4025"}],"wp:featuredmedia":[{"embeddable":true,"href":"https:\/\/agora.xtec.cat\/ins-intermunicipal\/wp-json\/wp\/v2\/media\/4021"}],"wp:attachment":[{"href":"https:\/\/agora.xtec.cat\/ins-intermunicipal\/wp-json\/wp\/v2\/media?parent=4014"}],"wp:term":[{"taxonomy":"category","embeddable":true,"href":"https:\/\/agora.xtec.cat\/ins-intermunicipal\/wp-json\/wp\/v2\/categories?post=4014"},{"taxonomy":"post_tag","embeddable":true,"href":"https:\/\/agora.xtec.cat\/ins-intermunicipal\/wp-json\/wp\/v2\/tags?post=4014"}],"curies":[{"name":"wp","href":"https:\/\/api.w.org\/{rel}","templated":true}]}}