{"id":3988,"date":"2024-12-11T12:45:52","date_gmt":"2024-12-11T11:45:52","guid":{"rendered":"https:\/\/agora.xtec.cat\/ins-intermunicipal\/?p=3988"},"modified":"2024-12-11T18:40:52","modified_gmt":"2024-12-11T17:40:52","slug":"el-pfi-implicat-en-el-projecte-terapiart","status":"publish","type":"post","link":"https:\/\/agora.xtec.cat\/ins-intermunicipal\/general\/el-pfi-implicat-en-el-projecte-terapiart\/","title":{"rendered":"El PFI, implicat en el projecte Terapi&#8217;art"},"content":{"rendered":"<p>El PFI d\u2019Auxiliar en Centres Sanitaris de l\u2019Institut Intermunicipal del Pened\u00e8s ha dut a terme en les darreres setmanes el projecte Terapi&#8217;art, un treball educatiu impulsat pels departaments de Salut, Benestar Emocional i Treball Social del CAP de Sant Sadurn\u00ed d\u2019Anoia i que ha comptat tamb\u00e9 amb la col\u00b7laboraci\u00f3 de l\u2019Escola Municipal d\u2019Art i Disseny, l&#8217;Arsenal, de Vilafranca del Pened\u00e8s.<\/p>\n<p>En total, han estat 10 sessions, de dues hores de durada cadascuna, en les quals s&#8217;han tractat temes com: l\u2019autoconeixement, autogesti\u00f3 de les emocions i la imatge personal. A cada sessi\u00f3, amb una tem\u00e0tica diferent, s\u2019explicaven els conceptes, es reflexionava individualment fent aportacions i s\u2019elaborava una producci\u00f3 art\u00edstica.<\/p>\n<p>Un projecte que ens ha perm\u00e8s explorar noves facetes educatives i de generaci\u00f3 de valors.<\/p>\n<p>Us deixem una selecci\u00f3 d&#8217;imatges del projecte.<\/p>\n<p><a href=\"https:\/\/agora.xtec.cat\/ins-intermunicipal\/wp-content\/uploads\/usu2220\/2024\/12\/Imagen-de-WhatsApp-2024-12-10-a-las-15.36.36_489f57b8.jpg\"><img loading=\"lazy\" decoding=\"async\" class=\"alignnone size-large wp-image-3990\" src=\"https:\/\/agora.xtec.cat\/ins-intermunicipal\/wp-content\/uploads\/usu2220\/2024\/12\/Imagen-de-WhatsApp-2024-12-10-a-las-15.36.36_489f57b8-1024x576.jpg\" alt=\"\" width=\"1024\" height=\"576\" srcset=\"https:\/\/agora.xtec.cat\/ins-intermunicipal\/wp-content\/uploads\/usu2220\/2024\/12\/Imagen-de-WhatsApp-2024-12-10-a-las-15.36.36_489f57b8-1024x576.jpg 1024w, https:\/\/agora.xtec.cat\/ins-intermunicipal\/wp-content\/uploads\/usu2220\/2024\/12\/Imagen-de-WhatsApp-2024-12-10-a-las-15.36.36_489f57b8-300x169.jpg 300w, https:\/\/agora.xtec.cat\/ins-intermunicipal\/wp-content\/uploads\/usu2220\/2024\/12\/Imagen-de-WhatsApp-2024-12-10-a-las-15.36.36_489f57b8-768x432.jpg 768w, https:\/\/agora.xtec.cat\/ins-intermunicipal\/wp-content\/uploads\/usu2220\/2024\/12\/Imagen-de-WhatsApp-2024-12-10-a-las-15.36.36_489f57b8-1536x864.jpg 1536w, https:\/\/agora.xtec.cat\/ins-intermunicipal\/wp-content\/uploads\/usu2220\/2024\/12\/Imagen-de-WhatsApp-2024-12-10-a-las-15.36.36_489f57b8.jpg 1599w\" sizes=\"auto, (max-width: 1024px) 100vw, 1024px\" \/><\/a> <a href=\"https:\/\/agora.xtec.cat\/ins-intermunicipal\/wp-content\/uploads\/usu2220\/2024\/12\/Imagen-de-WhatsApp-2024-12-10-a-las-16.15.32_c40cc0f8.jpg\"><img loading=\"lazy\" decoding=\"async\" class=\"alignnone size-large wp-image-3991\" src=\"https:\/\/agora.xtec.cat\/ins-intermunicipal\/wp-content\/uploads\/usu2220\/2024\/12\/Imagen-de-WhatsApp-2024-12-10-a-las-16.15.32_c40cc0f8-1024x1024.jpg\" alt=\"\" width=\"1024\" height=\"1024\" srcset=\"https:\/\/agora.xtec.cat\/ins-intermunicipal\/wp-content\/uploads\/usu2220\/2024\/12\/Imagen-de-WhatsApp-2024-12-10-a-las-16.15.32_c40cc0f8-1024x1024.jpg 1024w, https:\/\/agora.xtec.cat\/ins-intermunicipal\/wp-content\/uploads\/usu2220\/2024\/12\/Imagen-de-WhatsApp-2024-12-10-a-las-16.15.32_c40cc0f8-300x300.jpg 300w, https:\/\/agora.xtec.cat\/ins-intermunicipal\/wp-content\/uploads\/usu2220\/2024\/12\/Imagen-de-WhatsApp-2024-12-10-a-las-16.15.32_c40cc0f8-150x150.jpg 150w, https:\/\/agora.xtec.cat\/ins-intermunicipal\/wp-content\/uploads\/usu2220\/2024\/12\/Imagen-de-WhatsApp-2024-12-10-a-las-16.15.32_c40cc0f8-768x768.jpg 768w, https:\/\/agora.xtec.cat\/ins-intermunicipal\/wp-content\/uploads\/usu2220\/2024\/12\/Imagen-de-WhatsApp-2024-12-10-a-las-16.15.32_c40cc0f8.jpg 1500w\" sizes=\"auto, (max-width: 1024px) 100vw, 1024px\" \/><\/a> <a href=\"https:\/\/agora.xtec.cat\/ins-intermunicipal\/wp-content\/uploads\/usu2220\/2024\/12\/Imagen-de-WhatsApp-2024-12-10-a-las-16.15.32_eae773bf.jpg\"><img loading=\"lazy\" decoding=\"async\" class=\"alignnone size-large wp-image-3992\" src=\"https:\/\/agora.xtec.cat\/ins-intermunicipal\/wp-content\/uploads\/usu2220\/2024\/12\/Imagen-de-WhatsApp-2024-12-10-a-las-16.15.32_eae773bf-1024x1024.jpg\" alt=\"\" width=\"1024\" height=\"1024\" srcset=\"https:\/\/agora.xtec.cat\/ins-intermunicipal\/wp-content\/uploads\/usu2220\/2024\/12\/Imagen-de-WhatsApp-2024-12-10-a-las-16.15.32_eae773bf-1024x1024.jpg 1024w, https:\/\/agora.xtec.cat\/ins-intermunicipal\/wp-content\/uploads\/usu2220\/2024\/12\/Imagen-de-WhatsApp-2024-12-10-a-las-16.15.32_eae773bf-300x300.jpg 300w, https:\/\/agora.xtec.cat\/ins-intermunicipal\/wp-content\/uploads\/usu2220\/2024\/12\/Imagen-de-WhatsApp-2024-12-10-a-las-16.15.32_eae773bf-150x150.jpg 150w, https:\/\/agora.xtec.cat\/ins-intermunicipal\/wp-content\/uploads\/usu2220\/2024\/12\/Imagen-de-WhatsApp-2024-12-10-a-las-16.15.32_eae773bf-768x768.jpg 768w, https:\/\/agora.xtec.cat\/ins-intermunicipal\/wp-content\/uploads\/usu2220\/2024\/12\/Imagen-de-WhatsApp-2024-12-10-a-las-16.15.32_eae773bf.jpg 1500w\" sizes=\"auto, (max-width: 1024px) 100vw, 1024px\" \/><\/a> <a href=\"https:\/\/agora.xtec.cat\/ins-intermunicipal\/wp-content\/uploads\/usu2220\/2024\/12\/Imagen-de-WhatsApp-2024-12-11-a-las-08.58.06_0df09229.jpg\"><img loading=\"lazy\" decoding=\"async\" class=\"alignnone size-large wp-image-3993\" src=\"https:\/\/agora.xtec.cat\/ins-intermunicipal\/wp-content\/uploads\/usu2220\/2024\/12\/Imagen-de-WhatsApp-2024-12-11-a-las-08.58.06_0df09229-808x1024.jpg\" alt=\"\" width=\"808\" height=\"1024\" srcset=\"https:\/\/agora.xtec.cat\/ins-intermunicipal\/wp-content\/uploads\/usu2220\/2024\/12\/Imagen-de-WhatsApp-2024-12-11-a-las-08.58.06_0df09229-808x1024.jpg 808w, https:\/\/agora.xtec.cat\/ins-intermunicipal\/wp-content\/uploads\/usu2220\/2024\/12\/Imagen-de-WhatsApp-2024-12-11-a-las-08.58.06_0df09229-237x300.jpg 237w, https:\/\/agora.xtec.cat\/ins-intermunicipal\/wp-content\/uploads\/usu2220\/2024\/12\/Imagen-de-WhatsApp-2024-12-11-a-las-08.58.06_0df09229-768x974.jpg 768w, https:\/\/agora.xtec.cat\/ins-intermunicipal\/wp-content\/uploads\/usu2220\/2024\/12\/Imagen-de-WhatsApp-2024-12-11-a-las-08.58.06_0df09229-1212x1536.jpg 1212w, https:\/\/agora.xtec.cat\/ins-intermunicipal\/wp-content\/uploads\/usu2220\/2024\/12\/Imagen-de-WhatsApp-2024-12-11-a-las-08.58.06_0df09229.jpg 1262w\" sizes=\"auto, (max-width: 808px) 100vw, 808px\" \/><\/a> <a href=\"https:\/\/agora.xtec.cat\/ins-intermunicipal\/wp-content\/uploads\/usu2220\/2024\/12\/Imagen-de-WhatsApp-2024-12-11-a-las-08.57.33_332dcedc.jpg\"><img loading=\"lazy\" decoding=\"async\" class=\"alignnone size-large wp-image-3994\" src=\"https:\/\/agora.xtec.cat\/ins-intermunicipal\/wp-content\/uploads\/usu2220\/2024\/12\/Imagen-de-WhatsApp-2024-12-11-a-las-08.57.33_332dcedc-1024x1024.jpg\" alt=\"\" width=\"1024\" height=\"1024\" srcset=\"https:\/\/agora.xtec.cat\/ins-intermunicipal\/wp-content\/uploads\/usu2220\/2024\/12\/Imagen-de-WhatsApp-2024-12-11-a-las-08.57.33_332dcedc-1024x1024.jpg 1024w, https:\/\/agora.xtec.cat\/ins-intermunicipal\/wp-content\/uploads\/usu2220\/2024\/12\/Imagen-de-WhatsApp-2024-12-11-a-las-08.57.33_332dcedc-300x300.jpg 300w, https:\/\/agora.xtec.cat\/ins-intermunicipal\/wp-content\/uploads\/usu2220\/2024\/12\/Imagen-de-WhatsApp-2024-12-11-a-las-08.57.33_332dcedc-150x150.jpg 150w, https:\/\/agora.xtec.cat\/ins-intermunicipal\/wp-content\/uploads\/usu2220\/2024\/12\/Imagen-de-WhatsApp-2024-12-11-a-las-08.57.33_332dcedc-768x768.jpg 768w, https:\/\/agora.xtec.cat\/ins-intermunicipal\/wp-content\/uploads\/usu2220\/2024\/12\/Imagen-de-WhatsApp-2024-12-11-a-las-08.57.33_332dcedc.jpg 1500w\" sizes=\"auto, (max-width: 1024px) 100vw, 1024px\" \/><\/a> <a href=\"https:\/\/agora.xtec.cat\/ins-intermunicipal\/wp-content\/uploads\/usu2220\/2024\/12\/Imagen-de-WhatsApp-2024-12-11-a-las-08.57.33_2a6c3cdb.jpg\"><img loading=\"lazy\" decoding=\"async\" class=\"alignnone size-large wp-image-3995\" src=\"https:\/\/agora.xtec.cat\/ins-intermunicipal\/wp-content\/uploads\/usu2220\/2024\/12\/Imagen-de-WhatsApp-2024-12-11-a-las-08.57.33_2a6c3cdb-1024x1024.jpg\" alt=\"\" width=\"1024\" height=\"1024\" srcset=\"https:\/\/agora.xtec.cat\/ins-intermunicipal\/wp-content\/uploads\/usu2220\/2024\/12\/Imagen-de-WhatsApp-2024-12-11-a-las-08.57.33_2a6c3cdb-1024x1024.jpg 1024w, https:\/\/agora.xtec.cat\/ins-intermunicipal\/wp-content\/uploads\/usu2220\/2024\/12\/Imagen-de-WhatsApp-2024-12-11-a-las-08.57.33_2a6c3cdb-300x300.jpg 300w, https:\/\/agora.xtec.cat\/ins-intermunicipal\/wp-content\/uploads\/usu2220\/2024\/12\/Imagen-de-WhatsApp-2024-12-11-a-las-08.57.33_2a6c3cdb-150x150.jpg 150w, https:\/\/agora.xtec.cat\/ins-intermunicipal\/wp-content\/uploads\/usu2220\/2024\/12\/Imagen-de-WhatsApp-2024-12-11-a-las-08.57.33_2a6c3cdb-768x768.jpg 768w, https:\/\/agora.xtec.cat\/ins-intermunicipal\/wp-content\/uploads\/usu2220\/2024\/12\/Imagen-de-WhatsApp-2024-12-11-a-las-08.57.33_2a6c3cdb.jpg 1500w\" sizes=\"auto, (max-width: 1024px) 100vw, 1024px\" \/><\/a> <a href=\"https:\/\/agora.xtec.cat\/ins-intermunicipal\/wp-content\/uploads\/usu2220\/2024\/12\/Imagen-de-WhatsApp-2024-12-11-a-las-08.57.33_76b27a29.jpg\"><img loading=\"lazy\" decoding=\"async\" class=\"alignnone size-large wp-image-3996\" src=\"https:\/\/agora.xtec.cat\/ins-intermunicipal\/wp-content\/uploads\/usu2220\/2024\/12\/Imagen-de-WhatsApp-2024-12-11-a-las-08.57.33_76b27a29-1024x1024.jpg\" alt=\"\" width=\"1024\" height=\"1024\" srcset=\"https:\/\/agora.xtec.cat\/ins-intermunicipal\/wp-content\/uploads\/usu2220\/2024\/12\/Imagen-de-WhatsApp-2024-12-11-a-las-08.57.33_76b27a29-1024x1024.jpg 1024w, https:\/\/agora.xtec.cat\/ins-intermunicipal\/wp-content\/uploads\/usu2220\/2024\/12\/Imagen-de-WhatsApp-2024-12-11-a-las-08.57.33_76b27a29-300x300.jpg 300w, https:\/\/agora.xtec.cat\/ins-intermunicipal\/wp-content\/uploads\/usu2220\/2024\/12\/Imagen-de-WhatsApp-2024-12-11-a-las-08.57.33_76b27a29-150x150.jpg 150w, https:\/\/agora.xtec.cat\/ins-intermunicipal\/wp-content\/uploads\/usu2220\/2024\/12\/Imagen-de-WhatsApp-2024-12-11-a-las-08.57.33_76b27a29-768x768.jpg 768w, https:\/\/agora.xtec.cat\/ins-intermunicipal\/wp-content\/uploads\/usu2220\/2024\/12\/Imagen-de-WhatsApp-2024-12-11-a-las-08.57.33_76b27a29.jpg 1500w\" sizes=\"auto, (max-width: 1024px) 100vw, 1024px\" \/><\/a><\/p>\n","protected":false},"excerpt":{"rendered":"<p>El PFI d\u2019Auxiliar en Centres Sanitaris de l\u2019Institut Intermunicipal del Pened\u00e8s ha dut a terme en les darreres setmanes el projecte Terapi&#8217;art, un treball educatiu impulsat pels departaments de Salut, Benestar Emocional i Treball Social del CAP de Sant Sadurn\u00ed d\u2019Anoia i que ha comptat&hellip;  <a href=\"https:\/\/agora.xtec.cat\/ins-intermunicipal\/general\/el-pfi-implicat-en-el-projecte-terapiart\/\" title=\"Read El PFI, implicat en el projecte Terapi&#8217;art\">Llegeix m\u00e9s\u00bb<\/a><\/p>\n","protected":false},"author":8,"featured_media":3989,"comment_status":"closed","ping_status":"closed","sticky":false,"template":"","format":"standard","meta":{"_bbp_topic_count":0,"_bbp_reply_count":0,"_bbp_total_topic_count":0,"_bbp_total_reply_count":0,"_bbp_voice_count":0,"_bbp_anonymous_reply_count":0,"_bbp_topic_count_hidden":0,"_bbp_reply_count_hidden":0,"_bbp_forum_subforum_count":0,"footnotes":""},"categories":[30,1,29],"tags":[],"class_list":["post-3988","post","type-post","status-publish","format-standard","has-post-thumbnail","hentry","category-formacio-professional","category-general","category-portada"],"post_mailing_queue_ids":[],"_links":{"self":[{"href":"https:\/\/agora.xtec.cat\/ins-intermunicipal\/wp-json\/wp\/v2\/posts\/3988","targetHints":{"allow":["GET"]}}],"collection":[{"href":"https:\/\/agora.xtec.cat\/ins-intermunicipal\/wp-json\/wp\/v2\/posts"}],"about":[{"href":"https:\/\/agora.xtec.cat\/ins-intermunicipal\/wp-json\/wp\/v2\/types\/post"}],"author":[{"embeddable":true,"href":"https:\/\/agora.xtec.cat\/ins-intermunicipal\/wp-json\/wp\/v2\/users\/8"}],"replies":[{"embeddable":true,"href":"https:\/\/agora.xtec.cat\/ins-intermunicipal\/wp-json\/wp\/v2\/comments?post=3988"}],"version-history":[{"count":3,"href":"https:\/\/agora.xtec.cat\/ins-intermunicipal\/wp-json\/wp\/v2\/posts\/3988\/revisions"}],"predecessor-version":[{"id":4000,"href":"https:\/\/agora.xtec.cat\/ins-intermunicipal\/wp-json\/wp\/v2\/posts\/3988\/revisions\/4000"}],"wp:featuredmedia":[{"embeddable":true,"href":"https:\/\/agora.xtec.cat\/ins-intermunicipal\/wp-json\/wp\/v2\/media\/3989"}],"wp:attachment":[{"href":"https:\/\/agora.xtec.cat\/ins-intermunicipal\/wp-json\/wp\/v2\/media?parent=3988"}],"wp:term":[{"taxonomy":"category","embeddable":true,"href":"https:\/\/agora.xtec.cat\/ins-intermunicipal\/wp-json\/wp\/v2\/categories?post=3988"},{"taxonomy":"post_tag","embeddable":true,"href":"https:\/\/agora.xtec.cat\/ins-intermunicipal\/wp-json\/wp\/v2\/tags?post=3988"}],"curies":[{"name":"wp","href":"https:\/\/api.w.org\/{rel}","templated":true}]}}