{"id":3963,"date":"2024-12-09T12:03:46","date_gmt":"2024-12-09T11:03:46","guid":{"rendered":"https:\/\/agora.xtec.cat\/ins-intermunicipal\/?p=3963"},"modified":"2024-12-09T12:03:46","modified_gmt":"2024-12-09T11:03:46","slug":"rebellat-a-favor-teu","status":"publish","type":"post","link":"https:\/\/agora.xtec.cat\/ins-intermunicipal\/general\/rebellat-a-favor-teu\/","title":{"rendered":"Rebel\u00b7lat a favor teu!"},"content":{"rendered":"<p align=\"justify\"><span style=\"color: #222222;\"><span style=\"font-family: Arial, Helvetica, sans-serif;\"><span style=\"font-size: medium;\"><a href=\"https:\/\/agora.xtec.cat\/ins-intermunicipal\/wp-content\/uploads\/usu2220\/2024\/12\/IMG-20241125-WA0003.jpg\"><img loading=\"lazy\" decoding=\"async\" class=\"alignleft wp-image-3965 \" src=\"https:\/\/agora.xtec.cat\/ins-intermunicipal\/wp-content\/uploads\/usu2220\/2024\/12\/IMG-20241125-WA0003-300x225.jpg\" alt=\"\" width=\"418\" height=\"313\" srcset=\"https:\/\/agora.xtec.cat\/ins-intermunicipal\/wp-content\/uploads\/usu2220\/2024\/12\/IMG-20241125-WA0003-300x225.jpg 300w, https:\/\/agora.xtec.cat\/ins-intermunicipal\/wp-content\/uploads\/usu2220\/2024\/12\/IMG-20241125-WA0003-768x576.jpg 768w, https:\/\/agora.xtec.cat\/ins-intermunicipal\/wp-content\/uploads\/usu2220\/2024\/12\/IMG-20241125-WA0003-200x150.jpg 200w, https:\/\/agora.xtec.cat\/ins-intermunicipal\/wp-content\/uploads\/usu2220\/2024\/12\/IMG-20241125-WA0003.jpg 900w\" sizes=\"auto, (max-width: 418px) 100vw, 418px\" \/><\/a>Els dies 25 i 26 de novembre l&#8217;alumnat de 1r de batxillerat va participar en una xerrada-taller pensada per aportar eines d\u2019autoconeixement i de consci\u00e8ncia als adolescents i joves. <\/span><\/span><\/span><span style=\"color: #222222;\"><span style=\"font-family: Arial, Helvetica, sans-serif;\"><span style=\"font-size: medium;\">Aquesta xerrada-taller, titulada\u00a0<strong>Rebel\u00b7lat a favor teu!<\/strong>, est\u00e0 pensada tamb\u00e9 per treballar els vincles i per aprofundir en l\u2019acci\u00f3 tutorial que es pugui fer en el nostre \u00e0mbit.<\/span><\/span><\/span><\/p>\n<p align=\"justify\"><span style=\"color: #222222;\"><span style=\"font-family: Arial, Helvetica, sans-serif;\"><span style=\"font-size: medium;\">La xerrada-taller que ha estat impartida per en Jordi Torres, docent de secund\u00e0ria i formador, es compon d\u2019una part pr\u00e8via i una de posterior que els alumnes estan encara acabant de treballar. Tot i aix\u00ed ja podem afirmar que ha estat una experi\u00e8ncia molt positiva.<\/span><\/span><\/span><\/p>\n<p align=\"justify\"><span style=\"color: #222222;\"><span style=\"font-family: Arial, Helvetica, sans-serif;\"><span style=\"font-size: medium;\">Si en voleu saber m\u00e9s coses, podeu consultar la p\u00e0gina web de <a href=\"https:\/\/ruahviva.com\/formacio-a-alumnes\/\" target=\"_blank\" rel=\"noopener\">RUAHVIVA<\/a>.<\/span><\/span><\/span><\/p>\n","protected":false},"excerpt":{"rendered":"<p><a href=\"https:\/\/agora.xtec.cat\/ins-intermunicipal\/wp-content\/uploads\/usu2220\/2024\/12\/IMG-20241125-WA0003.jpg\"><\/a>Els dies 25 i 26 de novembre l&#8217;alumnat de 1r de batxillerat va participar en una xerrada-taller pensada per aportar eines d\u2019autoconeixement i de consci\u00e8ncia als adolescents i joves. Aquesta xerrada-taller, titulada\u00a0Rebel\u00b7lat a favor teu!, est\u00e0 pensada tamb\u00e9 per treballar els vincles i per&hellip;  <a href=\"https:\/\/agora.xtec.cat\/ins-intermunicipal\/general\/rebellat-a-favor-teu\/\" title=\"Read Rebel\u00b7lat a favor teu!\">Llegeix m\u00e9s\u00bb<\/a><\/p>\n","protected":false},"author":7,"featured_media":3966,"comment_status":"closed","ping_status":"closed","sticky":false,"template":"","format":"standard","meta":{"_bbp_topic_count":0,"_bbp_reply_count":0,"_bbp_total_topic_count":0,"_bbp_total_reply_count":0,"_bbp_voice_count":0,"_bbp_anonymous_reply_count":0,"_bbp_topic_count_hidden":0,"_bbp_reply_count_hidden":0,"_bbp_forum_subforum_count":0,"footnotes":""},"categories":[106,8,1,29],"tags":[255,561,562,560,558,559,563],"class_list":["post-3963","post","type-post","status-publish","format-standard","has-post-thumbnail","hentry","category-bat1","category-bat","category-general","category-portada","tag-adolescents","tag-autoconeixement","tag-consciencia","tag-jordi-torres","tag-rebellat","tag-ruahviva","tag-vincles"],"post_mailing_queue_ids":[],"_links":{"self":[{"href":"https:\/\/agora.xtec.cat\/ins-intermunicipal\/wp-json\/wp\/v2\/posts\/3963","targetHints":{"allow":["GET"]}}],"collection":[{"href":"https:\/\/agora.xtec.cat\/ins-intermunicipal\/wp-json\/wp\/v2\/posts"}],"about":[{"href":"https:\/\/agora.xtec.cat\/ins-intermunicipal\/wp-json\/wp\/v2\/types\/post"}],"author":[{"embeddable":true,"href":"https:\/\/agora.xtec.cat\/ins-intermunicipal\/wp-json\/wp\/v2\/users\/7"}],"replies":[{"embeddable":true,"href":"https:\/\/agora.xtec.cat\/ins-intermunicipal\/wp-json\/wp\/v2\/comments?post=3963"}],"version-history":[{"count":3,"href":"https:\/\/agora.xtec.cat\/ins-intermunicipal\/wp-json\/wp\/v2\/posts\/3963\/revisions"}],"predecessor-version":[{"id":3968,"href":"https:\/\/agora.xtec.cat\/ins-intermunicipal\/wp-json\/wp\/v2\/posts\/3963\/revisions\/3968"}],"wp:featuredmedia":[{"embeddable":true,"href":"https:\/\/agora.xtec.cat\/ins-intermunicipal\/wp-json\/wp\/v2\/media\/3966"}],"wp:attachment":[{"href":"https:\/\/agora.xtec.cat\/ins-intermunicipal\/wp-json\/wp\/v2\/media?parent=3963"}],"wp:term":[{"taxonomy":"category","embeddable":true,"href":"https:\/\/agora.xtec.cat\/ins-intermunicipal\/wp-json\/wp\/v2\/categories?post=3963"},{"taxonomy":"post_tag","embeddable":true,"href":"https:\/\/agora.xtec.cat\/ins-intermunicipal\/wp-json\/wp\/v2\/tags?post=3963"}],"curies":[{"name":"wp","href":"https:\/\/api.w.org\/{rel}","templated":true}]}}