{"id":3946,"date":"2024-12-04T20:13:27","date_gmt":"2024-12-04T19:13:27","guid":{"rendered":"https:\/\/agora.xtec.cat\/ins-intermunicipal\/?p=3946"},"modified":"2024-12-04T20:16:43","modified_gmt":"2024-12-04T19:16:43","slug":"sant-sadurni-compta-ja-amb-el-seu-pla-de-la-discapacitat","status":"publish","type":"post","link":"https:\/\/agora.xtec.cat\/ins-intermunicipal\/general\/sant-sadurni-compta-ja-amb-el-seu-pla-de-la-discapacitat\/","title":{"rendered":"Sant Sadurn\u00ed compta ja amb el seu pla de discapacitat"},"content":{"rendered":"<p><a href=\"https:\/\/agora.xtec.cat\/ins-intermunicipal\/wp-content\/uploads\/usu2220\/2024\/12\/Imagen-de-WhatsApp-2024-12-03-a-las-19.51.15_b643eb4e.jpg\"><img loading=\"lazy\" decoding=\"async\" class=\"size-medium wp-image-3947 alignright\" src=\"https:\/\/agora.xtec.cat\/ins-intermunicipal\/wp-content\/uploads\/usu2220\/2024\/12\/Imagen-de-WhatsApp-2024-12-03-a-las-19.51.15_b643eb4e-300x225.jpg\" alt=\"\" width=\"300\" height=\"225\" srcset=\"https:\/\/agora.xtec.cat\/ins-intermunicipal\/wp-content\/uploads\/usu2220\/2024\/12\/Imagen-de-WhatsApp-2024-12-03-a-las-19.51.15_b643eb4e-300x225.jpg 300w, https:\/\/agora.xtec.cat\/ins-intermunicipal\/wp-content\/uploads\/usu2220\/2024\/12\/Imagen-de-WhatsApp-2024-12-03-a-las-19.51.15_b643eb4e-1024x768.jpg 1024w, https:\/\/agora.xtec.cat\/ins-intermunicipal\/wp-content\/uploads\/usu2220\/2024\/12\/Imagen-de-WhatsApp-2024-12-03-a-las-19.51.15_b643eb4e-768x576.jpg 768w, https:\/\/agora.xtec.cat\/ins-intermunicipal\/wp-content\/uploads\/usu2220\/2024\/12\/Imagen-de-WhatsApp-2024-12-03-a-las-19.51.15_b643eb4e-1536x1152.jpg 1536w, https:\/\/agora.xtec.cat\/ins-intermunicipal\/wp-content\/uploads\/usu2220\/2024\/12\/Imagen-de-WhatsApp-2024-12-03-a-las-19.51.15_b643eb4e-200x150.jpg 200w, https:\/\/agora.xtec.cat\/ins-intermunicipal\/wp-content\/uploads\/usu2220\/2024\/12\/Imagen-de-WhatsApp-2024-12-03-a-las-19.51.15_b643eb4e.jpg 1600w\" sizes=\"auto, (max-width: 300px) 100vw, 300px\" \/><\/a>L&#8217;alumnat de primer curs del CFGS d&#8217;Integraci\u00f3 Social va assistir ahir a la presentaci\u00f3 del Pla de discapacitat de Sant Sadurn\u00ed d&#8217;Anoia. Durant l&#8217;acte, celebrat al Casal d&#8217;Entitats, es va desgranar la diagnosi i el pla d&#8217;actuaci\u00f3 en l&#8217;\u00e0mbit de les persones amb discapacitat que el grup impulsor ha estat treballant i que ha estat aprovat en el plenari municipal. L&#8217;acte va comptar amb la pres\u00e8ncia d&#8217;una int\u00e8rpret de la llengua de signes.<\/p>\n<p>L&#8217;alumnat hi va ser per tal de con\u00e8ixer les actuacions previstes i seguir reflexionant sobre les necessitats de les persones amb discapacitat i la promoci\u00f3 de la seva autonomia personal.<\/p>\n<p><a href=\"https:\/\/agora.xtec.cat\/ins-intermunicipal\/wp-content\/uploads\/usu2220\/2024\/12\/Imagen-de-WhatsApp-2024-12-03-a-las-19.51.03_43a341f2.jpg\"><img loading=\"lazy\" decoding=\"async\" class=\"alignnone size-medium wp-image-3948\" src=\"https:\/\/agora.xtec.cat\/ins-intermunicipal\/wp-content\/uploads\/usu2220\/2024\/12\/Imagen-de-WhatsApp-2024-12-03-a-las-19.51.03_43a341f2-300x225.jpg\" alt=\"\" width=\"300\" height=\"225\" srcset=\"https:\/\/agora.xtec.cat\/ins-intermunicipal\/wp-content\/uploads\/usu2220\/2024\/12\/Imagen-de-WhatsApp-2024-12-03-a-las-19.51.03_43a341f2-300x225.jpg 300w, https:\/\/agora.xtec.cat\/ins-intermunicipal\/wp-content\/uploads\/usu2220\/2024\/12\/Imagen-de-WhatsApp-2024-12-03-a-las-19.51.03_43a341f2-1024x768.jpg 1024w, https:\/\/agora.xtec.cat\/ins-intermunicipal\/wp-content\/uploads\/usu2220\/2024\/12\/Imagen-de-WhatsApp-2024-12-03-a-las-19.51.03_43a341f2-768x576.jpg 768w, https:\/\/agora.xtec.cat\/ins-intermunicipal\/wp-content\/uploads\/usu2220\/2024\/12\/Imagen-de-WhatsApp-2024-12-03-a-las-19.51.03_43a341f2-1536x1152.jpg 1536w, https:\/\/agora.xtec.cat\/ins-intermunicipal\/wp-content\/uploads\/usu2220\/2024\/12\/Imagen-de-WhatsApp-2024-12-03-a-las-19.51.03_43a341f2-200x150.jpg 200w, https:\/\/agora.xtec.cat\/ins-intermunicipal\/wp-content\/uploads\/usu2220\/2024\/12\/Imagen-de-WhatsApp-2024-12-03-a-las-19.51.03_43a341f2.jpg 1600w\" sizes=\"auto, (max-width: 300px) 100vw, 300px\" \/><\/a><\/p>\n","protected":false},"excerpt":{"rendered":"<p><a href=\"https:\/\/agora.xtec.cat\/ins-intermunicipal\/wp-content\/uploads\/usu2220\/2024\/12\/Imagen-de-WhatsApp-2024-12-03-a-las-19.51.15_b643eb4e.jpg\"><\/a>L&#8217;alumnat de primer curs del CFGS d&#8217;Integraci\u00f3 Social va assistir ahir a la presentaci\u00f3 del Pla de discapacitat de Sant Sadurn\u00ed d&#8217;Anoia. Durant l&#8217;acte, celebrat al Casal d&#8217;Entitats, es va desgranar la diagnosi i el pla d&#8217;actuaci\u00f3 en l&#8217;\u00e0mbit de les persones amb discapacitat&hellip;  <a href=\"https:\/\/agora.xtec.cat\/ins-intermunicipal\/general\/sant-sadurni-compta-ja-amb-el-seu-pla-de-la-discapacitat\/\" title=\"Read Sant Sadurn\u00ed compta ja amb el seu pla de discapacitat\">Llegeix m\u00e9s\u00bb<\/a><\/p>\n","protected":false},"author":8,"featured_media":3947,"comment_status":"closed","ping_status":"closed","sticky":false,"template":"","format":"standard","meta":{"_bbp_topic_count":0,"_bbp_reply_count":0,"_bbp_total_topic_count":0,"_bbp_total_reply_count":0,"_bbp_voice_count":0,"_bbp_anonymous_reply_count":0,"_bbp_topic_count_hidden":0,"_bbp_reply_count_hidden":0,"_bbp_forum_subforum_count":0,"footnotes":""},"categories":[30,1,29],"tags":[],"class_list":["post-3946","post","type-post","status-publish","format-standard","has-post-thumbnail","hentry","category-formacio-professional","category-general","category-portada"],"post_mailing_queue_ids":[],"_links":{"self":[{"href":"https:\/\/agora.xtec.cat\/ins-intermunicipal\/wp-json\/wp\/v2\/posts\/3946","targetHints":{"allow":["GET"]}}],"collection":[{"href":"https:\/\/agora.xtec.cat\/ins-intermunicipal\/wp-json\/wp\/v2\/posts"}],"about":[{"href":"https:\/\/agora.xtec.cat\/ins-intermunicipal\/wp-json\/wp\/v2\/types\/post"}],"author":[{"embeddable":true,"href":"https:\/\/agora.xtec.cat\/ins-intermunicipal\/wp-json\/wp\/v2\/users\/8"}],"replies":[{"embeddable":true,"href":"https:\/\/agora.xtec.cat\/ins-intermunicipal\/wp-json\/wp\/v2\/comments?post=3946"}],"version-history":[{"count":2,"href":"https:\/\/agora.xtec.cat\/ins-intermunicipal\/wp-json\/wp\/v2\/posts\/3946\/revisions"}],"predecessor-version":[{"id":3950,"href":"https:\/\/agora.xtec.cat\/ins-intermunicipal\/wp-json\/wp\/v2\/posts\/3946\/revisions\/3950"}],"wp:featuredmedia":[{"embeddable":true,"href":"https:\/\/agora.xtec.cat\/ins-intermunicipal\/wp-json\/wp\/v2\/media\/3947"}],"wp:attachment":[{"href":"https:\/\/agora.xtec.cat\/ins-intermunicipal\/wp-json\/wp\/v2\/media?parent=3946"}],"wp:term":[{"taxonomy":"category","embeddable":true,"href":"https:\/\/agora.xtec.cat\/ins-intermunicipal\/wp-json\/wp\/v2\/categories?post=3946"},{"taxonomy":"post_tag","embeddable":true,"href":"https:\/\/agora.xtec.cat\/ins-intermunicipal\/wp-json\/wp\/v2\/tags?post=3946"}],"curies":[{"name":"wp","href":"https:\/\/api.w.org\/{rel}","templated":true}]}}