{"id":3913,"date":"2024-11-26T11:41:34","date_gmt":"2024-11-26T10:41:34","guid":{"rendered":"https:\/\/agora.xtec.cat\/ins-intermunicipal\/?p=3913"},"modified":"2024-11-27T16:08:59","modified_gmt":"2024-11-27T15:08:59","slug":"25n-contra-les-violencies-masclistes","status":"publish","type":"post","link":"https:\/\/agora.xtec.cat\/ins-intermunicipal\/general\/25n-contra-les-violencies-masclistes\/","title":{"rendered":"25N contra les viol\u00e8ncies masclistes"},"content":{"rendered":"<p align=\"justify\">L&#8217;alumnat de l&#8217;\u00cdnter va participar dilluns en els actes convocats per l&#8217;Ajuntament de Sant Sadurn\u00ed d&#8217;Anoia per commemorar el 25N, el dia internacional contra la viol\u00e8ncia de g\u00e8nere. El centre va participar tant en els actes de mat\u00ed, a la concentraci\u00f3, com de tarda, en la marxa de torxes.<\/p>\n<p align=\"justify\">Al mat\u00ed, l&#8217;alumnat de la comissi\u00f3 d&#8217;igualtat i el grup de l&#8217;aula d&#8217;acollida del nostre centre va representar l&#8217;Institut Intermunicipal del Pened\u00e8s en la concentraci\u00f3 del 25N que es va fer per rebutjar les viol\u00e8ncies masclistes davant l&#8217;ajuntament de Sant Sadurn\u00ed d&#8217;Anoia. En aquest acte hi van participar els diferents centres educatius del municipi.<\/p>\n<p align=\"justify\">L&#8217;Edna Martinez, la Polina Murha, la Nat\u00e1lia Pinkov\u00e1 i la B\u00e1rbara Fowks van ser les encarregades de posar veu al manifest que podeu llegir a continuaci\u00f3:<\/p>\n<h5 align=\"center\"><span style=\"font-family: Arial, sans-serif; color: #cc99ff;\"><span style=\"font-size: medium;\"><b>25 de noviembre Dia Internacional de l&#8217;Eliminaci\u00f3 de la Viol\u00e8ncia contra la Dona<\/b><\/span><\/span><\/h5>\n<p align=\"center\"><span style=\"font-family: Arial, sans-serif; color: #cc99ff;\"><span style=\"font-size: medium;\"><b>Avui, 25 de novembre, alcem la veu.<\/b><\/span><\/span><\/p>\n<p align=\"justify\"><span style=\"font-family: Arial, sans-serif;\"><span style=\"font-size: medium;\">Alcem la veu per totes les dones que han estat silenciades. Per aquelles que ja no hi s\u00f3n, per les que encara pateixen i per les que s\u2019aixequen dia rere dia contra un sistema que perpetua la viol\u00e8ncia i la desigualtat.<\/span><\/span><\/p>\n<p align=\"justify\"><span style=\"font-family: Arial, sans-serif;\"><span style=\"font-size: medium;\">Aquesta lluita no \u00e9s nom\u00e9s de les dones, sin\u00f3 de tota la societat.<\/span><\/span><\/p>\n<p align=\"justify\"><span style=\"font-family: Arial, sans-serif;\"><span style=\"font-size: medium;\">No volem m\u00e9s minuts de silenci, sin\u00f3 accions reals. No m\u00e9s vides trencades, no m\u00e9s por, no m\u00e9s abs\u00e8ncia de just\u00edcia. Les v\u00edctimes han de ser escoltades, cregudes i visibilitzades.<\/span><\/span><\/p>\n<p style=\"text-align: center;\" align=\"justify\"><span style=\"color: #cc99ff;\"><strong><span style=\"font-family: Arial, sans-serif;\"><span style=\"font-size: medium;\">No callarem<\/span><\/span><\/strong><\/span><\/p>\n<p align=\"justify\"><span style=\"font-family: Arial, sans-serif;\"><span style=\"font-size: medium;\">Per cada dona silenciada, n\u2019hi haur\u00e0 mil que cridaran. Denunciem la complicitat de qui mira cap a una altra banda, de qui q\u00fcestiona les v\u00edctimes, de qui perpetua estereotips que ens fan mal.<\/span><\/span><\/p>\n<p align=\"justify\"><span style=\"font-family: Arial, sans-serif;\"><span style=\"font-size: medium;\">Hi ha d\u2019haver pol\u00edtiques p\u00fabliques ambicioses que no nom\u00e9s reaccionin davant la viol\u00e8ncia, sin\u00f3 que la previnguin. Necessitem educaci\u00f3 feminista, recursos per a les v\u00edctimes i tamb\u00e9 per als seus fills i filles.<\/span><\/span><\/p>\n<p style=\"text-align: center;\" align=\"justify\"><span style=\"color: #cc99ff;\"><strong><span style=\"font-family: Arial, sans-serif;\"><span style=\"font-size: medium;\">Ens volem vives, lliures i sense por<\/span><\/span><\/strong><\/span><\/p>\n<p align=\"justify\"><span style=\"font-family: Arial, sans-serif;\"><span style=\"font-size: medium;\">Som aqu\u00ed per reivindicar el dret de totes les dones, en tota la seva diversitat, a viure una vida lliure de viol\u00e8ncies. Aquesta lluita no pot excloure ning\u00fa: som totes, o no som.<\/span><\/span><\/p>\n<p align=\"justify\"><span style=\"font-family: Arial, sans-serif;\"><span style=\"font-size: medium;\">Reconeixem la doble opressi\u00f3 que pateixen les dones racialitzades, migrants, amb discapacitat, lesbianes, bisexuals i trans.<\/span><\/span><\/p>\n<p align=\"justify\"><span style=\"font-family: Arial, sans-serif;\"><span style=\"font-size: medium;\">Reivindiquem la sororitat com a eina per trencar el silenci, construir xarxes i sostenir-nos les unes a les altres. Perqu\u00e8 quan toquen a una, ens toquen a totes.<\/span><\/span><\/p>\n<p style=\"text-align: center;\" align=\"justify\"><span style=\"color: #cc99ff;\"><strong><span style=\"font-family: Arial, sans-serif;\"><span style=\"font-size: medium;\">Crida a l&#8217;acci\u00f3<\/span><\/span><\/strong><\/span><\/p>\n<p align=\"justify\"><span style=\"font-family: Arial, sans-serif;\"><span style=\"font-size: medium;\">Avui, per\u00f2 tamb\u00e9 cada dia, tenim la responsabilitat d\u2019actuar. No podem ser espectadores passives d\u2019una realitat que sabem que podem canviar. Implica\u2019t. Den\u00fancia. Acompanya. Forma\u2019t. Perqu\u00e8 el canvi \u00e9s urgent, i ens necessita a totes i tots.<\/span><\/span><\/p>\n<p style=\"text-align: center;\" align=\"justify\"><span style=\"color: #cc99ff;\"><strong><span style=\"font-family: Arial, sans-serif;\"><span style=\"font-size: medium;\">Per totes elles<\/span><\/span><\/strong><\/span><\/p>\n<p align=\"justify\"><span style=\"font-family: Arial, sans-serif;\"><span style=\"font-size: medium;\">Per les que ja no hi s\u00f3n. Per les que lluiten cada dia. Per les que vindran despr\u00e9s de nosaltres. El 25 de novembre no \u00e9s nom\u00e9s un dia de mem\u00f2ria, sin\u00f3 un comprom\u00eds col\u00b7lectiu amb un futur lliure de viol\u00e8ncies.<\/span><\/span><\/p>\n<p align=\"justify\"><span style=\"font-family: Arial, sans-serif;\"><span style=\"font-size: medium;\">Ens volem vives, lliures i sense por! Contra la viol\u00e8ncia masclista, sororitat feminista!<\/span><\/span><\/p>\n<p align=\"justify\">Compartim amb vosaltres imatges de l&#8217;acte del mat\u00ed i del vespre en els quals va assistir l&#8217;alumnat del nostre centre.<\/p>\n<p align=\"justify\"><a href=\"https:\/\/agora.xtec.cat\/ins-intermunicipal\/wp-content\/uploads\/usu2220\/2024\/11\/54164090314_1f97735476_z.jpg\"><img loading=\"lazy\" decoding=\"async\" class=\"wp-image-3923 alignnone\" src=\"https:\/\/agora.xtec.cat\/ins-intermunicipal\/wp-content\/uploads\/usu2220\/2024\/11\/54164090314_1f97735476_z-200x300.jpg\" alt=\"\" width=\"286\" height=\"429\" srcset=\"https:\/\/agora.xtec.cat\/ins-intermunicipal\/wp-content\/uploads\/usu2220\/2024\/11\/54164090314_1f97735476_z-200x300.jpg 200w, https:\/\/agora.xtec.cat\/ins-intermunicipal\/wp-content\/uploads\/usu2220\/2024\/11\/54164090314_1f97735476_z.jpg 427w\" sizes=\"auto, (max-width: 286px) 100vw, 286px\" \/> \u00a0<\/a><a href=\"https:\/\/agora.xtec.cat\/ins-intermunicipal\/wp-content\/uploads\/usu2220\/2024\/11\/54164091279_c2e6175164_w.jpg\"><img loading=\"lazy\" decoding=\"async\" class=\"wp-image-3924 alignnone\" src=\"https:\/\/agora.xtec.cat\/ins-intermunicipal\/wp-content\/uploads\/usu2220\/2024\/11\/54164091279_c2e6175164_w-300x225.jpg\" alt=\"\" width=\"524\" height=\"393\" srcset=\"https:\/\/agora.xtec.cat\/ins-intermunicipal\/wp-content\/uploads\/usu2220\/2024\/11\/54164091279_c2e6175164_w-300x225.jpg 300w, https:\/\/agora.xtec.cat\/ins-intermunicipal\/wp-content\/uploads\/usu2220\/2024\/11\/54164091279_c2e6175164_w-200x150.jpg 200w, https:\/\/agora.xtec.cat\/ins-intermunicipal\/wp-content\/uploads\/usu2220\/2024\/11\/54164091279_c2e6175164_w.jpg 400w\" sizes=\"auto, (max-width: 524px) 100vw, 524px\" \/><\/a><\/p>\n<p align=\"justify\"><a href=\"https:\/\/agora.xtec.cat\/ins-intermunicipal\/wp-content\/uploads\/usu2220\/2024\/11\/20241125_234435.jpg\"><img loading=\"lazy\" decoding=\"async\" class=\"wp-image-3920 aligncenter\" src=\"https:\/\/agora.xtec.cat\/ins-intermunicipal\/wp-content\/uploads\/usu2220\/2024\/11\/20241125_234435-300x200.jpg\" alt=\"\" width=\"420\" height=\"280\" srcset=\"https:\/\/agora.xtec.cat\/ins-intermunicipal\/wp-content\/uploads\/usu2220\/2024\/11\/20241125_234435-300x200.jpg 300w, https:\/\/agora.xtec.cat\/ins-intermunicipal\/wp-content\/uploads\/usu2220\/2024\/11\/20241125_234435-768x512.jpg 768w, https:\/\/agora.xtec.cat\/ins-intermunicipal\/wp-content\/uploads\/usu2220\/2024\/11\/20241125_234435.jpg 900w\" sizes=\"auto, (max-width: 420px) 100vw, 420px\" \/><\/a><\/p>\n<p align=\"justify\"><a href=\"https:\/\/agora.xtec.cat\/ins-intermunicipal\/wp-content\/uploads\/usu2220\/2024\/11\/Imatge-de-WhatsApp-2024-11-26-a-les-15.10.36_9e7e0e67.jpg\"><img loading=\"lazy\" decoding=\"async\" class=\"alignnone size-medium wp-image-3931\" src=\"https:\/\/agora.xtec.cat\/ins-intermunicipal\/wp-content\/uploads\/usu2220\/2024\/11\/Imatge-de-WhatsApp-2024-11-26-a-les-15.10.36_9e7e0e67-226x300.jpg\" alt=\"\" width=\"226\" height=\"300\" srcset=\"https:\/\/agora.xtec.cat\/ins-intermunicipal\/wp-content\/uploads\/usu2220\/2024\/11\/Imatge-de-WhatsApp-2024-11-26-a-les-15.10.36_9e7e0e67-226x300.jpg 226w, https:\/\/agora.xtec.cat\/ins-intermunicipal\/wp-content\/uploads\/usu2220\/2024\/11\/Imatge-de-WhatsApp-2024-11-26-a-les-15.10.36_9e7e0e67-771x1024.jpg 771w, https:\/\/agora.xtec.cat\/ins-intermunicipal\/wp-content\/uploads\/usu2220\/2024\/11\/Imatge-de-WhatsApp-2024-11-26-a-les-15.10.36_9e7e0e67-768x1021.jpg 768w, https:\/\/agora.xtec.cat\/ins-intermunicipal\/wp-content\/uploads\/usu2220\/2024\/11\/Imatge-de-WhatsApp-2024-11-26-a-les-15.10.36_9e7e0e67-1156x1536.jpg 1156w, https:\/\/agora.xtec.cat\/ins-intermunicipal\/wp-content\/uploads\/usu2220\/2024\/11\/Imatge-de-WhatsApp-2024-11-26-a-les-15.10.36_9e7e0e67.jpg 1204w\" sizes=\"auto, (max-width: 226px) 100vw, 226px\" \/><\/a><a href=\"https:\/\/agora.xtec.cat\/ins-intermunicipal\/wp-content\/uploads\/usu2220\/2024\/11\/IMG-20241126-WA0007.jpg\"><img loading=\"lazy\" decoding=\"async\" class=\"alignnone size-medium wp-image-3929\" src=\"https:\/\/agora.xtec.cat\/ins-intermunicipal\/wp-content\/uploads\/usu2220\/2024\/11\/IMG-20241126-WA0007-225x300.jpg\" alt=\"\" width=\"225\" height=\"300\" srcset=\"https:\/\/agora.xtec.cat\/ins-intermunicipal\/wp-content\/uploads\/usu2220\/2024\/11\/IMG-20241126-WA0007-225x300.jpg 225w, https:\/\/agora.xtec.cat\/ins-intermunicipal\/wp-content\/uploads\/usu2220\/2024\/11\/IMG-20241126-WA0007-768x1024.jpg 768w, https:\/\/agora.xtec.cat\/ins-intermunicipal\/wp-content\/uploads\/usu2220\/2024\/11\/IMG-20241126-WA0007-1152x1536.jpg 1152w, https:\/\/agora.xtec.cat\/ins-intermunicipal\/wp-content\/uploads\/usu2220\/2024\/11\/IMG-20241126-WA0007.jpg 1536w\" sizes=\"auto, (max-width: 225px) 100vw, 225px\" \/><\/a><a href=\"https:\/\/agora.xtec.cat\/ins-intermunicipal\/wp-content\/uploads\/usu2220\/2024\/11\/IMG-20241126-WA0009.jpg\"><img loading=\"lazy\" decoding=\"async\" class=\"alignnone size-medium wp-image-3928\" src=\"https:\/\/agora.xtec.cat\/ins-intermunicipal\/wp-content\/uploads\/usu2220\/2024\/11\/IMG-20241126-WA0009-225x300.jpg\" alt=\"\" width=\"225\" height=\"300\" srcset=\"https:\/\/agora.xtec.cat\/ins-intermunicipal\/wp-content\/uploads\/usu2220\/2024\/11\/IMG-20241126-WA0009-225x300.jpg 225w, https:\/\/agora.xtec.cat\/ins-intermunicipal\/wp-content\/uploads\/usu2220\/2024\/11\/IMG-20241126-WA0009-768x1024.jpg 768w, https:\/\/agora.xtec.cat\/ins-intermunicipal\/wp-content\/uploads\/usu2220\/2024\/11\/IMG-20241126-WA0009-1152x1536.jpg 1152w, https:\/\/agora.xtec.cat\/ins-intermunicipal\/wp-content\/uploads\/usu2220\/2024\/11\/IMG-20241126-WA0009.jpg 1536w\" sizes=\"auto, (max-width: 225px) 100vw, 225px\" \/><\/a><\/p>\n","protected":false},"excerpt":{"rendered":"<p>L&#8217;alumnat de l&#8217;\u00cdnter va participar dilluns en els actes convocats per l&#8217;Ajuntament de Sant Sadurn\u00ed d&#8217;Anoia per commemorar el 25N, el dia internacional contra la viol\u00e8ncia de g\u00e8nere. El centre va participar tant en els actes de mat\u00ed, a la concentraci\u00f3, com de tarda, en&hellip;  <a href=\"https:\/\/agora.xtec.cat\/ins-intermunicipal\/general\/25n-contra-les-violencies-masclistes\/\" title=\"Read 25N contra les viol\u00e8ncies masclistes\">Llegeix m\u00e9s\u00bb<\/a><\/p>\n","protected":false},"author":7,"featured_media":3924,"comment_status":"closed","ping_status":"closed","sticky":false,"template":"","format":"standard","meta":{"_bbp_topic_count":0,"_bbp_reply_count":0,"_bbp_total_topic_count":0,"_bbp_total_reply_count":0,"_bbp_voice_count":0,"_bbp_anonymous_reply_count":0,"_bbp_topic_count_hidden":0,"_bbp_reply_count_hidden":0,"_bbp_forum_subforum_count":0,"footnotes":""},"categories":[30,1,29],"tags":[553,161,555,557,556,554],"class_list":["post-3913","post","type-post","status-publish","format-standard","has-post-thumbnail","hentry","category-formacio-professional","category-general","category-portada","tag-25n","tag-aula-acollida","tag-comissio-digualtat","tag-manifest","tag-masclisme","tag-violencies-masclistes"],"post_mailing_queue_ids":[],"_links":{"self":[{"href":"https:\/\/agora.xtec.cat\/ins-intermunicipal\/wp-json\/wp\/v2\/posts\/3913","targetHints":{"allow":["GET"]}}],"collection":[{"href":"https:\/\/agora.xtec.cat\/ins-intermunicipal\/wp-json\/wp\/v2\/posts"}],"about":[{"href":"https:\/\/agora.xtec.cat\/ins-intermunicipal\/wp-json\/wp\/v2\/types\/post"}],"author":[{"embeddable":true,"href":"https:\/\/agora.xtec.cat\/ins-intermunicipal\/wp-json\/wp\/v2\/users\/7"}],"replies":[{"embeddable":true,"href":"https:\/\/agora.xtec.cat\/ins-intermunicipal\/wp-json\/wp\/v2\/comments?post=3913"}],"version-history":[{"count":6,"href":"https:\/\/agora.xtec.cat\/ins-intermunicipal\/wp-json\/wp\/v2\/posts\/3913\/revisions"}],"predecessor-version":[{"id":3935,"href":"https:\/\/agora.xtec.cat\/ins-intermunicipal\/wp-json\/wp\/v2\/posts\/3913\/revisions\/3935"}],"wp:featuredmedia":[{"embeddable":true,"href":"https:\/\/agora.xtec.cat\/ins-intermunicipal\/wp-json\/wp\/v2\/media\/3924"}],"wp:attachment":[{"href":"https:\/\/agora.xtec.cat\/ins-intermunicipal\/wp-json\/wp\/v2\/media?parent=3913"}],"wp:term":[{"taxonomy":"category","embeddable":true,"href":"https:\/\/agora.xtec.cat\/ins-intermunicipal\/wp-json\/wp\/v2\/categories?post=3913"},{"taxonomy":"post_tag","embeddable":true,"href":"https:\/\/agora.xtec.cat\/ins-intermunicipal\/wp-json\/wp\/v2\/tags?post=3913"}],"curies":[{"name":"wp","href":"https:\/\/api.w.org\/{rel}","templated":true}]}}