{"id":3890,"date":"2024-11-22T18:48:52","date_gmt":"2024-11-22T17:48:52","guid":{"rendered":"https:\/\/agora.xtec.cat\/ins-intermunicipal\/?p=3890"},"modified":"2024-11-22T18:51:31","modified_gmt":"2024-11-22T17:51:31","slug":"visita-a-les-installacions-de-lonce","status":"publish","type":"post","link":"https:\/\/agora.xtec.cat\/ins-intermunicipal\/general\/visita-a-les-installacions-de-lonce\/","title":{"rendered":"Visita a les instal\u00b7lacions de l&#8217;ONCE"},"content":{"rendered":"<p>L&#8217;alumnat del CFGS d&#8217;Educaci\u00f3 Infantil i del CFGS d&#8217;Integraci\u00f3 Social ha visitat en els darrers dies el centre de recursos educatius de l&#8217;ONCE, situat a Barcelona. Durant la visita, l&#8217;alumnat ha conegut com funciona el sistema de comunicaci\u00f3 Braille, han pogut utilitzar la m\u00e0quina que permet convertir el text en format Braille, s&#8217;ha posat en la pell de les persones invidents amb un recorregut a cegues per les instal\u00b7lacions i ha descobert l&#8217;\u00fas del bast\u00f3 i les seves funcionalitats. Us descobrim una peculiaritat poc coneguda dels bastons: quan veieu un usuari amb bast\u00f3 blanc vol dir que la persona \u00e9s invident, si \u00e9s blanc-i-vermell vol dir que la persona pateix sordceguesa i si \u00e9s verd que la persona t\u00e9 poca visi\u00f3.<\/p>\n<p>El centre de recursos educatius, visitat per l&#8217;alumnat en dues dates diferents, va ser creat l&#8217;any 1985 amb la finalitat de donar resposta adequada i efica\u00e7 a les persones amb necessitats educatives derivades d&#8217;una discapacitat visual greu, per\u00f2 l&#8217;inici de l&#8217;ONCE, com a organitzaci\u00f3, se situa molt m\u00e9s enll\u00e0. El 13 de desembre de 1938 naixia l&#8217;Organitzaci\u00f3 Nacional de Cecs Espanyols (ONCE). En el seu decret fundacional, d&#8217;aquesta data, s&#8217;atorgava a l&#8217;ONCE l&#8217;explotaci\u00f3 del que es va denominar cup\u00f3 \u201cpro cecs\u201d, el primer sorteig del qual es va celebrar el 8 de maig de 1939. L&#8217;ONCE t\u00e9 m\u00e9s de 75.000 treballadors, el 60% dels quals amb discapacitat.<\/p>\n<p>Us deixem diverses imatges de la visita.<\/p>\n<p><a href=\"https:\/\/agora.xtec.cat\/ins-intermunicipal\/wp-content\/uploads\/usu2220\/2024\/11\/Imagen-de-WhatsApp-2024-11-14-a-las-18.47.43_97801d70.jpg\"><img loading=\"lazy\" decoding=\"async\" class=\"alignnone size-large wp-image-3892\" src=\"https:\/\/agora.xtec.cat\/ins-intermunicipal\/wp-content\/uploads\/usu2220\/2024\/11\/Imagen-de-WhatsApp-2024-11-14-a-las-18.47.43_97801d70-1024x768.jpg\" alt=\"\" width=\"1024\" height=\"768\" srcset=\"https:\/\/agora.xtec.cat\/ins-intermunicipal\/wp-content\/uploads\/usu2220\/2024\/11\/Imagen-de-WhatsApp-2024-11-14-a-las-18.47.43_97801d70-1024x768.jpg 1024w, https:\/\/agora.xtec.cat\/ins-intermunicipal\/wp-content\/uploads\/usu2220\/2024\/11\/Imagen-de-WhatsApp-2024-11-14-a-las-18.47.43_97801d70-300x225.jpg 300w, https:\/\/agora.xtec.cat\/ins-intermunicipal\/wp-content\/uploads\/usu2220\/2024\/11\/Imagen-de-WhatsApp-2024-11-14-a-las-18.47.43_97801d70-768x576.jpg 768w, https:\/\/agora.xtec.cat\/ins-intermunicipal\/wp-content\/uploads\/usu2220\/2024\/11\/Imagen-de-WhatsApp-2024-11-14-a-las-18.47.43_97801d70-1536x1152.jpg 1536w, https:\/\/agora.xtec.cat\/ins-intermunicipal\/wp-content\/uploads\/usu2220\/2024\/11\/Imagen-de-WhatsApp-2024-11-14-a-las-18.47.43_97801d70-200x150.jpg 200w, https:\/\/agora.xtec.cat\/ins-intermunicipal\/wp-content\/uploads\/usu2220\/2024\/11\/Imagen-de-WhatsApp-2024-11-14-a-las-18.47.43_97801d70.jpg 1600w\" sizes=\"auto, (max-width: 1024px) 100vw, 1024px\" \/><\/a> <a href=\"https:\/\/agora.xtec.cat\/ins-intermunicipal\/wp-content\/uploads\/usu2220\/2024\/11\/Imagen-de-WhatsApp-2024-11-21-a-las-18.41.13_4f91b38a.jpg\"><img loading=\"lazy\" decoding=\"async\" class=\"alignnone size-large wp-image-3891\" src=\"https:\/\/agora.xtec.cat\/ins-intermunicipal\/wp-content\/uploads\/usu2220\/2024\/11\/Imagen-de-WhatsApp-2024-11-21-a-las-18.41.13_4f91b38a-1024x461.jpg\" alt=\"\" width=\"1024\" height=\"461\" srcset=\"https:\/\/agora.xtec.cat\/ins-intermunicipal\/wp-content\/uploads\/usu2220\/2024\/11\/Imagen-de-WhatsApp-2024-11-21-a-las-18.41.13_4f91b38a-1024x461.jpg 1024w, https:\/\/agora.xtec.cat\/ins-intermunicipal\/wp-content\/uploads\/usu2220\/2024\/11\/Imagen-de-WhatsApp-2024-11-21-a-las-18.41.13_4f91b38a-300x135.jpg 300w, https:\/\/agora.xtec.cat\/ins-intermunicipal\/wp-content\/uploads\/usu2220\/2024\/11\/Imagen-de-WhatsApp-2024-11-21-a-las-18.41.13_4f91b38a-768x346.jpg 768w, https:\/\/agora.xtec.cat\/ins-intermunicipal\/wp-content\/uploads\/usu2220\/2024\/11\/Imagen-de-WhatsApp-2024-11-21-a-las-18.41.13_4f91b38a-1536x691.jpg 1536w, https:\/\/agora.xtec.cat\/ins-intermunicipal\/wp-content\/uploads\/usu2220\/2024\/11\/Imagen-de-WhatsApp-2024-11-21-a-las-18.41.13_4f91b38a.jpg 1600w\" sizes=\"auto, (max-width: 1024px) 100vw, 1024px\" \/><\/a><\/p>\n<p><a href=\"https:\/\/agora.xtec.cat\/ins-intermunicipal\/wp-content\/uploads\/usu2220\/2024\/11\/Imagen-de-WhatsApp-2024-11-21-a-las-18.43.07_bb28940b.jpg\"><img loading=\"lazy\" decoding=\"async\" class=\"alignnone size-medium wp-image-3894\" src=\"https:\/\/agora.xtec.cat\/ins-intermunicipal\/wp-content\/uploads\/usu2220\/2024\/11\/Imagen-de-WhatsApp-2024-11-21-a-las-18.43.07_bb28940b-135x300.jpg\" alt=\"\" width=\"135\" height=\"300\" srcset=\"https:\/\/agora.xtec.cat\/ins-intermunicipal\/wp-content\/uploads\/usu2220\/2024\/11\/Imagen-de-WhatsApp-2024-11-21-a-las-18.43.07_bb28940b-135x300.jpg 135w, https:\/\/agora.xtec.cat\/ins-intermunicipal\/wp-content\/uploads\/usu2220\/2024\/11\/Imagen-de-WhatsApp-2024-11-21-a-las-18.43.07_bb28940b-461x1024.jpg 461w, https:\/\/agora.xtec.cat\/ins-intermunicipal\/wp-content\/uploads\/usu2220\/2024\/11\/Imagen-de-WhatsApp-2024-11-21-a-las-18.43.07_bb28940b-691x1536.jpg 691w, https:\/\/agora.xtec.cat\/ins-intermunicipal\/wp-content\/uploads\/usu2220\/2024\/11\/Imagen-de-WhatsApp-2024-11-21-a-las-18.43.07_bb28940b.jpg 720w\" sizes=\"auto, (max-width: 135px) 100vw, 135px\" \/><\/a> <a href=\"https:\/\/agora.xtec.cat\/ins-intermunicipal\/wp-content\/uploads\/usu2220\/2024\/11\/Imagen-de-WhatsApp-2024-11-21-a-las-18.48.19_4fdb1213.jpg\"><img loading=\"lazy\" decoding=\"async\" class=\"alignnone size-medium wp-image-3893\" src=\"https:\/\/agora.xtec.cat\/ins-intermunicipal\/wp-content\/uploads\/usu2220\/2024\/11\/Imagen-de-WhatsApp-2024-11-21-a-las-18.48.19_4fdb1213-135x300.jpg\" alt=\"\" width=\"135\" height=\"300\" srcset=\"https:\/\/agora.xtec.cat\/ins-intermunicipal\/wp-content\/uploads\/usu2220\/2024\/11\/Imagen-de-WhatsApp-2024-11-21-a-las-18.48.19_4fdb1213-135x300.jpg 135w, https:\/\/agora.xtec.cat\/ins-intermunicipal\/wp-content\/uploads\/usu2220\/2024\/11\/Imagen-de-WhatsApp-2024-11-21-a-las-18.48.19_4fdb1213-461x1024.jpg 461w, https:\/\/agora.xtec.cat\/ins-intermunicipal\/wp-content\/uploads\/usu2220\/2024\/11\/Imagen-de-WhatsApp-2024-11-21-a-las-18.48.19_4fdb1213-691x1536.jpg 691w, https:\/\/agora.xtec.cat\/ins-intermunicipal\/wp-content\/uploads\/usu2220\/2024\/11\/Imagen-de-WhatsApp-2024-11-21-a-las-18.48.19_4fdb1213.jpg 720w\" sizes=\"auto, (max-width: 135px) 100vw, 135px\" \/><\/a><a href=\"https:\/\/agora.xtec.cat\/ins-intermunicipal\/wp-content\/uploads\/usu2220\/2024\/11\/Imagen-de-WhatsApp-2024-11-21-a-las-18.43.06_0a6853fc.jpg\"><img loading=\"lazy\" decoding=\"async\" class=\"alignnone size-medium wp-image-3895\" src=\"https:\/\/agora.xtec.cat\/ins-intermunicipal\/wp-content\/uploads\/usu2220\/2024\/11\/Imagen-de-WhatsApp-2024-11-21-a-las-18.43.06_0a6853fc-135x300.jpg\" alt=\"\" width=\"135\" height=\"300\" srcset=\"https:\/\/agora.xtec.cat\/ins-intermunicipal\/wp-content\/uploads\/usu2220\/2024\/11\/Imagen-de-WhatsApp-2024-11-21-a-las-18.43.06_0a6853fc-135x300.jpg 135w, https:\/\/agora.xtec.cat\/ins-intermunicipal\/wp-content\/uploads\/usu2220\/2024\/11\/Imagen-de-WhatsApp-2024-11-21-a-las-18.43.06_0a6853fc-461x1024.jpg 461w, https:\/\/agora.xtec.cat\/ins-intermunicipal\/wp-content\/uploads\/usu2220\/2024\/11\/Imagen-de-WhatsApp-2024-11-21-a-las-18.43.06_0a6853fc-691x1536.jpg 691w, https:\/\/agora.xtec.cat\/ins-intermunicipal\/wp-content\/uploads\/usu2220\/2024\/11\/Imagen-de-WhatsApp-2024-11-21-a-las-18.43.06_0a6853fc.jpg 720w\" sizes=\"auto, (max-width: 135px) 100vw, 135px\" \/><\/a><\/p>\n","protected":false},"excerpt":{"rendered":"<p>L&#8217;alumnat del CFGS d&#8217;Educaci\u00f3 Infantil i del CFGS d&#8217;Integraci\u00f3 Social ha visitat en els darrers dies el centre de recursos educatius de l&#8217;ONCE, situat a Barcelona. Durant la visita, l&#8217;alumnat ha conegut com funciona el sistema de comunicaci\u00f3 Braille, han pogut utilitzar la m\u00e0quina que&hellip;  <a href=\"https:\/\/agora.xtec.cat\/ins-intermunicipal\/general\/visita-a-les-installacions-de-lonce\/\" title=\"Read Visita a les instal\u00b7lacions de l&#8217;ONCE\">Llegeix m\u00e9s\u00bb<\/a><\/p>\n","protected":false},"author":8,"featured_media":3897,"comment_status":"closed","ping_status":"closed","sticky":false,"template":"","format":"standard","meta":{"_bbp_topic_count":0,"_bbp_reply_count":0,"_bbp_total_topic_count":0,"_bbp_total_reply_count":0,"_bbp_voice_count":0,"_bbp_anonymous_reply_count":0,"_bbp_topic_count_hidden":0,"_bbp_reply_count_hidden":0,"_bbp_forum_subforum_count":0,"footnotes":""},"categories":[30,1,29],"tags":[],"class_list":["post-3890","post","type-post","status-publish","format-standard","has-post-thumbnail","hentry","category-formacio-professional","category-general","category-portada"],"post_mailing_queue_ids":[],"_links":{"self":[{"href":"https:\/\/agora.xtec.cat\/ins-intermunicipal\/wp-json\/wp\/v2\/posts\/3890","targetHints":{"allow":["GET"]}}],"collection":[{"href":"https:\/\/agora.xtec.cat\/ins-intermunicipal\/wp-json\/wp\/v2\/posts"}],"about":[{"href":"https:\/\/agora.xtec.cat\/ins-intermunicipal\/wp-json\/wp\/v2\/types\/post"}],"author":[{"embeddable":true,"href":"https:\/\/agora.xtec.cat\/ins-intermunicipal\/wp-json\/wp\/v2\/users\/8"}],"replies":[{"embeddable":true,"href":"https:\/\/agora.xtec.cat\/ins-intermunicipal\/wp-json\/wp\/v2\/comments?post=3890"}],"version-history":[{"count":2,"href":"https:\/\/agora.xtec.cat\/ins-intermunicipal\/wp-json\/wp\/v2\/posts\/3890\/revisions"}],"predecessor-version":[{"id":3899,"href":"https:\/\/agora.xtec.cat\/ins-intermunicipal\/wp-json\/wp\/v2\/posts\/3890\/revisions\/3899"}],"wp:featuredmedia":[{"embeddable":true,"href":"https:\/\/agora.xtec.cat\/ins-intermunicipal\/wp-json\/wp\/v2\/media\/3897"}],"wp:attachment":[{"href":"https:\/\/agora.xtec.cat\/ins-intermunicipal\/wp-json\/wp\/v2\/media?parent=3890"}],"wp:term":[{"taxonomy":"category","embeddable":true,"href":"https:\/\/agora.xtec.cat\/ins-intermunicipal\/wp-json\/wp\/v2\/categories?post=3890"},{"taxonomy":"post_tag","embeddable":true,"href":"https:\/\/agora.xtec.cat\/ins-intermunicipal\/wp-json\/wp\/v2\/tags?post=3890"}],"curies":[{"name":"wp","href":"https:\/\/api.w.org\/{rel}","templated":true}]}}