{"id":3872,"date":"2024-11-22T12:14:17","date_gmt":"2024-11-22T11:14:17","guid":{"rendered":"https:\/\/agora.xtec.cat\/ins-intermunicipal\/?p=3872"},"modified":"2024-11-22T12:14:17","modified_gmt":"2024-11-22T11:14:17","slug":"estrenem-nous-panells-digitals-interactius","status":"publish","type":"post","link":"https:\/\/agora.xtec.cat\/ins-intermunicipal\/general\/estrenem-nous-panells-digitals-interactius\/","title":{"rendered":"Estrenem nous panells digitals interactius"},"content":{"rendered":"<p style=\"text-align: justify;\">Aquests dies tenim una mica d&#8217;enrenou a les aules perqu\u00e8 estem substituint les velles pissarres de guix per pissarres blanques per retolador i pels nous <a href=\"https:\/\/projectes.xtec.cat\/digital\/equipaments-i-infraestructures\/panells-digitals\/panell-newline\/\" target=\"_blank\" rel=\"noopener\">panells digitals interactius<\/a> de qu\u00e8 se&#8217;ns est\u00e0 dotant des del Departament d&#8217;Educaci\u00f3 i Formaci\u00f3 Professional.<\/p>\n<p style=\"text-align: justify;\">Aula a aula, els operaris estan instal\u00b7lant tant les pissarres com les pantalles digitals i esperem que d&#8217;aqu\u00ed a pocs dies tot el professorat ja les pugui fer servir i tots els alumnes en puguin treure profit.<\/p>\n<p><a href=\"https:\/\/agora.xtec.cat\/ins-intermunicipal\/wp-content\/uploads\/usu2220\/2024\/11\/IMG-20241122-WA0001.jpg\">\u00a0 \u00a0 \u00a0 \u00a0 \u00a0 \u00a0 \u00a0 \u00a0<img loading=\"lazy\" decoding=\"async\" class=\"alignnone wp-image-3875 size-medium\" src=\"https:\/\/agora.xtec.cat\/ins-intermunicipal\/wp-content\/uploads\/usu2220\/2024\/11\/IMG-20241122-WA0001-169x300.jpg\" alt=\"\" width=\"169\" height=\"300\" srcset=\"https:\/\/agora.xtec.cat\/ins-intermunicipal\/wp-content\/uploads\/usu2220\/2024\/11\/IMG-20241122-WA0001-169x300.jpg 169w, https:\/\/agora.xtec.cat\/ins-intermunicipal\/wp-content\/uploads\/usu2220\/2024\/11\/IMG-20241122-WA0001-576x1024.jpg 576w, https:\/\/agora.xtec.cat\/ins-intermunicipal\/wp-content\/uploads\/usu2220\/2024\/11\/IMG-20241122-WA0001-768x1365.jpg 768w, https:\/\/agora.xtec.cat\/ins-intermunicipal\/wp-content\/uploads\/usu2220\/2024\/11\/IMG-20241122-WA0001-864x1536.jpg 864w, https:\/\/agora.xtec.cat\/ins-intermunicipal\/wp-content\/uploads\/usu2220\/2024\/11\/IMG-20241122-WA0001.jpg 1152w\" sizes=\"auto, (max-width: 169px) 100vw, 169px\" \/><\/a><a href=\"https:\/\/agora.xtec.cat\/ins-intermunicipal\/wp-content\/uploads\/usu2220\/2024\/11\/IMG-20241122-WA0000.jpg\"> \u00a0<img loading=\"lazy\" decoding=\"async\" class=\"alignnone wp-image-3874 \" src=\"https:\/\/agora.xtec.cat\/ins-intermunicipal\/wp-content\/uploads\/usu2220\/2024\/11\/IMG-20241122-WA0000-300x169.jpg\" alt=\"\" width=\"533\" height=\"300\" srcset=\"https:\/\/agora.xtec.cat\/ins-intermunicipal\/wp-content\/uploads\/usu2220\/2024\/11\/IMG-20241122-WA0000-300x169.jpg 300w, https:\/\/agora.xtec.cat\/ins-intermunicipal\/wp-content\/uploads\/usu2220\/2024\/11\/IMG-20241122-WA0000-1024x576.jpg 1024w, https:\/\/agora.xtec.cat\/ins-intermunicipal\/wp-content\/uploads\/usu2220\/2024\/11\/IMG-20241122-WA0000-768x432.jpg 768w, https:\/\/agora.xtec.cat\/ins-intermunicipal\/wp-content\/uploads\/usu2220\/2024\/11\/IMG-20241122-WA0000-1536x864.jpg 1536w, https:\/\/agora.xtec.cat\/ins-intermunicipal\/wp-content\/uploads\/usu2220\/2024\/11\/IMG-20241122-WA0000.jpg 2048w\" sizes=\"auto, (max-width: 533px) 100vw, 533px\" \/><\/a><a href=\"https:\/\/agora.xtec.cat\/ins-intermunicipal\/wp-content\/uploads\/usu2220\/2024\/11\/newline.png\"><img loading=\"lazy\" decoding=\"async\" class=\"wp-image-3876  aligncenter\" src=\"https:\/\/agora.xtec.cat\/ins-intermunicipal\/wp-content\/uploads\/usu2220\/2024\/11\/newline-300x261.png\" alt=\"\" width=\"469\" height=\"408\" srcset=\"https:\/\/agora.xtec.cat\/ins-intermunicipal\/wp-content\/uploads\/usu2220\/2024\/11\/newline-300x261.png 300w, https:\/\/agora.xtec.cat\/ins-intermunicipal\/wp-content\/uploads\/usu2220\/2024\/11\/newline.png 511w\" sizes=\"auto, (max-width: 469px) 100vw, 469px\" \/><\/a><\/p>\n<p>&nbsp;<\/p>\n","protected":false},"excerpt":{"rendered":"<p>Aquests dies tenim una mica d&#8217;enrenou a les aules perqu\u00e8 estem substituint les velles pissarres de guix per pissarres blanques per retolador i pels nous <a href=\"https:\/\/projectes.xtec.cat\/digital\/equipaments-i-infraestructures\/panells-digitals\/panell-newline\/\" target=\"_blank\" rel=\"noopener\">panells digitals interactius<\/a> de qu\u00e8 se&#8217;ns est\u00e0 dotant des del Departament d&#8217;Educaci\u00f3 i Formaci\u00f3 Professional.<br \/>\nAula a aula,&hellip;  <a href=\"https:\/\/agora.xtec.cat\/ins-intermunicipal\/general\/estrenem-nous-panells-digitals-interactius\/\" title=\"Read Estrenem nous panells digitals interactius\">Llegeix m\u00e9s\u00bb<\/a><\/p>\n","protected":false},"author":7,"featured_media":3876,"comment_status":"closed","ping_status":"closed","sticky":false,"template":"","format":"standard","meta":{"_bbp_topic_count":0,"_bbp_reply_count":0,"_bbp_total_topic_count":0,"_bbp_total_reply_count":0,"_bbp_voice_count":0,"_bbp_anonymous_reply_count":0,"_bbp_topic_count_hidden":0,"_bbp_reply_count_hidden":0,"_bbp_forum_subforum_count":0,"footnotes":""},"categories":[1,29],"tags":[551,552,550,549],"class_list":["post-3872","post","type-post","status-publish","format-standard","has-post-thumbnail","hentry","category-general","category-portada","tag-panells-digitals","tag-pantalles","tag-pantalles-digitals","tag-pissarres"],"post_mailing_queue_ids":[],"_links":{"self":[{"href":"https:\/\/agora.xtec.cat\/ins-intermunicipal\/wp-json\/wp\/v2\/posts\/3872","targetHints":{"allow":["GET"]}}],"collection":[{"href":"https:\/\/agora.xtec.cat\/ins-intermunicipal\/wp-json\/wp\/v2\/posts"}],"about":[{"href":"https:\/\/agora.xtec.cat\/ins-intermunicipal\/wp-json\/wp\/v2\/types\/post"}],"author":[{"embeddable":true,"href":"https:\/\/agora.xtec.cat\/ins-intermunicipal\/wp-json\/wp\/v2\/users\/7"}],"replies":[{"embeddable":true,"href":"https:\/\/agora.xtec.cat\/ins-intermunicipal\/wp-json\/wp\/v2\/comments?post=3872"}],"version-history":[{"count":4,"href":"https:\/\/agora.xtec.cat\/ins-intermunicipal\/wp-json\/wp\/v2\/posts\/3872\/revisions"}],"predecessor-version":[{"id":3879,"href":"https:\/\/agora.xtec.cat\/ins-intermunicipal\/wp-json\/wp\/v2\/posts\/3872\/revisions\/3879"}],"wp:featuredmedia":[{"embeddable":true,"href":"https:\/\/agora.xtec.cat\/ins-intermunicipal\/wp-json\/wp\/v2\/media\/3876"}],"wp:attachment":[{"href":"https:\/\/agora.xtec.cat\/ins-intermunicipal\/wp-json\/wp\/v2\/media?parent=3872"}],"wp:term":[{"taxonomy":"category","embeddable":true,"href":"https:\/\/agora.xtec.cat\/ins-intermunicipal\/wp-json\/wp\/v2\/categories?post=3872"},{"taxonomy":"post_tag","embeddable":true,"href":"https:\/\/agora.xtec.cat\/ins-intermunicipal\/wp-json\/wp\/v2\/tags?post=3872"}],"curies":[{"name":"wp","href":"https:\/\/api.w.org\/{rel}","templated":true}]}}