{"id":3870,"date":"2024-11-20T17:50:25","date_gmt":"2024-11-20T16:50:25","guid":{"rendered":"https:\/\/agora.xtec.cat\/ins-intermunicipal\/?p=3870"},"modified":"2024-11-20T17:50:25","modified_gmt":"2024-11-20T16:50:25","slug":"ofertes-de-feina-de-lalt-penedes-20-de-novembre","status":"publish","type":"post","link":"https:\/\/agora.xtec.cat\/ins-intermunicipal\/formacio-professional\/feina-fp\/ofertes-de-feina-de-lalt-penedes-20-de-novembre\/","title":{"rendered":"Ofertes de feina de l&#8217;Alt Pened\u00e8s 20 de novembre"},"content":{"rendered":"<p>Compartim amb vosaltres les <a href=\"https:\/\/drive.google.com\/file\/d\/1h0NZTdKbKGZu80QMyTLKBufeQiUrU7oz\/view?usp=sharing\">ofertes de feina actualitzades<\/a> que l\u2019Oficina Municipal del Treball de Vilafranca del Pened\u00e8s ens ha preparat. Trobareu vacants vinculades als estudis que tenim a l\u2019Institut Intermunicipal del Pened\u00e8s. L\u2019oficina ens informa sobre <a href=\"https:\/\/drive.google.com\/file\/d\/15eJRl1dCvUAZoz1alNREGbW9Sia-mggV\/view?usp=sharing\">com s\u2019ha de procedir per formalitzar les inscripcions.<\/a><\/p>\n<p>Tamb\u00e9 ens comunica els cursos o <a href=\"https:\/\/drive.google.com\/file\/d\/1Mfo8gLV8lrWIlWPEyLuNrbp95x_74ifK\/view?usp=sharing\">c\u00e0psules formatives que ofereixen al mes de novembre<\/a>, amb per\u00edode d\u2019inscripci\u00f3. Us detallem un petit resum del contingut de les sessions:<\/p>\n<p><strong>22\/11\/2024<\/strong><\/p>\n<p>ON TROBAR OFERTES DE FEINA: INSCRIU-TE A LES ETT\u2019S<\/p>\n<p>Contactar directament amb les empreses de treball temporal \u00e9s una forma de tenir m\u00e9s possibilitats de trobar feina. Dedicarem aquesta sessi\u00f3 a entendre el funcionament de les seves borses de treball i con\u00e8ixer les passes per a fer efectiva una inscripci\u00f3.<\/p>\n<p><strong>29\/11\/2024<\/strong><\/p>\n<p>CONTACTA AMB LES EMPRESES: AUTOCANDIDATURA<\/p>\n<p>Contactar directament amb les empreses \u00e9s una forma de tenir m\u00e9s possibilitats de trobar feina. Dedicarem aquesta sessi\u00f3 a entendre el funcionament de les seves borses de treball, con\u00e8ixer les passes a seguir per formar-ne part i preparar una autocandidatura.<\/p>\n","protected":false},"excerpt":{"rendered":"<p>Compartim amb vosaltres les <a href=\"https:\/\/drive.google.com\/file\/d\/1h0NZTdKbKGZu80QMyTLKBufeQiUrU7oz\/view?usp=sharing\">ofertes de feina actualitzades<\/a> que l\u2019Oficina Municipal del Treball de Vilafranca del Pened\u00e8s ens ha preparat. Trobareu vacants vinculades als estudis que tenim a l\u2019Institut Intermunicipal del Pened\u00e8s. L\u2019oficina ens informa sobre <a href=\"https:\/\/drive.google.com\/file\/d\/15eJRl1dCvUAZoz1alNREGbW9Sia-mggV\/view?usp=sharing\">com s\u2019ha de procedir per formalitzar les&hellip;  <a href=\"https:\/\/agora.xtec.cat\/ins-intermunicipal\/formacio-professional\/feina-fp\/ofertes-de-feina-de-lalt-penedes-20-de-novembre\/\" title=\"Read Ofertes de feina de l&#8217;Alt Pened\u00e8s 20 de novembre\">Llegeix m\u00e9s\u00bb<\/a><\/p>\n","protected":false},"author":8,"featured_media":0,"comment_status":"closed","ping_status":"closed","sticky":false,"template":"","format":"standard","meta":{"_bbp_topic_count":0,"_bbp_reply_count":0,"_bbp_total_topic_count":0,"_bbp_total_reply_count":0,"_bbp_voice_count":0,"_bbp_anonymous_reply_count":0,"_bbp_topic_count_hidden":0,"_bbp_reply_count_hidden":0,"_bbp_forum_subforum_count":0,"footnotes":""},"categories":[189],"tags":[],"class_list":["post-3870","post","type-post","status-publish","format-standard","hentry","category-feina-fp"],"post_mailing_queue_ids":[],"_links":{"self":[{"href":"https:\/\/agora.xtec.cat\/ins-intermunicipal\/wp-json\/wp\/v2\/posts\/3870","targetHints":{"allow":["GET"]}}],"collection":[{"href":"https:\/\/agora.xtec.cat\/ins-intermunicipal\/wp-json\/wp\/v2\/posts"}],"about":[{"href":"https:\/\/agora.xtec.cat\/ins-intermunicipal\/wp-json\/wp\/v2\/types\/post"}],"author":[{"embeddable":true,"href":"https:\/\/agora.xtec.cat\/ins-intermunicipal\/wp-json\/wp\/v2\/users\/8"}],"replies":[{"embeddable":true,"href":"https:\/\/agora.xtec.cat\/ins-intermunicipal\/wp-json\/wp\/v2\/comments?post=3870"}],"version-history":[{"count":1,"href":"https:\/\/agora.xtec.cat\/ins-intermunicipal\/wp-json\/wp\/v2\/posts\/3870\/revisions"}],"predecessor-version":[{"id":3871,"href":"https:\/\/agora.xtec.cat\/ins-intermunicipal\/wp-json\/wp\/v2\/posts\/3870\/revisions\/3871"}],"wp:attachment":[{"href":"https:\/\/agora.xtec.cat\/ins-intermunicipal\/wp-json\/wp\/v2\/media?parent=3870"}],"wp:term":[{"taxonomy":"category","embeddable":true,"href":"https:\/\/agora.xtec.cat\/ins-intermunicipal\/wp-json\/wp\/v2\/categories?post=3870"},{"taxonomy":"post_tag","embeddable":true,"href":"https:\/\/agora.xtec.cat\/ins-intermunicipal\/wp-json\/wp\/v2\/tags?post=3870"}],"curies":[{"name":"wp","href":"https:\/\/api.w.org\/{rel}","templated":true}]}}