{"id":3856,"date":"2024-11-18T12:14:25","date_gmt":"2024-11-18T11:14:25","guid":{"rendered":"https:\/\/agora.xtec.cat\/ins-intermunicipal\/?p=3856"},"modified":"2024-11-18T12:21:04","modified_gmt":"2024-11-18T11:21:04","slug":"creem-oportunitats-sortida-de-3r-deso-a-mas-alborna","status":"publish","type":"post","link":"https:\/\/agora.xtec.cat\/ins-intermunicipal\/general\/creem-oportunitats-sortida-de-3r-deso-a-mas-alborna\/","title":{"rendered":"CREEM OPORTUNITATS. Sortida de 3r d&#8217;ESO a Mas Alborn\u00e0"},"content":{"rendered":"<p align=\"justify\"><em><span style=\"color: #000000;\">Avui publiquem l&#8217;article que per explicar-nos la sortida dels grups A i B de 3r d&#8217;ESO a la Fundaci\u00f3 Mas Alborn\u00e0 dins del Projecte SolidArt, ha redactat la nostra alumna Fiona Albert Hern\u00e0ndez de 3r A d&#8217;ESO. L&#8217;ha titulat <strong>CREEM OPORTUNITATS. Sortida de l&#8217;alumnat de 3r d&#8217;ESO A i B a Mas Alborn\u00e0 <\/strong>i aqu\u00ed el teniu:<\/span><\/em><\/p>\n<p align=\"justify\"><span style=\"font-family: Arial, sans-serif;\"><span style=\"font-size: medium;\"><a href=\"https:\/\/agora.xtec.cat\/ins-intermunicipal\/wp-content\/uploads\/usu2220\/2024\/11\/Imatge-1-2.png\"><img loading=\"lazy\" decoding=\"async\" class=\"alignleft wp-image-3855 size-medium\" src=\"https:\/\/agora.xtec.cat\/ins-intermunicipal\/wp-content\/uploads\/usu2220\/2024\/11\/Imatge-1-2-300x193.png\" alt=\"\" width=\"300\" height=\"193\" srcset=\"https:\/\/agora.xtec.cat\/ins-intermunicipal\/wp-content\/uploads\/usu2220\/2024\/11\/Imatge-1-2-300x193.png 300w, https:\/\/agora.xtec.cat\/ins-intermunicipal\/wp-content\/uploads\/usu2220\/2024\/11\/Imatge-1-2-1024x659.png 1024w, https:\/\/agora.xtec.cat\/ins-intermunicipal\/wp-content\/uploads\/usu2220\/2024\/11\/Imatge-1-2-768x494.png 768w, https:\/\/agora.xtec.cat\/ins-intermunicipal\/wp-content\/uploads\/usu2220\/2024\/11\/Imatge-1-2.png 1214w\" sizes=\"auto, (max-width: 300px) 100vw, 300px\" \/><\/a>El dilluns 28 d\u2019octubre de 2024, les classes A i B de 3r d\u2019ESO de l\u2019Institut Intermunicipal del Pened\u00e8s varen realitzar una sortida a la <a href=\"https:\/\/masalborna.org\/\" target=\"_blank\" rel=\"noopener\">Fundaci\u00f3 Mas Alborn\u00e0<\/a> de<b> <\/b>Vilafranca del Pened\u00e8s. La finalitat de la sortida era aprendre i obtenir coneixements per al projecte que s\u2019est\u00e0 duent a terme al llarg d\u2019aquest curs anomenat <strong>SolidArt<\/strong>. <\/span><\/span><\/p>\n<p align=\"justify\"><span style=\"font-family: Arial, sans-serif;\"><span style=\"font-size: medium;\"> El nom d\u2019aquest projecte sorgeix de les paraules <\/span><\/span><span style=\"font-family: Arial, sans-serif;\"><span style=\"font-size: medium;\"><i><strong>solidaritat<\/strong> <\/i><\/span><\/span><span style=\"font-family: Arial, sans-serif;\"><span style=\"font-size: medium;\">i <\/span><\/span><strong><span style=\"font-family: Arial, sans-serif;\"><span style=\"font-size: medium;\"><i>art<\/i><\/span><\/span><\/strong><span style=\"font-family: Arial, sans-serif;\"><span style=\"font-size: medium;\">, i t\u00e9 com a finalitat <\/span><\/span><span style=\"font-family: Arial, sans-serif;\"><span style=\"font-size: medium;\"><b>participar amb una entitat sense \u00e0nim de lucre i aportar-li els beneficis<\/b><\/span><\/span> <span style=\"font-family: Arial, sans-serif;\"><span style=\"font-size: medium;\"><b>econ\u00f2mics<\/b><\/span><\/span><span style=\"font-family: Arial, sans-serif;\"><span style=\"font-size: medium;\"> obtinguts en una tasca final del projecte que ser\u00e0 muntar una <\/span><\/span><span style=\"font-family: Arial, sans-serif;\"><span style=\"font-size: medium;\"><b>subhasta<\/b><\/span><\/span> <span style=\"font-family: Arial, sans-serif;\"><span style=\"font-size: medium;\"><b>art\u00edstica<\/b><\/span><\/span><span style=\"font-family: Arial, sans-serif;\"><span style=\"font-size: medium;\">, ajuntant aix\u00ed els dos conceptes principals que li donen nom. Si en voleu saber m\u00e9s, podeu llegir <\/span><\/span><a href=\"https:\/\/agora.xtec.cat\/ins-intermunicipal\/general\/solidart-2024-2025\/\"><span style=\"color: #1155cc;\"><span style=\"font-family: Arial, sans-serif;\"><span style=\"font-size: medium;\"><u>aquest article<\/u><\/span><\/span><\/span><\/a><i> <\/i><span style=\"font-family: Arial, sans-serif;\"><span style=\"font-size: medium;\">que varen escriure unes alumnes de 3r d\u2019ESO a principi de curs explicant-ne els detalls. <\/span><\/span><\/p>\n<p align=\"justify\"><span style=\"font-family: Arial, sans-serif;\"><span style=\"font-size: medium;\">La sortida a Mas Alborn\u00e0 es va dividir en dues parts que es van realitzar de manera separada per classes, i una tercera part que va ser conjunta. <\/span><\/span><\/p>\n<p align=\"justify\"><span style=\"font-family: Arial, sans-serif;\"><span style=\"font-size: medium;\">La primera part va ser la visita al centre de la Fundaci\u00f3 Mas Alborn\u00e0. All\u00e0 es va fer un Kahoot d\u2019introducci\u00f3 per veure el nivell de coneixements del grup, i a continuaci\u00f3 es va dur a terme l\u2019activitat principal i alhora motiu de la sortida: <b>participar en unes quantes de les activitats di\u00e0ries i veure el funcionament <\/b><b>i les rutines<\/b><b>\u00a0dels membres <\/b><b>d\u2019<\/b><b>aquesta<a href=\"https:\/\/agora.xtec.cat\/ins-intermunicipal\/wp-content\/uploads\/usu2220\/2024\/11\/Imatge-2-1-3.png\"><img loading=\"lazy\" decoding=\"async\" class=\"alignright wp-image-3851 size-medium\" src=\"https:\/\/agora.xtec.cat\/ins-intermunicipal\/wp-content\/uploads\/usu2220\/2024\/11\/Imatge-2-1-3-300x225.png\" alt=\"\" width=\"300\" height=\"225\" srcset=\"https:\/\/agora.xtec.cat\/ins-intermunicipal\/wp-content\/uploads\/usu2220\/2024\/11\/Imatge-2-1-3-300x225.png 300w, https:\/\/agora.xtec.cat\/ins-intermunicipal\/wp-content\/uploads\/usu2220\/2024\/11\/Imatge-2-1-3-768x576.png 768w, https:\/\/agora.xtec.cat\/ins-intermunicipal\/wp-content\/uploads\/usu2220\/2024\/11\/Imatge-2-1-3-200x150.png 200w, https:\/\/agora.xtec.cat\/ins-intermunicipal\/wp-content\/uploads\/usu2220\/2024\/11\/Imatge-2-1-3.png 900w\" sizes=\"auto, (max-width: 300px) 100vw, 300px\" \/><\/a> entitat.<\/b> En grups redu\u00efts i en diverses sales, es varen fer activitats com dibuixar i pintar o jugar a jocs de taula. Tot aix\u00f2 va proporcionar als alumnes de 3r d&#8217;ESO una idea b\u00e0sica del centre i les seves caracter\u00edstiques, a m\u00e9s a m\u00e9s de la informaci\u00f3 extra que ens van proporcionar els i les integrants de la fundaci\u00f3, com ara els m\u00e8todes d\u2019organitzaci\u00f3 de les tasques di\u00e0ries \u2014amb horaris iconogr\u00e0fics i visuals\u2014 i les activitats \u2018extraescolars\u2019 que alguns feien. <\/span><\/span><\/p>\n<p align=\"justify\"><span style=\"font-family: Arial, sans-serif;\"><span style=\"font-size: medium;\">Tamb\u00e9 es va veure que la diversitat caracter\u00edstica de Mas Alborn\u00e0 de la qual ja ens havien parlat era certa i clara dins d\u2019aquelles sales on hi ha gent de totes les edats, amb personalitats m\u00e9s semblants o m\u00e9s diferents, per\u00f2 unides per un mateix motiu i causa. <\/span><\/span><\/p>\n<p align=\"justify\"><span style=\"font-family: Arial, sans-serif;\"><span style=\"font-size: medium;\">La segona part es va realitzar en un centre una mica allunyat de l\u2019edifici principal de l\u2019entitat, i va ser all\u00e0 on<a href=\"https:\/\/agora.xtec.cat\/ins-intermunicipal\/wp-content\/uploads\/usu2220\/2024\/11\/imatge-3-1-2.png\"><img loading=\"lazy\" decoding=\"async\" class=\"alignright wp-image-3852 size-medium\" src=\"https:\/\/agora.xtec.cat\/ins-intermunicipal\/wp-content\/uploads\/usu2220\/2024\/11\/imatge-3-1-2-300x225.png\" alt=\"\" width=\"300\" height=\"225\" srcset=\"https:\/\/agora.xtec.cat\/ins-intermunicipal\/wp-content\/uploads\/usu2220\/2024\/11\/imatge-3-1-2-300x225.png 300w, https:\/\/agora.xtec.cat\/ins-intermunicipal\/wp-content\/uploads\/usu2220\/2024\/11\/imatge-3-1-2-768x576.png 768w, https:\/\/agora.xtec.cat\/ins-intermunicipal\/wp-content\/uploads\/usu2220\/2024\/11\/imatge-3-1-2-200x150.png 200w, https:\/\/agora.xtec.cat\/ins-intermunicipal\/wp-content\/uploads\/usu2220\/2024\/11\/imatge-3-1-2.png 900w\" sizes=\"auto, (max-width: 300px) 100vw, 300px\" \/><\/a> l\u2019alumnat de 3r d\u2019ESO va participar d\u2019una manera encara m\u00e9s directa amb les persones que ocupaven aquell espai. A m\u00e9s de ser testimonis de tota mena de manualitats i creacions de gran originalitat, els i les alumnes de tercer van poder crear amb les seves pr\u00f2pies mans una bosseta de sal arom\u00e0tica de roman\u00ed i col\u00b7laborar amb la producci\u00f3 a m\u00e0 de les llibretes que anualment reparteixen a les persones integrants de Mas Alborn\u00e0. En tots dos casos, per\u00f2, es podia observar un mateix fet: la familiaritat entre les monitores, entre les persones integrants de la fundaci\u00f3 i en tot <a href=\"https:\/\/agora.xtec.cat\/ins-intermunicipal\/wp-content\/uploads\/usu2220\/2024\/11\/imatge-4-1-2.png\"><img loading=\"lazy\" decoding=\"async\" class=\"alignleft wp-image-3853 size-medium\" src=\"https:\/\/agora.xtec.cat\/ins-intermunicipal\/wp-content\/uploads\/usu2220\/2024\/11\/imatge-4-1-2-300x225.png\" alt=\"\" width=\"300\" height=\"225\" srcset=\"https:\/\/agora.xtec.cat\/ins-intermunicipal\/wp-content\/uploads\/usu2220\/2024\/11\/imatge-4-1-2-300x225.png 300w, https:\/\/agora.xtec.cat\/ins-intermunicipal\/wp-content\/uploads\/usu2220\/2024\/11\/imatge-4-1-2-768x576.png 768w, https:\/\/agora.xtec.cat\/ins-intermunicipal\/wp-content\/uploads\/usu2220\/2024\/11\/imatge-4-1-2-200x150.png 200w, https:\/\/agora.xtec.cat\/ins-intermunicipal\/wp-content\/uploads\/usu2220\/2024\/11\/imatge-4-1-2.png 900w\" sizes=\"auto, (max-width: 300px) 100vw, 300px\" \/><\/a>el conjunt, que creava una atmosfera que, tot i que potser per a alguns alumnes podia resultar inc\u00f2mode, estava plena de <i>solidaritat<\/i> i, en el cas de les manualitats que varen fer, d\u2019<i>art<\/i>. <\/span><\/span><\/p>\n<p align=\"justify\">\u2018<span style=\"font-family: Arial, sans-serif;\"><span style=\"font-size: medium;\"><b>Creem oportunitats, perqu\u00e8 tothom en mereix les mateixes.\u2019<\/b> <\/span><\/span><\/p>\n<p align=\"justify\"><span style=\"font-family: Arial, sans-serif;\"><span style=\"font-size: medium;\">La tercera part de la sortida va ser una tasca que l\u2019alumnat de 3r d\u2019ESO va realitzar sense les professores i professors, i que va permetre obtenir un gran coneixement sobre la solidaritat en relaci\u00f3 amb les persones. La tasca consistia a fer el nombre m\u00e9s gran d\u2019enquestes a la zona del centre de Vilafranca i veure qu\u00e8 se\u2019n sap de la Fundaci\u00f3 Mas Alborn\u00e0, d\u2019entitats solid\u00e0ries o, tamb\u00e9, preguntar si es participa activament en alguna d\u2019aquestes entitats. <\/span><\/span><\/p>\n<p align=\"justify\"><span style=\"font-family: Arial, sans-serif;\"><span style=\"font-size: medium;\">Amb un total de 584 enquestes, i, per tant, el mateix nombre de persones enquestades, es van traduir les dades obtingudes en gr\u00e0fics i percentatges proporcionals a les respostes donades. En general, la gent es considerava una persona for\u00e7a solid\u00e0ria \u2014entre set i vuit de deu\u2014, tot i que nom\u00e9s un 25,7% del total participaven amb una ESAL (Entitat Sense \u00c0nim de Lucre). L\u2019entitat m\u00e9s anomenada va ser la Creu Roja, amb 28 persones. El fet que fossin <i>tan sols <\/i>28 persones ens remarca que, tot i que era un gran nombre, hi havia molt\u00edssima m\u00e9s diversitat d\u2019entitats, des dels Castellers de Vilafranca \u20145 enquestats, 3,5% del total\u2014, Entrem \u20142 enquestats, 1,4% del total\u2014 fins a Mas Alborn\u00e0 i tot!, \u20142 enquestats tamb\u00e9, i 1,4%.<\/span><\/span><\/p>\n<p style=\"text-align: justify;\" align=\"justify\"><a href=\"https:\/\/agora.xtec.cat\/ins-intermunicipal\/wp-content\/uploads\/usu2220\/2024\/11\/imatge-5-2.png\"><img loading=\"lazy\" decoding=\"async\" class=\"alignnone size-full wp-image-3854\" src=\"https:\/\/agora.xtec.cat\/ins-intermunicipal\/wp-content\/uploads\/usu2220\/2024\/11\/imatge-5-2.png\" alt=\"\" width=\"1012\" height=\"461\" srcset=\"https:\/\/agora.xtec.cat\/ins-intermunicipal\/wp-content\/uploads\/usu2220\/2024\/11\/imatge-5-2.png 1012w, https:\/\/agora.xtec.cat\/ins-intermunicipal\/wp-content\/uploads\/usu2220\/2024\/11\/imatge-5-2-300x137.png 300w, https:\/\/agora.xtec.cat\/ins-intermunicipal\/wp-content\/uploads\/usu2220\/2024\/11\/imatge-5-2-768x350.png 768w\" sizes=\"auto, (max-width: 1012px) 100vw, 1012px\" \/><\/a><span style=\"font-family: Arial, sans-serif;\"><span style=\"font-size: medium;\">I, anomenant Mas Alborn\u00e0, una de les preguntes de l\u2019enquesta era si la persona enquestada coneixia o, almenys, li sonava el nom d\u2019aquesta entitat. I efectivament, l\u2019entitat sense \u00e0nim de lucre situada a Vilafranca era coneguda pel 65,3% de les 584 respostes i, concretament, un 66,6% d\u2019aquest total coneixia el col\u00b7lectiu pel qual treballava, les persones amb discapacitats. Tot i que va ser m\u00e9s de la meitat, no tothom coneixia la important tasca de Mas Alborn\u00e0 i, despr\u00e9s de la breu explicaci\u00f3 que l\u2019alumnat de 3<sup>r<\/sup> d\u2019ESO els va proporcionar, gaireb\u00e9 tres-centes persones van coincidir en un mateix fet: la seva tasca \u00e9s de deu sobre deu. I \u00e9s que aquesta va ser la darrera pregunta: <i>Com d\u2019important consideres la tasca que fa Mas Alborn\u00e0 al territori? <\/i><\/span><\/span><\/p>\n<p style=\"text-align: justify;\" align=\"justify\"><span style=\"font-family: Arial, sans-serif;\"><span style=\"font-size: medium;\">I tu? Com d\u2019important la consideres, aquesta tasca? <\/span><\/span><\/p>\n","protected":false},"excerpt":{"rendered":"<p>Avui publiquem l&#8217;article que per explicar-nos la sortida dels grups A i B de 3r d&#8217;ESO a la Fundaci\u00f3 Mas Alborn\u00e0 dins del Projecte SolidArt, ha redactat la nostra alumna Fiona Albert Hern\u00e0ndez de 3r A d&#8217;ESO. L&#8217;ha titulat CREEM OPORTUNITATS. Sortida de l&#8217;alumnat de&hellip;  <a href=\"https:\/\/agora.xtec.cat\/ins-intermunicipal\/general\/creem-oportunitats-sortida-de-3r-deso-a-mas-alborna\/\" title=\"Read CREEM OPORTUNITATS. Sortida de 3r d&#8217;ESO a Mas Alborn\u00e0\">Llegeix m\u00e9s\u00bb<\/a><\/p>\n","protected":false},"author":7,"featured_media":3851,"comment_status":"closed","ping_status":"closed","sticky":false,"template":"","format":"standard","meta":{"_bbp_topic_count":0,"_bbp_reply_count":0,"_bbp_total_topic_count":0,"_bbp_total_reply_count":0,"_bbp_voice_count":0,"_bbp_anonymous_reply_count":0,"_bbp_topic_count_hidden":0,"_bbp_reply_count_hidden":0,"_bbp_forum_subforum_count":0,"footnotes":""},"categories":[6,19,20,1,29],"tags":[464,548,462,526,460],"class_list":["post-3856","post","type-post","status-publish","format-standard","has-post-thumbnail","hentry","category-3eso","category-3esoa","category-3esob","category-general","category-portada","tag-art","tag-fiona-albert-hernandez","tag-fundacio-mas-alborna","tag-solidaritat","tag-solidart"],"post_mailing_queue_ids":[],"_links":{"self":[{"href":"https:\/\/agora.xtec.cat\/ins-intermunicipal\/wp-json\/wp\/v2\/posts\/3856","targetHints":{"allow":["GET"]}}],"collection":[{"href":"https:\/\/agora.xtec.cat\/ins-intermunicipal\/wp-json\/wp\/v2\/posts"}],"about":[{"href":"https:\/\/agora.xtec.cat\/ins-intermunicipal\/wp-json\/wp\/v2\/types\/post"}],"author":[{"embeddable":true,"href":"https:\/\/agora.xtec.cat\/ins-intermunicipal\/wp-json\/wp\/v2\/users\/7"}],"replies":[{"embeddable":true,"href":"https:\/\/agora.xtec.cat\/ins-intermunicipal\/wp-json\/wp\/v2\/comments?post=3856"}],"version-history":[{"count":6,"href":"https:\/\/agora.xtec.cat\/ins-intermunicipal\/wp-json\/wp\/v2\/posts\/3856\/revisions"}],"predecessor-version":[{"id":3868,"href":"https:\/\/agora.xtec.cat\/ins-intermunicipal\/wp-json\/wp\/v2\/posts\/3856\/revisions\/3868"}],"wp:featuredmedia":[{"embeddable":true,"href":"https:\/\/agora.xtec.cat\/ins-intermunicipal\/wp-json\/wp\/v2\/media\/3851"}],"wp:attachment":[{"href":"https:\/\/agora.xtec.cat\/ins-intermunicipal\/wp-json\/wp\/v2\/media?parent=3856"}],"wp:term":[{"taxonomy":"category","embeddable":true,"href":"https:\/\/agora.xtec.cat\/ins-intermunicipal\/wp-json\/wp\/v2\/categories?post=3856"},{"taxonomy":"post_tag","embeddable":true,"href":"https:\/\/agora.xtec.cat\/ins-intermunicipal\/wp-json\/wp\/v2\/tags?post=3856"}],"curies":[{"name":"wp","href":"https:\/\/api.w.org\/{rel}","templated":true}]}}