{"id":3801,"date":"2024-11-13T15:52:13","date_gmt":"2024-11-13T14:52:13","guid":{"rendered":"https:\/\/agora.xtec.cat\/ins-intermunicipal\/?p=3801"},"modified":"2024-11-14T09:52:38","modified_gmt":"2024-11-14T08:52:38","slug":"recapta-de-productes-i-aliments-infantils-a-linter","status":"publish","type":"post","link":"https:\/\/agora.xtec.cat\/ins-intermunicipal\/general\/recapta-de-productes-i-aliments-infantils-a-linter\/","title":{"rendered":"Recollida de productes i aliments infantils a l&#8217;\u00cdnter"},"content":{"rendered":"<p><a href=\"https:\/\/agora.xtec.cat\/ins-intermunicipal\/wp-content\/uploads\/usu2220\/2024\/11\/20241113_114508.jpg\"><img loading=\"lazy\" decoding=\"async\" class=\"size-medium wp-image-3803 alignright\" src=\"https:\/\/agora.xtec.cat\/ins-intermunicipal\/wp-content\/uploads\/usu2220\/2024\/11\/20241113_114508-216x300.jpg\" alt=\"\" width=\"216\" height=\"300\" srcset=\"https:\/\/agora.xtec.cat\/ins-intermunicipal\/wp-content\/uploads\/usu2220\/2024\/11\/20241113_114508-216x300.jpg 216w, https:\/\/agora.xtec.cat\/ins-intermunicipal\/wp-content\/uploads\/usu2220\/2024\/11\/20241113_114508-738x1024.jpg 738w, https:\/\/agora.xtec.cat\/ins-intermunicipal\/wp-content\/uploads\/usu2220\/2024\/11\/20241113_114508-768x1065.jpg 768w, https:\/\/agora.xtec.cat\/ins-intermunicipal\/wp-content\/uploads\/usu2220\/2024\/11\/20241113_114508-1107x1536.jpg 1107w, https:\/\/agora.xtec.cat\/ins-intermunicipal\/wp-content\/uploads\/usu2220\/2024\/11\/20241113_114508-1476x2048.jpg 1476w, https:\/\/agora.xtec.cat\/ins-intermunicipal\/wp-content\/uploads\/usu2220\/2024\/11\/20241113_114508.jpg 1784w\" sizes=\"auto, (max-width: 216px) 100vw, 216px\" \/><\/a><span style=\"font-family: inherit; font-size: 1em; color: #222222;\">Dimecres vinent, 20 de novembre, \u00e9s el dia universal de la inf\u00e0ncia. L&#8217;ONU celebra aquest dia, en commemoraci\u00f3 de l&#8217;aprovaci\u00f3 de la Declaraci\u00f3 dels Drets del Nen l&#8217;any 1959 i de la Convenci\u00f3 sobre els Drets de l&#8217;infant el 1989. Els cursos de primer i segon del CFGS d&#8217;Educaci\u00f3 Infantil estan aquests dies treballant a l&#8217;aula per donar valor a aquesta data amb accions vinculades a la protecci\u00f3 de l&#8217;infant. La feina s&#8217;est\u00e0 duent a terme, concretament, a<\/span><span style=\"font-family: inherit; font-size: 1em; color: #222222;\">ls m\u00f2duls de Did\u00e0ctica de primer i Intervenci\u00f3 amb fam\u00edlies i infants en situaci\u00f3 de risc, de segon, en qu\u00e8 es treballen els drets dels infants, la detecci\u00f3 i l&#8217;actuaci\u00f3 de diferents maltractaments. <\/span>Una de les tasques a fer \u00e9s la creaci\u00f3 dels cartells que s&#8217;exposaran a la Sala Infantil de la Biblioteca de Sant Sadurn\u00ed i al Centre Vilarnau i que estaran en aquestes instal\u00b7lacions del 20 al 30 de novembre.<br \/>\nA m\u00e9s a m\u00e9s, l&#8217;alumnat i equip docent del CFGS d&#8217;Educaci\u00f3 Infantil est\u00e0 impulsant un recapte d&#8217;aliments i productes infantils, tenint en compte la proximitat del Gran Recapte d&#8217;aliments que es duu a terme a finals de novembre. Una comissi\u00f3 d&#8217;alumnat de primer curs d&#8217;Educaci\u00f3 Infantil, que gestiona el recapte, n&#8217;ha fet difusi\u00f3 ja a totes les classes d&#8217;FP i l&#8217;aula d&#8217;acollida d&#8217;ESO, que s&#8217;ha sumat a la iniciativa, far\u00e0 dem\u00e0, dijous, una difusi\u00f3 de la campanya entre l&#8217;alumnat d&#8217;ESO i Batxillerat per tal de convidar a tothom a participar-hi. Les organitzadores han estat repartint capses de cart\u00f3 a les classes, tasca que es far\u00e0 tamb\u00e9 a les classes d&#8217;ESO i Batxillerat dem\u00e0. Les dates per deixar els productes i aliments infantils ser\u00e0 entre el 13 al 20 de novembre i posteriorment tot el que es pugui recollir ser\u00e0 lliurat a C\u00e0ritas de Sant Sadurn\u00ed d&#8217;Anoia.<\/p>\n<p>Us animem a participar-hi.<\/p>\n","protected":false},"excerpt":{"rendered":"<p><a href=\"https:\/\/agora.xtec.cat\/ins-intermunicipal\/wp-content\/uploads\/usu2220\/2024\/11\/20241113_114508.jpg\"><\/a>Dimecres vinent, 20 de novembre, \u00e9s el dia universal de la inf\u00e0ncia. L&#8217;ONU celebra aquest dia, en commemoraci\u00f3 de l&#8217;aprovaci\u00f3 de la Declaraci\u00f3 dels Drets del Nen l&#8217;any 1959 i de la Convenci\u00f3 sobre els Drets de l&#8217;infant el 1989. Els cursos de primer&hellip;  <a href=\"https:\/\/agora.xtec.cat\/ins-intermunicipal\/general\/recapta-de-productes-i-aliments-infantils-a-linter\/\" title=\"Read Recollida de productes i aliments infantils a l&#8217;\u00cdnter\">Llegeix m\u00e9s\u00bb<\/a><\/p>\n","protected":false},"author":8,"featured_media":3810,"comment_status":"closed","ping_status":"closed","sticky":false,"template":"","format":"standard","meta":{"_bbp_topic_count":0,"_bbp_reply_count":0,"_bbp_total_topic_count":0,"_bbp_total_reply_count":0,"_bbp_voice_count":0,"_bbp_anonymous_reply_count":0,"_bbp_topic_count_hidden":0,"_bbp_reply_count_hidden":0,"_bbp_forum_subforum_count":0,"footnotes":""},"categories":[30,1,29],"tags":[],"class_list":["post-3801","post","type-post","status-publish","format-standard","has-post-thumbnail","hentry","category-formacio-professional","category-general","category-portada"],"post_mailing_queue_ids":[],"_links":{"self":[{"href":"https:\/\/agora.xtec.cat\/ins-intermunicipal\/wp-json\/wp\/v2\/posts\/3801","targetHints":{"allow":["GET"]}}],"collection":[{"href":"https:\/\/agora.xtec.cat\/ins-intermunicipal\/wp-json\/wp\/v2\/posts"}],"about":[{"href":"https:\/\/agora.xtec.cat\/ins-intermunicipal\/wp-json\/wp\/v2\/types\/post"}],"author":[{"embeddable":true,"href":"https:\/\/agora.xtec.cat\/ins-intermunicipal\/wp-json\/wp\/v2\/users\/8"}],"replies":[{"embeddable":true,"href":"https:\/\/agora.xtec.cat\/ins-intermunicipal\/wp-json\/wp\/v2\/comments?post=3801"}],"version-history":[{"count":6,"href":"https:\/\/agora.xtec.cat\/ins-intermunicipal\/wp-json\/wp\/v2\/posts\/3801\/revisions"}],"predecessor-version":[{"id":3818,"href":"https:\/\/agora.xtec.cat\/ins-intermunicipal\/wp-json\/wp\/v2\/posts\/3801\/revisions\/3818"}],"wp:featuredmedia":[{"embeddable":true,"href":"https:\/\/agora.xtec.cat\/ins-intermunicipal\/wp-json\/wp\/v2\/media\/3810"}],"wp:attachment":[{"href":"https:\/\/agora.xtec.cat\/ins-intermunicipal\/wp-json\/wp\/v2\/media?parent=3801"}],"wp:term":[{"taxonomy":"category","embeddable":true,"href":"https:\/\/agora.xtec.cat\/ins-intermunicipal\/wp-json\/wp\/v2\/categories?post=3801"},{"taxonomy":"post_tag","embeddable":true,"href":"https:\/\/agora.xtec.cat\/ins-intermunicipal\/wp-json\/wp\/v2\/tags?post=3801"}],"curies":[{"name":"wp","href":"https:\/\/api.w.org\/{rel}","templated":true}]}}