{"id":3796,"date":"2024-11-12T10:56:21","date_gmt":"2024-11-12T09:56:21","guid":{"rendered":"https:\/\/agora.xtec.cat\/ins-intermunicipal\/?p=3796"},"modified":"2024-11-12T10:56:21","modified_gmt":"2024-11-12T09:56:21","slug":"linter-suneix-a-la-campanya-de-recollida-de-material-pel-pais-valencia","status":"publish","type":"post","link":"https:\/\/agora.xtec.cat\/ins-intermunicipal\/general\/linter-suneix-a-la-campanya-de-recollida-de-material-pel-pais-valencia\/","title":{"rendered":"L&#8217;\u00cdnter s&#8217;uneix a la campanya de recollida de material pel Pa\u00eds Valenci\u00e0"},"content":{"rendered":"<p>L&#8217;\u00cdnter se suma a la campanya de recollida de material que entitats i Ajuntaments de tot Catalunya estan fent per enviar al Pa\u00eds Valenci\u00e0. Us destaquem qu\u00e8 cal enviar per si podeu col\u00b7laborar.<\/p>\n<p><a href=\"https:\/\/agora.xtec.cat\/ins-intermunicipal\/wp-content\/uploads\/usu2220\/2024\/11\/Ajudem-al-Pais-Valencia.png\"><img loading=\"lazy\" decoding=\"async\" class=\"alignnone size-full wp-image-3799\" src=\"https:\/\/agora.xtec.cat\/ins-intermunicipal\/wp-content\/uploads\/usu2220\/2024\/11\/Ajudem-al-Pais-Valencia.png\" alt=\"\" width=\"972\" height=\"913\" srcset=\"https:\/\/agora.xtec.cat\/ins-intermunicipal\/wp-content\/uploads\/usu2220\/2024\/11\/Ajudem-al-Pais-Valencia.png 972w, https:\/\/agora.xtec.cat\/ins-intermunicipal\/wp-content\/uploads\/usu2220\/2024\/11\/Ajudem-al-Pais-Valencia-300x282.png 300w, https:\/\/agora.xtec.cat\/ins-intermunicipal\/wp-content\/uploads\/usu2220\/2024\/11\/Ajudem-al-Pais-Valencia-768x721.png 768w\" sizes=\"auto, (max-width: 972px) 100vw, 972px\" \/><\/a><\/p>\n","protected":false},"excerpt":{"rendered":"<p>L&#8217;\u00cdnter se suma a la campanya de recollida de material que entitats i Ajuntaments de tot Catalunya estan fent per enviar al Pa\u00eds Valenci\u00e0. Us destaquem qu\u00e8 cal enviar per si podeu col\u00b7laborar.<br \/>\n<a href=\"https:\/\/agora.xtec.cat\/ins-intermunicipal\/wp-content\/uploads\/usu2220\/2024\/11\/Ajudem-al-Pais-Valencia.png\"><\/a><\/p>\n","protected":false},"author":8,"featured_media":3463,"comment_status":"closed","ping_status":"closed","sticky":false,"template":"","format":"standard","meta":{"_bbp_topic_count":0,"_bbp_reply_count":0,"_bbp_total_topic_count":0,"_bbp_total_reply_count":0,"_bbp_voice_count":0,"_bbp_anonymous_reply_count":0,"_bbp_topic_count_hidden":0,"_bbp_reply_count_hidden":0,"_bbp_forum_subforum_count":0,"footnotes":""},"categories":[30,1,29],"tags":[],"class_list":["post-3796","post","type-post","status-publish","format-standard","has-post-thumbnail","hentry","category-formacio-professional","category-general","category-portada"],"post_mailing_queue_ids":[],"_links":{"self":[{"href":"https:\/\/agora.xtec.cat\/ins-intermunicipal\/wp-json\/wp\/v2\/posts\/3796","targetHints":{"allow":["GET"]}}],"collection":[{"href":"https:\/\/agora.xtec.cat\/ins-intermunicipal\/wp-json\/wp\/v2\/posts"}],"about":[{"href":"https:\/\/agora.xtec.cat\/ins-intermunicipal\/wp-json\/wp\/v2\/types\/post"}],"author":[{"embeddable":true,"href":"https:\/\/agora.xtec.cat\/ins-intermunicipal\/wp-json\/wp\/v2\/users\/8"}],"replies":[{"embeddable":true,"href":"https:\/\/agora.xtec.cat\/ins-intermunicipal\/wp-json\/wp\/v2\/comments?post=3796"}],"version-history":[{"count":1,"href":"https:\/\/agora.xtec.cat\/ins-intermunicipal\/wp-json\/wp\/v2\/posts\/3796\/revisions"}],"predecessor-version":[{"id":3800,"href":"https:\/\/agora.xtec.cat\/ins-intermunicipal\/wp-json\/wp\/v2\/posts\/3796\/revisions\/3800"}],"wp:featuredmedia":[{"embeddable":true,"href":"https:\/\/agora.xtec.cat\/ins-intermunicipal\/wp-json\/wp\/v2\/media\/3463"}],"wp:attachment":[{"href":"https:\/\/agora.xtec.cat\/ins-intermunicipal\/wp-json\/wp\/v2\/media?parent=3796"}],"wp:term":[{"taxonomy":"category","embeddable":true,"href":"https:\/\/agora.xtec.cat\/ins-intermunicipal\/wp-json\/wp\/v2\/categories?post=3796"},{"taxonomy":"post_tag","embeddable":true,"href":"https:\/\/agora.xtec.cat\/ins-intermunicipal\/wp-json\/wp\/v2\/tags?post=3796"}],"curies":[{"name":"wp","href":"https:\/\/api.w.org\/{rel}","templated":true}]}}