{"id":3791,"date":"2024-11-08T19:26:21","date_gmt":"2024-11-08T18:26:21","guid":{"rendered":"https:\/\/agora.xtec.cat\/ins-intermunicipal\/?p=3791"},"modified":"2024-11-08T19:29:09","modified_gmt":"2024-11-08T18:29:09","slug":"minut-de-silenci-per-lefecte-de-la-dana-al-pais-valencia","status":"publish","type":"post","link":"https:\/\/agora.xtec.cat\/ins-intermunicipal\/general\/minut-de-silenci-per-lefecte-de-la-dana-al-pais-valencia\/","title":{"rendered":"Minut de silenci per l&#8217;efecte de la DANA al Pa\u00eds Valenci\u00e0"},"content":{"rendered":"<p><a href=\"https:\/\/agora.xtec.cat\/ins-intermunicipal\/wp-content\/uploads\/usu2220\/2024\/11\/Imatge-de-WhatsApp-2024-11-08-a-les-19.08.17_5862e8d7.jpg\"><img loading=\"lazy\" decoding=\"async\" class=\"size-large wp-image-3793 alignright\" src=\"https:\/\/agora.xtec.cat\/ins-intermunicipal\/wp-content\/uploads\/usu2220\/2024\/11\/Imatge-de-WhatsApp-2024-11-08-a-les-19.08.17_5862e8d7-1024x461.jpg\" alt=\"\" width=\"1024\" height=\"461\" srcset=\"https:\/\/agora.xtec.cat\/ins-intermunicipal\/wp-content\/uploads\/usu2220\/2024\/11\/Imatge-de-WhatsApp-2024-11-08-a-les-19.08.17_5862e8d7-1024x461.jpg 1024w, https:\/\/agora.xtec.cat\/ins-intermunicipal\/wp-content\/uploads\/usu2220\/2024\/11\/Imatge-de-WhatsApp-2024-11-08-a-les-19.08.17_5862e8d7-300x135.jpg 300w, https:\/\/agora.xtec.cat\/ins-intermunicipal\/wp-content\/uploads\/usu2220\/2024\/11\/Imatge-de-WhatsApp-2024-11-08-a-les-19.08.17_5862e8d7-768x346.jpg 768w, https:\/\/agora.xtec.cat\/ins-intermunicipal\/wp-content\/uploads\/usu2220\/2024\/11\/Imatge-de-WhatsApp-2024-11-08-a-les-19.08.17_5862e8d7-1536x691.jpg 1536w, https:\/\/agora.xtec.cat\/ins-intermunicipal\/wp-content\/uploads\/usu2220\/2024\/11\/Imatge-de-WhatsApp-2024-11-08-a-les-19.08.17_5862e8d7.jpg 2000w\" sizes=\"auto, (max-width: 1024px) 100vw, 1024px\" \/><\/a>L&#8217;alumnat, l&#8217;equip docent i l&#8217;equip de serveis administratius i neteja han aturat avui per uns moments la seva activitat per fer tots junts un minut de silenci i mostrar la solidaritat de l&#8217;\u00cdnter pel desastre causat per la DANA, que a hores d&#8217;ara s&#8217;ha emportat 219 vides i ha arrasat diverses zones de la demarcaci\u00f3 de Val\u00e8ncia.<\/p>\n<p>L&#8217;alumnat ha dif\u00f3s un comunicat de suport a les fam\u00edlies afectades amb un text que s&#8217;ha llegit al pati del centre i que reprodu\u00efm aqu\u00ed.<\/p>\n<p>&#8220;Un desastre que es va iniciar el dimarts 29 d\u2019octubre a causa d&#8217;un gran temporal que avui dia deixat unes destrosses materials en la ciutat de Val\u00e8ncia i altres pobles de la zona com Torrent, Paiporta, Chiva, Cheste, Utiel i Requena, que en l\u2019actualitat no ha pogut ser calculat degut als grans danys en habitatges, vehicles, en magatzems, botigues, tallers\u2026Per\u00f2 els danys m\u00e9s greus s\u00f3n aquells que signifiquen les perdudes de vides humanes. Som conscients que aquests danys s\u00f3n en part deguts per la magnitud de la calamitat, per\u00f2 tamb\u00e9 per l\u2019actitud err\u00e0tica de les autoritats governamentals de la Comunitat Valenciana i tamb\u00e9 de l\u2019administraci\u00f3 central. No obstant aix\u00f2, hi ha una ajuda que no va fallar tot i que no estava planificada, l\u2019ajuda de l\u2019empatia del poble. Perqu\u00e8 parafrasejant el poeta Antonio Machado \u201csols el poble, salva el poble\u201d. Una ajuda solid\u00e0ria de la qual l\u2019alumnat, professorat i treballadors de l\u2019Inter ens sumem per elevar aquest crit de just\u00edcia social. Per aix\u00f2, volem sol\u00b7licitar a l&#8217;equip directiu l\u2019oportunitat d\u2019establir un punt de recollida, de material o ajuda econ\u00f2mica, dins del centre escolar. Potser podeu pensar que \u00e9s nom\u00e9s un granet de sorra comparat amb la gran cat\u00e0strofe, tanmateix, el granet d\u2019una persona pot sumar-se amb el granet d\u2019un altre individu, fent entre tots i totes\u2026 una muntanya que no es pot enderrocar per cap tempesta&#8221;.<\/p>\n","protected":false},"excerpt":{"rendered":"<p><a href=\"https:\/\/agora.xtec.cat\/ins-intermunicipal\/wp-content\/uploads\/usu2220\/2024\/11\/Imatge-de-WhatsApp-2024-11-08-a-les-19.08.17_5862e8d7.jpg\"><\/a>L&#8217;alumnat, l&#8217;equip docent i l&#8217;equip de serveis administratius i neteja han aturat avui per uns moments la seva activitat per fer tots junts un minut de silenci i mostrar la solidaritat de l&#8217;\u00cdnter pel desastre causat per la DANA, que a hores d&#8217;ara s&#8217;ha&hellip;  <a href=\"https:\/\/agora.xtec.cat\/ins-intermunicipal\/general\/minut-de-silenci-per-lefecte-de-la-dana-al-pais-valencia\/\" title=\"Read Minut de silenci per l&#8217;efecte de la DANA al Pa\u00eds Valenci\u00e0\">Llegeix m\u00e9s\u00bb<\/a><\/p>\n","protected":false},"author":8,"featured_media":3792,"comment_status":"closed","ping_status":"closed","sticky":false,"template":"","format":"standard","meta":{"_bbp_topic_count":0,"_bbp_reply_count":0,"_bbp_total_topic_count":0,"_bbp_total_reply_count":0,"_bbp_voice_count":0,"_bbp_anonymous_reply_count":0,"_bbp_topic_count_hidden":0,"_bbp_reply_count_hidden":0,"_bbp_forum_subforum_count":0,"footnotes":""},"categories":[30,1,29],"tags":[],"class_list":["post-3791","post","type-post","status-publish","format-standard","has-post-thumbnail","hentry","category-formacio-professional","category-general","category-portada"],"post_mailing_queue_ids":[],"_links":{"self":[{"href":"https:\/\/agora.xtec.cat\/ins-intermunicipal\/wp-json\/wp\/v2\/posts\/3791","targetHints":{"allow":["GET"]}}],"collection":[{"href":"https:\/\/agora.xtec.cat\/ins-intermunicipal\/wp-json\/wp\/v2\/posts"}],"about":[{"href":"https:\/\/agora.xtec.cat\/ins-intermunicipal\/wp-json\/wp\/v2\/types\/post"}],"author":[{"embeddable":true,"href":"https:\/\/agora.xtec.cat\/ins-intermunicipal\/wp-json\/wp\/v2\/users\/8"}],"replies":[{"embeddable":true,"href":"https:\/\/agora.xtec.cat\/ins-intermunicipal\/wp-json\/wp\/v2\/comments?post=3791"}],"version-history":[{"count":2,"href":"https:\/\/agora.xtec.cat\/ins-intermunicipal\/wp-json\/wp\/v2\/posts\/3791\/revisions"}],"predecessor-version":[{"id":3795,"href":"https:\/\/agora.xtec.cat\/ins-intermunicipal\/wp-json\/wp\/v2\/posts\/3791\/revisions\/3795"}],"wp:featuredmedia":[{"embeddable":true,"href":"https:\/\/agora.xtec.cat\/ins-intermunicipal\/wp-json\/wp\/v2\/media\/3792"}],"wp:attachment":[{"href":"https:\/\/agora.xtec.cat\/ins-intermunicipal\/wp-json\/wp\/v2\/media?parent=3791"}],"wp:term":[{"taxonomy":"category","embeddable":true,"href":"https:\/\/agora.xtec.cat\/ins-intermunicipal\/wp-json\/wp\/v2\/categories?post=3791"},{"taxonomy":"post_tag","embeddable":true,"href":"https:\/\/agora.xtec.cat\/ins-intermunicipal\/wp-json\/wp\/v2\/tags?post=3791"}],"curies":[{"name":"wp","href":"https:\/\/api.w.org\/{rel}","templated":true}]}}