{"id":3786,"date":"2024-11-08T17:52:43","date_gmt":"2024-11-08T16:52:43","guid":{"rendered":"https:\/\/agora.xtec.cat\/ins-intermunicipal\/?p=3786"},"modified":"2024-11-08T17:53:37","modified_gmt":"2024-11-08T16:53:37","slug":"limma-rigual-visita-lalummat-del-cfgs-deducacio-infantil","status":"publish","type":"post","link":"https:\/\/agora.xtec.cat\/ins-intermunicipal\/general\/limma-rigual-visita-lalummat-del-cfgs-deducacio-infantil\/","title":{"rendered":"L&#8217;Imma Rigual visita l&#8217;alummat del CFGS d&#8217;Educaci\u00f3 Infantil"},"content":{"rendered":"<p>L&#8217;Imma Rigual, educadora infantil i exalumna del CFGS d&#8217;Educaci\u00f3 Infantil de l&#8217;Institut Intermunicipal del Pened\u00e8s, ha presentat aquesta setmana les bases del M\u00e8tode Montessori a l&#8217;alumnat de primer curs del m\u00f2dul de Did\u00e0ctica d&#8217;Educaci\u00f3 Infantil.<br \/>\nL&#8217;Imma est\u00e0 treballant com a educadora de llar d&#8217;infants i s&#8217;ha format com a assistent Montessori. Ens ha parlat amb molt d&#8217;entusiasme d&#8217;aquesta metodologia que posa a l&#8217;infant al centre, de l&#8217;acompanyament de l&#8217;adult i de l&#8217;ambient preparat. Ens ha deixat aquestes paraules de Maria Montessori que ens permeten reflexionar: \u201cNo em seguiu a mi, seguiu l\u2019infant!\u201d.<a href=\"https:\/\/agora.xtec.cat\/ins-intermunicipal\/wp-content\/uploads\/usu2220\/2024\/11\/20241107_212537-scaled.jpg\"><img loading=\"lazy\" decoding=\"async\" class=\"alignnone size-large wp-image-3787\" src=\"https:\/\/agora.xtec.cat\/ins-intermunicipal\/wp-content\/uploads\/usu2220\/2024\/11\/20241107_212537-1024x1024.jpg\" alt=\"\" width=\"1024\" height=\"1024\" srcset=\"https:\/\/agora.xtec.cat\/ins-intermunicipal\/wp-content\/uploads\/usu2220\/2024\/11\/20241107_212537-1024x1024.jpg 1024w, https:\/\/agora.xtec.cat\/ins-intermunicipal\/wp-content\/uploads\/usu2220\/2024\/11\/20241107_212537-300x300.jpg 300w, https:\/\/agora.xtec.cat\/ins-intermunicipal\/wp-content\/uploads\/usu2220\/2024\/11\/20241107_212537-150x150.jpg 150w, https:\/\/agora.xtec.cat\/ins-intermunicipal\/wp-content\/uploads\/usu2220\/2024\/11\/20241107_212537-768x768.jpg 768w, https:\/\/agora.xtec.cat\/ins-intermunicipal\/wp-content\/uploads\/usu2220\/2024\/11\/20241107_212537-1536x1536.jpg 1536w, https:\/\/agora.xtec.cat\/ins-intermunicipal\/wp-content\/uploads\/usu2220\/2024\/11\/20241107_212537-2048x2048.jpg 2048w\" sizes=\"auto, (max-width: 1024px) 100vw, 1024px\" \/><\/a><\/p>\n","protected":false},"excerpt":{"rendered":"<p>L&#8217;Imma Rigual, educadora infantil i exalumna del CFGS d&#8217;Educaci\u00f3 Infantil de l&#8217;Institut Intermunicipal del Pened\u00e8s, ha presentat aquesta setmana les bases del M\u00e8tode Montessori a l&#8217;alumnat de primer curs del m\u00f2dul de Did\u00e0ctica d&#8217;Educaci\u00f3 Infantil.<br \/>\nL&#8217;Imma est\u00e0 treballant com a educadora de llar d&#8217;infants i s&#8217;ha&hellip;  <a href=\"https:\/\/agora.xtec.cat\/ins-intermunicipal\/general\/limma-rigual-visita-lalummat-del-cfgs-deducacio-infantil\/\" title=\"Read L&#8217;Imma Rigual visita l&#8217;alummat del CFGS d&#8217;Educaci\u00f3 Infantil\">Llegeix m\u00e9s\u00bb<\/a><\/p>\n","protected":false},"author":8,"featured_media":3788,"comment_status":"closed","ping_status":"closed","sticky":false,"template":"","format":"standard","meta":{"_bbp_topic_count":0,"_bbp_reply_count":0,"_bbp_total_topic_count":0,"_bbp_total_reply_count":0,"_bbp_voice_count":0,"_bbp_anonymous_reply_count":0,"_bbp_topic_count_hidden":0,"_bbp_reply_count_hidden":0,"_bbp_forum_subforum_count":0,"footnotes":""},"categories":[30,1,29],"tags":[],"class_list":["post-3786","post","type-post","status-publish","format-standard","has-post-thumbnail","hentry","category-formacio-professional","category-general","category-portada"],"post_mailing_queue_ids":[],"_links":{"self":[{"href":"https:\/\/agora.xtec.cat\/ins-intermunicipal\/wp-json\/wp\/v2\/posts\/3786","targetHints":{"allow":["GET"]}}],"collection":[{"href":"https:\/\/agora.xtec.cat\/ins-intermunicipal\/wp-json\/wp\/v2\/posts"}],"about":[{"href":"https:\/\/agora.xtec.cat\/ins-intermunicipal\/wp-json\/wp\/v2\/types\/post"}],"author":[{"embeddable":true,"href":"https:\/\/agora.xtec.cat\/ins-intermunicipal\/wp-json\/wp\/v2\/users\/8"}],"replies":[{"embeddable":true,"href":"https:\/\/agora.xtec.cat\/ins-intermunicipal\/wp-json\/wp\/v2\/comments?post=3786"}],"version-history":[{"count":2,"href":"https:\/\/agora.xtec.cat\/ins-intermunicipal\/wp-json\/wp\/v2\/posts\/3786\/revisions"}],"predecessor-version":[{"id":3790,"href":"https:\/\/agora.xtec.cat\/ins-intermunicipal\/wp-json\/wp\/v2\/posts\/3786\/revisions\/3790"}],"wp:featuredmedia":[{"embeddable":true,"href":"https:\/\/agora.xtec.cat\/ins-intermunicipal\/wp-json\/wp\/v2\/media\/3788"}],"wp:attachment":[{"href":"https:\/\/agora.xtec.cat\/ins-intermunicipal\/wp-json\/wp\/v2\/media?parent=3786"}],"wp:term":[{"taxonomy":"category","embeddable":true,"href":"https:\/\/agora.xtec.cat\/ins-intermunicipal\/wp-json\/wp\/v2\/categories?post=3786"},{"taxonomy":"post_tag","embeddable":true,"href":"https:\/\/agora.xtec.cat\/ins-intermunicipal\/wp-json\/wp\/v2\/tags?post=3786"}],"curies":[{"name":"wp","href":"https:\/\/api.w.org\/{rel}","templated":true}]}}