{"id":3778,"date":"2024-11-08T12:05:30","date_gmt":"2024-11-08T11:05:30","guid":{"rendered":"https:\/\/agora.xtec.cat\/ins-intermunicipal\/?p=3778"},"modified":"2024-11-08T12:05:30","modified_gmt":"2024-11-08T11:05:30","slug":"entorns-de-natura-campanya-2024-2025","status":"publish","type":"post","link":"https:\/\/agora.xtec.cat\/ins-intermunicipal\/general\/entorns-de-natura-campanya-2024-2025\/","title":{"rendered":"Entorns de Natura, campanya 2024-2025"},"content":{"rendered":"<p align=\"justify\"><span style=\"color: #000000;\"><span style=\"font-family: Arial, sans-serif;\"><span style=\"font-size: large;\"><a href=\"https:\/\/agora.xtec.cat\/ins-intermunicipal\/wp-content\/uploads\/usu2220\/2024\/11\/Logotip-entorns_Fons-blanc.png\"><img loading=\"lazy\" decoding=\"async\" class=\"alignleft wp-image-3780 size-medium\" src=\"https:\/\/agora.xtec.cat\/ins-intermunicipal\/wp-content\/uploads\/usu2220\/2024\/11\/Logotip-entorns_Fons-blanc-300x163.png\" alt=\"\" width=\"300\" height=\"163\" srcset=\"https:\/\/agora.xtec.cat\/ins-intermunicipal\/wp-content\/uploads\/usu2220\/2024\/11\/Logotip-entorns_Fons-blanc-300x163.png 300w, https:\/\/agora.xtec.cat\/ins-intermunicipal\/wp-content\/uploads\/usu2220\/2024\/11\/Logotip-entorns_Fons-blanc.png 500w\" sizes=\"auto, (max-width: 300px) 100vw, 300px\" \/><\/a>Enguany hem comen\u00e7at l\u2019assignatura Entorns de Natura de 4t d\u2019ESO investigant la possible contaminaci\u00f3 de la riera de Lavern\u00f3, hip\u00f2tesi que els alumnes van pensar a partir de la problem\u00e0tica que els companys del SIEI van explicar-nos sobre les hortalisses del seu hort ubicat a Can Mas de la Riera.<\/span><\/span><\/span><\/p>\n<p align=\"justify\"><span style=\"color: #000000;\"><span style=\"font-family: Arial, sans-serif;\"><span style=\"font-size: large;\">Per dur-ho a terme, vam decidir participar en el Projecte Rius de l&#8217;Associaci\u00f3 H\u00e0bitats, que ens facilita els recursos i ens d\u00f3na suport. Aquest projecte de ci\u00e8ncia ciutadana que es fonamenta en el voluntariat, vetlla per la conservaci\u00f3 d\u2019un tram de riu a l\u2019\u00e0mbit local i busca apropar-nos i conscienciar-nos sobre els ecosistemes aqu\u00e0tics. Per tant, a m\u00e9s ens permet<a href=\"https:\/\/agora.xtec.cat\/ins-intermunicipal\/wp-content\/uploads\/usu2220\/2024\/11\/Dibuix-en-seccio-i-en-planta-del-tram-escollit-2-nov-2024-a-las-16_002-rotated.jpg\"><img loading=\"lazy\" decoding=\"async\" class=\"alignright wp-image-3782 \" src=\"https:\/\/agora.xtec.cat\/ins-intermunicipal\/wp-content\/uploads\/usu2220\/2024\/11\/Dibuix-en-seccio-i-en-planta-del-tram-escollit-2-nov-2024-a-las-16_002-225x300.jpg\" alt=\"\" width=\"269\" height=\"359\" srcset=\"https:\/\/agora.xtec.cat\/ins-intermunicipal\/wp-content\/uploads\/usu2220\/2024\/11\/Dibuix-en-seccio-i-en-planta-del-tram-escollit-2-nov-2024-a-las-16_002-225x300.jpg 225w, https:\/\/agora.xtec.cat\/ins-intermunicipal\/wp-content\/uploads\/usu2220\/2024\/11\/Dibuix-en-seccio-i-en-planta-del-tram-escollit-2-nov-2024-a-las-16_002-rotated.jpg 675w\" sizes=\"auto, (max-width: 269px) 100vw, 269px\" \/><\/a> convalidar part del servei comunitari.<\/span><\/span><\/span><\/p>\n<p align=\"justify\"><span style=\"color: #000000;\"><span style=\"font-family: Arial, sans-serif;\"><span style=\"font-size: large;\">Aix\u00ed doncs, el primer pas de l\u2019alumnat de 4t d\u2019ESO dins <\/span><\/span><\/span><span style=\"color: #000000;\"><span style=\"font-family: Arial, sans-serif;\"><span style=\"font-size: large;\">d<\/span><\/span><\/span><span style=\"color: #000000;\"><span style=\"font-family: Arial, sans-serif;\"><span style=\"font-size: large;\">el projecte va ser seleccionar dos trams de la riera de Lavern\u00f3 per apadrinar-los amb el comprom\u00eds de fer-ne la inspecci\u00f3 dos cops l\u2019any, <\/span><\/span><\/span><span style=\"color: #000000;\"><span style=\"font-family: Arial, sans-serif;\"><span style=\"font-size: large;\">a la<\/span><\/span><\/span><span style=\"color: #000000;\"><span style=\"font-family: Arial, sans-serif;\"><span style=\"font-size: large;\"> tardor i <\/span><\/span><\/span><span style=\"color: #000000;\"><span style=\"font-family: Arial, sans-serif;\"><span style=\"font-size: large;\">a la<\/span><\/span><\/span><span style=\"color: #000000;\"><span style=\"font-family: Arial, sans-serif;\"><span style=\"font-size: large;\"> primavera.<\/span><\/span><\/span><\/p>\n<p align=\"justify\"><span style=\"color: #000000;\"><span style=\"font-family: Arial, sans-serif;\"><span style=\"font-size: large;\">En una segona fase, <\/span><\/span><\/span><span style=\"color: #000000;\"><span style=\"font-family: Arial, sans-serif;\"><span style=\"font-size: large;\">els alumnes s\u2019han<\/span><\/span><\/span><span style=\"color: #000000;\"><span style=\"font-family: Arial, sans-serif;\"><span style=\"font-size: large;\"> forma<\/span><\/span><\/span><span style=\"color: #000000;\"><span style=\"font-family: Arial, sans-serif;\"><span style=\"font-size: large;\">t<\/span><\/span><\/span><span style=\"color: #000000;\"><span style=\"font-family: Arial, sans-serif;\"><span style=\"font-size: large;\"> en tots els aspectes de l&#8217;ecosistema riu (estructura de la ribera, fauna, <\/span><\/span><\/span><span style=\"color: #000000;\"><span style=\"font-family: Arial, sans-serif;\"><span style=\"font-size: large;\">tamb\u00e9<\/span><\/span><\/span><span style=\"color: #000000;\"><span style=\"font-family: Arial, sans-serif;\"><span style=\"font-size: large;\"> macroinvertebrats, flora, etc.) per garantir una correcta recollida de dades el dia de la inspecci\u00f3.<\/span><\/span><\/span><\/p>\n<p align=\"justify\"><span style=\"color: #000000;\"><span style=\"font-family: Arial, sans-serif;\"><span style=\"font-size: large;\">Fa un parell de setmanes, vam anar a la riera a recollir totes les dades i ara les estem processant i entrant a la web oficial del <a href=\"https:\/\/www.projecterius.cat\/front\" target=\"_blank\" rel=\"noopener\">Projecte Rius<\/a>, on podran ser consultades per la ciutadania i ajudaran als cient\u00edfics en la conservaci\u00f3 d\u2019aquests entorns.<\/span><\/span><\/span><\/p>\n<p align=\"justify\"><span style=\"color: #000000;\"><span style=\"font-family: Arial, sans-serif;\"><span style=\"font-size: large;\">Ara, en la fase final, els alumnes estan elaborant un p\u00f2ster cient\u00edfic per comunicar els resultats de la investigaci\u00f3.<\/span><\/span><\/span><\/p>\n<p align=\"justify\"><a href=\"https:\/\/agora.xtec.cat\/ins-intermunicipal\/wp-content\/uploads\/usu2220\/2024\/11\/fotos-riu.jpg\"><img loading=\"lazy\" decoding=\"async\" class=\"alignnone size-large wp-image-3779\" src=\"https:\/\/agora.xtec.cat\/ins-intermunicipal\/wp-content\/uploads\/usu2220\/2024\/11\/fotos-riu-1024x768.jpg\" alt=\"\" width=\"1024\" height=\"768\" srcset=\"https:\/\/agora.xtec.cat\/ins-intermunicipal\/wp-content\/uploads\/usu2220\/2024\/11\/fotos-riu-1024x768.jpg 1024w, https:\/\/agora.xtec.cat\/ins-intermunicipal\/wp-content\/uploads\/usu2220\/2024\/11\/fotos-riu-300x225.jpg 300w, https:\/\/agora.xtec.cat\/ins-intermunicipal\/wp-content\/uploads\/usu2220\/2024\/11\/fotos-riu-768x576.jpg 768w, https:\/\/agora.xtec.cat\/ins-intermunicipal\/wp-content\/uploads\/usu2220\/2024\/11\/fotos-riu-1536x1152.jpg 1536w, https:\/\/agora.xtec.cat\/ins-intermunicipal\/wp-content\/uploads\/usu2220\/2024\/11\/fotos-riu-200x150.jpg 200w, https:\/\/agora.xtec.cat\/ins-intermunicipal\/wp-content\/uploads\/usu2220\/2024\/11\/fotos-riu.jpg 2048w\" sizes=\"auto, (max-width: 1024px) 100vw, 1024px\" \/><\/a><\/p>\n<p>&nbsp;<\/p>\n","protected":false},"excerpt":{"rendered":"<p><a href=\"https:\/\/agora.xtec.cat\/ins-intermunicipal\/wp-content\/uploads\/usu2220\/2024\/11\/Logotip-entorns_Fons-blanc.png\"><\/a>Enguany hem comen\u00e7at l\u2019assignatura Entorns de Natura de 4t d\u2019ESO investigant la possible contaminaci\u00f3 de la riera de Lavern\u00f3, hip\u00f2tesi que els alumnes van pensar a partir de la problem\u00e0tica que els companys del SIEI van explicar-nos sobre les hortalisses del seu hort ubicat&hellip;  <a href=\"https:\/\/agora.xtec.cat\/ins-intermunicipal\/general\/entorns-de-natura-campanya-2024-2025\/\" title=\"Read Entorns de Natura, campanya 2024-2025\">Llegeix m\u00e9s\u00bb<\/a><\/p>\n","protected":false},"author":7,"featured_media":3779,"comment_status":"closed","ping_status":"closed","sticky":false,"template":"","format":"standard","meta":{"_bbp_topic_count":0,"_bbp_reply_count":0,"_bbp_total_topic_count":0,"_bbp_total_reply_count":0,"_bbp_voice_count":0,"_bbp_anonymous_reply_count":0,"_bbp_topic_count_hidden":0,"_bbp_reply_count_hidden":0,"_bbp_forum_subforum_count":0,"footnotes":""},"categories":[7,1,29],"tags":[485,545,546],"class_list":["post-3778","post","type-post","status-publish","format-standard","has-post-thumbnail","hentry","category-4eso","category-general","category-portada","tag-entorns-de-natura","tag-projecte-rius","tag-riera-de-laverno"],"post_mailing_queue_ids":[],"_links":{"self":[{"href":"https:\/\/agora.xtec.cat\/ins-intermunicipal\/wp-json\/wp\/v2\/posts\/3778","targetHints":{"allow":["GET"]}}],"collection":[{"href":"https:\/\/agora.xtec.cat\/ins-intermunicipal\/wp-json\/wp\/v2\/posts"}],"about":[{"href":"https:\/\/agora.xtec.cat\/ins-intermunicipal\/wp-json\/wp\/v2\/types\/post"}],"author":[{"embeddable":true,"href":"https:\/\/agora.xtec.cat\/ins-intermunicipal\/wp-json\/wp\/v2\/users\/7"}],"replies":[{"embeddable":true,"href":"https:\/\/agora.xtec.cat\/ins-intermunicipal\/wp-json\/wp\/v2\/comments?post=3778"}],"version-history":[{"count":1,"href":"https:\/\/agora.xtec.cat\/ins-intermunicipal\/wp-json\/wp\/v2\/posts\/3778\/revisions"}],"predecessor-version":[{"id":3783,"href":"https:\/\/agora.xtec.cat\/ins-intermunicipal\/wp-json\/wp\/v2\/posts\/3778\/revisions\/3783"}],"wp:featuredmedia":[{"embeddable":true,"href":"https:\/\/agora.xtec.cat\/ins-intermunicipal\/wp-json\/wp\/v2\/media\/3779"}],"wp:attachment":[{"href":"https:\/\/agora.xtec.cat\/ins-intermunicipal\/wp-json\/wp\/v2\/media?parent=3778"}],"wp:term":[{"taxonomy":"category","embeddable":true,"href":"https:\/\/agora.xtec.cat\/ins-intermunicipal\/wp-json\/wp\/v2\/categories?post=3778"},{"taxonomy":"post_tag","embeddable":true,"href":"https:\/\/agora.xtec.cat\/ins-intermunicipal\/wp-json\/wp\/v2\/tags?post=3778"}],"curies":[{"name":"wp","href":"https:\/\/api.w.org\/{rel}","templated":true}]}}