{"id":3767,"date":"2024-11-07T11:36:55","date_gmt":"2024-11-07T10:36:55","guid":{"rendered":"https:\/\/agora.xtec.cat\/ins-intermunicipal\/?p=3767"},"modified":"2024-11-07T11:36:55","modified_gmt":"2024-11-07T10:36:55","slug":"presentacio-del-projecte-improva-a-linter","status":"publish","type":"post","link":"https:\/\/agora.xtec.cat\/ins-intermunicipal\/general\/presentacio-del-projecte-improva-a-linter\/","title":{"rendered":"Presentaci\u00f3 del Projecte IMPROVA a l\u00b4\u00cdnter"},"content":{"rendered":"<p align=\"justify\"><span style=\"font-family: Arial, sans-serif;\"><a href=\"https:\/\/agora.xtec.cat\/ins-intermunicipal\/wp-content\/uploads\/usu2220\/2024\/11\/IMG-20241105-WA0005.jpg\"><img loading=\"lazy\" decoding=\"async\" class=\"alignleft wp-image-3774 \" src=\"https:\/\/agora.xtec.cat\/ins-intermunicipal\/wp-content\/uploads\/usu2220\/2024\/11\/IMG-20241105-WA0005-225x300.jpg\" alt=\"\" width=\"275\" height=\"367\" srcset=\"https:\/\/agora.xtec.cat\/ins-intermunicipal\/wp-content\/uploads\/usu2220\/2024\/11\/IMG-20241105-WA0005-225x300.jpg 225w, https:\/\/agora.xtec.cat\/ins-intermunicipal\/wp-content\/uploads\/usu2220\/2024\/11\/IMG-20241105-WA0005-768x1024.jpg 768w, https:\/\/agora.xtec.cat\/ins-intermunicipal\/wp-content\/uploads\/usu2220\/2024\/11\/IMG-20241105-WA0005.jpg 900w\" sizes=\"auto, (max-width: 275px) 100vw, 275px\" \/><\/a> Despr\u00e9s que des d\u2019<\/span><span style=\"font-family: Arial, sans-serif;\">un grup de recerca d<\/span><span style=\"font-family: Arial, sans-serif;\">e l\u2019Hospital de Sant Joan de D\u00e9u se\u2019ns propos\u00e9s participar en un projecte sobre salut mental i benestar emocional dels adolescents, aquesta setmana s\u2019ha presentat el Projecte IMPROVA al nostre institut.<\/span><\/p>\n<p align=\"justify\"><span style=\"color: #000000;\"><span style=\"font-family: arial, sans-serif;\"><span style=\"font-size: medium;\">El <a href=\"https:\/\/www.improva-project.eu\/ca\/\" target=\"_blank\" rel=\"noopener\">Projecte IMPROVA <\/a><\/span><\/span><\/span><span style=\"color: #000000;\"><span style=\"font-family: arial, sans-serif;\"><span style=\"font-size: medium;\">compta amb el suport i finan\u00e7ament de la Uni\u00f3 Europea i ha desenvolupat <\/span><\/span><\/span><span style=\"color: #222222;\"><span style=\"font-family: Arial, Helvetica, sans-serif;\"><span style=\"font-size: medium;\">una plataforma d\u2019intervenci\u00f3 en salut mental<\/span><\/span><\/span> <span style=\"color: #000000;\"><span style=\"font-family: arial, sans-serif;\"><span style=\"font-size: medium;\">i promoci\u00f3 del benestar en els joves. En aquesta plataforma <\/span><\/span><\/span><span style=\"color: #222222;\"><span style=\"font-family: Arial, Helvetica, sans-serif;\"><span style=\"font-size: medium;\">s&#8217;ofereixen recursos per a adolescents, professors, pares i experts, a<\/span><\/span><\/span><span style=\"color: #000000;\"><span style=\"font-family: arial, sans-serif;\"><span style=\"font-size: medium;\">mb l&#8217;<\/span><\/span><\/span><span style=\"color: #222222;\"><span style=\"font-family: Arial, Helvetica, sans-serif;\"><span style=\"font-size: medium;\">objectiu<\/span><\/span><\/span> <span style=\"color: #000000;\"><span style=\"font-family: arial, sans-serif;\"><span style=\"font-size: medium;\">de <\/span><\/span><\/span><span style=\"color: #222222;\"><span style=\"font-family: Arial, Helvetica, sans-serif;\"><span style=\"font-size: medium;\">donar eines i formaci\u00f3 tant pels alumnes com pel professorat de cara a millorar la salut mental dels joves des dels instituts, detectant preco\u00e7ment i prevenint, aix\u00ed com combatent l\u2019estigma i les desigualtats socials relacionades amb aquesta.<\/span><\/span><\/span><\/p>\n<p align=\"justify\"><span style=\"color: #222222;\"><span style=\"font-family: Arial, Helvetica, sans-serif;\"><span style=\"font-size: medium;\">El Projecte IMPROVA s&#8217;implementa i prova en quatre pa\u00efsos de la Uni\u00f3 Europea al mateix temps<span style=\"color: #000000;\"><span style=\"font-family: arial, sans-serif;\">, Fran\u00e7a, Romania, Alemanya i Espanya; a fi de determinar la seva efectivitat. I pel que fa a nosaltres, som<\/span><\/span> un dels <span style=\"color: #000000;\"><span style=\"font-family: arial, sans-serif;\">16 <\/span><\/span>instituts <span style=\"color: #000000;\"><span style=\"font-family: arial, sans-serif;\">de Catalunya <\/span><\/span>en els quals es dur\u00e0 a terme la prova per a implementar el projecte d&#8217;investigaci\u00f3 de forma sistem\u00e0tica.<\/span><\/span><\/span><\/p>\n<p align=\"justify\"><span style=\"color: #222222;\"><span style=\"font-family: Arial, Helvetica, sans-serif;\"><span style=\"font-size: medium;\">Al final del projecte rebrem un informe de salut mental i benestar emocional per cada alumne que hagi fet els tests i el centre rebr\u00e0 informes de l&#8217;estat de <span style=\"color: #000000;\"><span style=\"font-family: arial, sans-serif;\">tot l&#8217;alumnat del <\/span><\/span>centre tant al principi com al final del projecte. A banda, tamb\u00e9 se\u2019ns ofereix poder fer xerrades per al nostre alumnat en algun moment del curs<span style=\"color: #000000;\"><span style=\"font-family: arial, sans-serif;\">, dins del marc de col\u00b7laboraci\u00f3 que establim amb<\/span><\/span><span style=\"color: #000000;\"><span style=\"font-family: arial, sans-serif;\">\u00a0els promotors del projecte<\/span><\/span><span style=\"color: #000000;\"><span style=\"font-family: arial, sans-serif;\">.<\/span><\/span><\/span><\/span><\/span><\/p>\n<p><a href=\"https:\/\/agora.xtec.cat\/ins-intermunicipal\/wp-content\/uploads\/usu2220\/2024\/11\/IMG_20241105_085237782_HDR.jpg\"><img loading=\"lazy\" decoding=\"async\" class=\"alignnone size-full wp-image-3775\" src=\"https:\/\/agora.xtec.cat\/ins-intermunicipal\/wp-content\/uploads\/usu2220\/2024\/11\/IMG_20241105_085237782_HDR.jpg\" alt=\"\" width=\"899\" height=\"506\" srcset=\"https:\/\/agora.xtec.cat\/ins-intermunicipal\/wp-content\/uploads\/usu2220\/2024\/11\/IMG_20241105_085237782_HDR.jpg 899w, https:\/\/agora.xtec.cat\/ins-intermunicipal\/wp-content\/uploads\/usu2220\/2024\/11\/IMG_20241105_085237782_HDR-300x169.jpg 300w, https:\/\/agora.xtec.cat\/ins-intermunicipal\/wp-content\/uploads\/usu2220\/2024\/11\/IMG_20241105_085237782_HDR-768x432.jpg 768w\" sizes=\"auto, (max-width: 899px) 100vw, 899px\" \/><\/a><\/p>\n<p align=\"justify\">\n","protected":false},"excerpt":{"rendered":"<p><a href=\"https:\/\/agora.xtec.cat\/ins-intermunicipal\/wp-content\/uploads\/usu2220\/2024\/11\/IMG-20241105-WA0005.jpg\"><\/a> Despr\u00e9s que des d\u2019un grup de recerca de l\u2019Hospital de Sant Joan de D\u00e9u se\u2019ns propos\u00e9s participar en un projecte sobre salut mental i benestar emocional dels adolescents, aquesta setmana s\u2019ha presentat el Projecte IMPROVA al nostre institut.<br \/>\nEl <a href=\"https:\/\/www.improva-project.eu\/ca\/\" target=\"_blank\" rel=\"noopener\">Projecte IMPROVA&hellip;  <a href=\"https:\/\/agora.xtec.cat\/ins-intermunicipal\/general\/presentacio-del-projecte-improva-a-linter\/\" title=\"Read Presentaci\u00f3 del Projecte IMPROVA a l\u00b4\u00cdnter\">Llegeix m\u00e9s\u00bb<\/a><\/p>\n","protected":false},"author":7,"featured_media":3775,"comment_status":"closed","ping_status":"closed","sticky":false,"template":"","format":"standard","meta":{"_bbp_topic_count":0,"_bbp_reply_count":0,"_bbp_total_topic_count":0,"_bbp_total_reply_count":0,"_bbp_voice_count":0,"_bbp_anonymous_reply_count":0,"_bbp_topic_count_hidden":0,"_bbp_reply_count_hidden":0,"_bbp_forum_subforum_count":0,"footnotes":""},"categories":[3,1,29],"tags":[543,448,542,544],"class_list":["post-3767","post","type-post","status-publish","format-standard","has-post-thumbnail","hentry","category-eso","category-general","category-portada","tag-adolescencia","tag-benestar-emocional","tag-projecte-improva","tag-salut-mental"],"post_mailing_queue_ids":[],"_links":{"self":[{"href":"https:\/\/agora.xtec.cat\/ins-intermunicipal\/wp-json\/wp\/v2\/posts\/3767","targetHints":{"allow":["GET"]}}],"collection":[{"href":"https:\/\/agora.xtec.cat\/ins-intermunicipal\/wp-json\/wp\/v2\/posts"}],"about":[{"href":"https:\/\/agora.xtec.cat\/ins-intermunicipal\/wp-json\/wp\/v2\/types\/post"}],"author":[{"embeddable":true,"href":"https:\/\/agora.xtec.cat\/ins-intermunicipal\/wp-json\/wp\/v2\/users\/7"}],"replies":[{"embeddable":true,"href":"https:\/\/agora.xtec.cat\/ins-intermunicipal\/wp-json\/wp\/v2\/comments?post=3767"}],"version-history":[{"count":6,"href":"https:\/\/agora.xtec.cat\/ins-intermunicipal\/wp-json\/wp\/v2\/posts\/3767\/revisions"}],"predecessor-version":[{"id":3777,"href":"https:\/\/agora.xtec.cat\/ins-intermunicipal\/wp-json\/wp\/v2\/posts\/3767\/revisions\/3777"}],"wp:featuredmedia":[{"embeddable":true,"href":"https:\/\/agora.xtec.cat\/ins-intermunicipal\/wp-json\/wp\/v2\/media\/3775"}],"wp:attachment":[{"href":"https:\/\/agora.xtec.cat\/ins-intermunicipal\/wp-json\/wp\/v2\/media?parent=3767"}],"wp:term":[{"taxonomy":"category","embeddable":true,"href":"https:\/\/agora.xtec.cat\/ins-intermunicipal\/wp-json\/wp\/v2\/categories?post=3767"},{"taxonomy":"post_tag","embeddable":true,"href":"https:\/\/agora.xtec.cat\/ins-intermunicipal\/wp-json\/wp\/v2\/tags?post=3767"}],"curies":[{"name":"wp","href":"https:\/\/api.w.org\/{rel}","templated":true}]}}