{"id":3754,"date":"2024-11-07T11:03:36","date_gmt":"2024-11-07T10:03:36","guid":{"rendered":"https:\/\/agora.xtec.cat\/ins-intermunicipal\/?p=3754"},"modified":"2024-11-07T11:17:30","modified_gmt":"2024-11-07T10:17:30","slug":"lalumnat-de-fp-celebra-la-castanyada-malgrat-la-pluja","status":"publish","type":"post","link":"https:\/\/agora.xtec.cat\/ins-intermunicipal\/general\/lalumnat-de-fp-celebra-la-castanyada-malgrat-la-pluja\/","title":{"rendered":"L&#8217;alumnat de FP celebra la Castanyada malgrat la pluja"},"content":{"rendered":"<p>L&#8217;alumnat i l&#8217;equip docent de Formaci\u00f3 Professional va celebrar ahir, malgrat la pluja, la festa de la Castanyada. Inicialment, estava previst per dimecres de la setmana passada, per\u00f2 la pluja de llavors va obligar a canviar la data. La mala sort \u00e9s que ahir va tornar a apar\u00e8ixer i que es van haver de fer la meitat de les activitats previstes i a cel cobert. El gimn\u00e0s i la sala polivalent van ser els llocs triats per fer les activitats: el gimn\u00e0s per fer la competici\u00f3 d&#8217;estirar la corda i el joc de punteria a la sala polivalent. Les ganes de passar-s&#8217;ho b\u00e9 i els riures van estar assegurats malgrat alguns entrebancs l\u00f2gics causats per l&#8217;aforament dels espais i la competitivitat de l&#8217;alumnat que va engrescar a tothom. La festa va tenir com a animadors a l&#8217;Elizabeth Molina i el Xavier Salvador, alumnes del CFGS d&#8217;Integraci\u00f3 Social de primer curs, que ho van fer molt b\u00e9, i l&#8217;alumnat del primer curs del CFGS d&#8217;Educaci\u00f3 Infantil que es van engalanar per l&#8217;ocasi\u00f3 per repartir les castanyes que els docents van anar coent durant la jornada.<\/p>\n<p>Una festa enguany marcada per l&#8217;aigua, que no va evitar que el centre mantingu\u00e9s la tradici\u00f3 i trob\u00e9s espais de relaci\u00f3 i bon ambient entre cicles i PFI. Us deixem algunes fotografies i un <a href=\"https:\/\/drive.google.com\/file\/d\/1bCmCY0vX7Ww-XnpmGR9WMa723U5Ew9fA\/view?usp=sharing\">v\u00eddeo del tradicional cant de la Castanyera<\/a>.<\/p>\n<p>&nbsp;<\/p>\n<p><a href=\"https:\/\/agora.xtec.cat\/ins-intermunicipal\/wp-content\/uploads\/usu2220\/2024\/11\/Imatge-de-WhatsApp-2024-11-06-a-les-22.43.25_f085b854.jpg\"><img loading=\"lazy\" decoding=\"async\" class=\"alignnone size-large wp-image-3757\" src=\"https:\/\/agora.xtec.cat\/ins-intermunicipal\/wp-content\/uploads\/usu2220\/2024\/11\/Imatge-de-WhatsApp-2024-11-06-a-les-22.43.25_f085b854-1024x768.jpg\" alt=\"\" width=\"1024\" height=\"768\" srcset=\"https:\/\/agora.xtec.cat\/ins-intermunicipal\/wp-content\/uploads\/usu2220\/2024\/11\/Imatge-de-WhatsApp-2024-11-06-a-les-22.43.25_f085b854-1024x768.jpg 1024w, https:\/\/agora.xtec.cat\/ins-intermunicipal\/wp-content\/uploads\/usu2220\/2024\/11\/Imatge-de-WhatsApp-2024-11-06-a-les-22.43.25_f085b854-300x225.jpg 300w, https:\/\/agora.xtec.cat\/ins-intermunicipal\/wp-content\/uploads\/usu2220\/2024\/11\/Imatge-de-WhatsApp-2024-11-06-a-les-22.43.25_f085b854-768x576.jpg 768w, https:\/\/agora.xtec.cat\/ins-intermunicipal\/wp-content\/uploads\/usu2220\/2024\/11\/Imatge-de-WhatsApp-2024-11-06-a-les-22.43.25_f085b854-1536x1152.jpg 1536w, https:\/\/agora.xtec.cat\/ins-intermunicipal\/wp-content\/uploads\/usu2220\/2024\/11\/Imatge-de-WhatsApp-2024-11-06-a-les-22.43.25_f085b854-200x150.jpg 200w, https:\/\/agora.xtec.cat\/ins-intermunicipal\/wp-content\/uploads\/usu2220\/2024\/11\/Imatge-de-WhatsApp-2024-11-06-a-les-22.43.25_f085b854.jpg 2048w\" sizes=\"auto, (max-width: 1024px) 100vw, 1024px\" \/><\/a> <a href=\"https:\/\/agora.xtec.cat\/ins-intermunicipal\/wp-content\/uploads\/usu2220\/2024\/11\/Imatge-de-WhatsApp-2024-11-06-a-les-22.43.24_0b30cc5b.jpg\"><img loading=\"lazy\" decoding=\"async\" class=\"alignnone size-large wp-image-3758\" src=\"https:\/\/agora.xtec.cat\/ins-intermunicipal\/wp-content\/uploads\/usu2220\/2024\/11\/Imatge-de-WhatsApp-2024-11-06-a-les-22.43.24_0b30cc5b-1024x768.jpg\" alt=\"\" width=\"1024\" height=\"768\" srcset=\"https:\/\/agora.xtec.cat\/ins-intermunicipal\/wp-content\/uploads\/usu2220\/2024\/11\/Imatge-de-WhatsApp-2024-11-06-a-les-22.43.24_0b30cc5b-1024x768.jpg 1024w, https:\/\/agora.xtec.cat\/ins-intermunicipal\/wp-content\/uploads\/usu2220\/2024\/11\/Imatge-de-WhatsApp-2024-11-06-a-les-22.43.24_0b30cc5b-300x225.jpg 300w, https:\/\/agora.xtec.cat\/ins-intermunicipal\/wp-content\/uploads\/usu2220\/2024\/11\/Imatge-de-WhatsApp-2024-11-06-a-les-22.43.24_0b30cc5b-768x576.jpg 768w, https:\/\/agora.xtec.cat\/ins-intermunicipal\/wp-content\/uploads\/usu2220\/2024\/11\/Imatge-de-WhatsApp-2024-11-06-a-les-22.43.24_0b30cc5b-1536x1152.jpg 1536w, https:\/\/agora.xtec.cat\/ins-intermunicipal\/wp-content\/uploads\/usu2220\/2024\/11\/Imatge-de-WhatsApp-2024-11-06-a-les-22.43.24_0b30cc5b-200x150.jpg 200w, https:\/\/agora.xtec.cat\/ins-intermunicipal\/wp-content\/uploads\/usu2220\/2024\/11\/Imatge-de-WhatsApp-2024-11-06-a-les-22.43.24_0b30cc5b.jpg 2048w\" sizes=\"auto, (max-width: 1024px) 100vw, 1024px\" \/><\/a> \u00a0<a href=\"https:\/\/agora.xtec.cat\/ins-intermunicipal\/wp-content\/uploads\/usu2220\/2024\/11\/Imatge-de-WhatsApp-2024-11-06-a-les-22.08.01_dd3af0de.jpg\"><img loading=\"lazy\" decoding=\"async\" class=\"alignnone size-large wp-image-3760\" src=\"https:\/\/agora.xtec.cat\/ins-intermunicipal\/wp-content\/uploads\/usu2220\/2024\/11\/Imatge-de-WhatsApp-2024-11-06-a-les-22.08.01_dd3af0de-461x1024.jpg\" alt=\"\" width=\"461\" height=\"1024\" srcset=\"https:\/\/agora.xtec.cat\/ins-intermunicipal\/wp-content\/uploads\/usu2220\/2024\/11\/Imatge-de-WhatsApp-2024-11-06-a-les-22.08.01_dd3af0de-461x1024.jpg 461w, https:\/\/agora.xtec.cat\/ins-intermunicipal\/wp-content\/uploads\/usu2220\/2024\/11\/Imatge-de-WhatsApp-2024-11-06-a-les-22.08.01_dd3af0de-135x300.jpg 135w, https:\/\/agora.xtec.cat\/ins-intermunicipal\/wp-content\/uploads\/usu2220\/2024\/11\/Imatge-de-WhatsApp-2024-11-06-a-les-22.08.01_dd3af0de-768x1707.jpg 768w, https:\/\/agora.xtec.cat\/ins-intermunicipal\/wp-content\/uploads\/usu2220\/2024\/11\/Imatge-de-WhatsApp-2024-11-06-a-les-22.08.01_dd3af0de-691x1536.jpg 691w, https:\/\/agora.xtec.cat\/ins-intermunicipal\/wp-content\/uploads\/usu2220\/2024\/11\/Imatge-de-WhatsApp-2024-11-06-a-les-22.08.01_dd3af0de.jpg 918w\" sizes=\"auto, (max-width: 461px) 100vw, 461px\" \/><\/a> <a href=\"https:\/\/agora.xtec.cat\/ins-intermunicipal\/wp-content\/uploads\/usu2220\/2024\/11\/Imatge-de-WhatsApp-2024-11-06-a-les-22.08.01_26258c05.jpg\"><img loading=\"lazy\" decoding=\"async\" class=\"alignnone size-large wp-image-3761\" src=\"https:\/\/agora.xtec.cat\/ins-intermunicipal\/wp-content\/uploads\/usu2220\/2024\/11\/Imatge-de-WhatsApp-2024-11-06-a-les-22.08.01_26258c05-1024x461.jpg\" alt=\"\" width=\"1024\" height=\"461\" srcset=\"https:\/\/agora.xtec.cat\/ins-intermunicipal\/wp-content\/uploads\/usu2220\/2024\/11\/Imatge-de-WhatsApp-2024-11-06-a-les-22.08.01_26258c05-1024x461.jpg 1024w, https:\/\/agora.xtec.cat\/ins-intermunicipal\/wp-content\/uploads\/usu2220\/2024\/11\/Imatge-de-WhatsApp-2024-11-06-a-les-22.08.01_26258c05-300x135.jpg 300w, https:\/\/agora.xtec.cat\/ins-intermunicipal\/wp-content\/uploads\/usu2220\/2024\/11\/Imatge-de-WhatsApp-2024-11-06-a-les-22.08.01_26258c05-768x346.jpg 768w, https:\/\/agora.xtec.cat\/ins-intermunicipal\/wp-content\/uploads\/usu2220\/2024\/11\/Imatge-de-WhatsApp-2024-11-06-a-les-22.08.01_26258c05-1536x691.jpg 1536w, https:\/\/agora.xtec.cat\/ins-intermunicipal\/wp-content\/uploads\/usu2220\/2024\/11\/Imatge-de-WhatsApp-2024-11-06-a-les-22.08.01_26258c05.jpg 2040w\" sizes=\"auto, (max-width: 1024px) 100vw, 1024px\" \/><\/a> <a href=\"https:\/\/agora.xtec.cat\/ins-intermunicipal\/wp-content\/uploads\/usu2220\/2024\/11\/Imatge-de-WhatsApp-2024-11-06-a-les-19.54.48_571bb217.jpg\"><img loading=\"lazy\" decoding=\"async\" class=\"alignnone size-large wp-image-3762\" src=\"https:\/\/agora.xtec.cat\/ins-intermunicipal\/wp-content\/uploads\/usu2220\/2024\/11\/Imatge-de-WhatsApp-2024-11-06-a-les-19.54.48_571bb217-1024x768.jpg\" alt=\"\" width=\"1024\" height=\"768\" srcset=\"https:\/\/agora.xtec.cat\/ins-intermunicipal\/wp-content\/uploads\/usu2220\/2024\/11\/Imatge-de-WhatsApp-2024-11-06-a-les-19.54.48_571bb217-1024x768.jpg 1024w, https:\/\/agora.xtec.cat\/ins-intermunicipal\/wp-content\/uploads\/usu2220\/2024\/11\/Imatge-de-WhatsApp-2024-11-06-a-les-19.54.48_571bb217-300x225.jpg 300w, https:\/\/agora.xtec.cat\/ins-intermunicipal\/wp-content\/uploads\/usu2220\/2024\/11\/Imatge-de-WhatsApp-2024-11-06-a-les-19.54.48_571bb217-768x576.jpg 768w, https:\/\/agora.xtec.cat\/ins-intermunicipal\/wp-content\/uploads\/usu2220\/2024\/11\/Imatge-de-WhatsApp-2024-11-06-a-les-19.54.48_571bb217-1536x1152.jpg 1536w, https:\/\/agora.xtec.cat\/ins-intermunicipal\/wp-content\/uploads\/usu2220\/2024\/11\/Imatge-de-WhatsApp-2024-11-06-a-les-19.54.48_571bb217-200x150.jpg 200w, https:\/\/agora.xtec.cat\/ins-intermunicipal\/wp-content\/uploads\/usu2220\/2024\/11\/Imatge-de-WhatsApp-2024-11-06-a-les-19.54.48_571bb217.jpg 1600w\" sizes=\"auto, (max-width: 1024px) 100vw, 1024px\" \/><\/a><\/p>\n<p><a href=\"https:\/\/agora.xtec.cat\/ins-intermunicipal\/wp-content\/uploads\/usu2220\/2024\/11\/Imatge-de-WhatsApp-2024-11-06-a-les-22.45.35_4b4816eb.jpg\"><img loading=\"lazy\" decoding=\"async\" class=\"alignnone size-large wp-image-3756\" src=\"https:\/\/agora.xtec.cat\/ins-intermunicipal\/wp-content\/uploads\/usu2220\/2024\/11\/Imatge-de-WhatsApp-2024-11-06-a-les-22.45.35_4b4816eb-1024x768.jpg\" alt=\"\" width=\"1024\" height=\"768\" srcset=\"https:\/\/agora.xtec.cat\/ins-intermunicipal\/wp-content\/uploads\/usu2220\/2024\/11\/Imatge-de-WhatsApp-2024-11-06-a-les-22.45.35_4b4816eb-1024x768.jpg 1024w, https:\/\/agora.xtec.cat\/ins-intermunicipal\/wp-content\/uploads\/usu2220\/2024\/11\/Imatge-de-WhatsApp-2024-11-06-a-les-22.45.35_4b4816eb-300x225.jpg 300w, https:\/\/agora.xtec.cat\/ins-intermunicipal\/wp-content\/uploads\/usu2220\/2024\/11\/Imatge-de-WhatsApp-2024-11-06-a-les-22.45.35_4b4816eb-768x576.jpg 768w, https:\/\/agora.xtec.cat\/ins-intermunicipal\/wp-content\/uploads\/usu2220\/2024\/11\/Imatge-de-WhatsApp-2024-11-06-a-les-22.45.35_4b4816eb-1536x1152.jpg 1536w, https:\/\/agora.xtec.cat\/ins-intermunicipal\/wp-content\/uploads\/usu2220\/2024\/11\/Imatge-de-WhatsApp-2024-11-06-a-les-22.45.35_4b4816eb-200x150.jpg 200w, https:\/\/agora.xtec.cat\/ins-intermunicipal\/wp-content\/uploads\/usu2220\/2024\/11\/Imatge-de-WhatsApp-2024-11-06-a-les-22.45.35_4b4816eb.jpg 2040w\" sizes=\"auto, (max-width: 1024px) 100vw, 1024px\" \/><\/a><a href=\"https:\/\/agora.xtec.cat\/ins-intermunicipal\/wp-content\/uploads\/usu2220\/2024\/11\/Imatge-de-WhatsApp-2024-11-06-a-les-19.54.48_3fe580e5.jpg\"><img loading=\"lazy\" decoding=\"async\" class=\"alignnone size-large wp-image-3763\" src=\"https:\/\/agora.xtec.cat\/ins-intermunicipal\/wp-content\/uploads\/usu2220\/2024\/11\/Imatge-de-WhatsApp-2024-11-06-a-les-19.54.48_3fe580e5-1024x768.jpg\" alt=\"\" width=\"1024\" height=\"768\" srcset=\"https:\/\/agora.xtec.cat\/ins-intermunicipal\/wp-content\/uploads\/usu2220\/2024\/11\/Imatge-de-WhatsApp-2024-11-06-a-les-19.54.48_3fe580e5-1024x768.jpg 1024w, https:\/\/agora.xtec.cat\/ins-intermunicipal\/wp-content\/uploads\/usu2220\/2024\/11\/Imatge-de-WhatsApp-2024-11-06-a-les-19.54.48_3fe580e5-300x225.jpg 300w, https:\/\/agora.xtec.cat\/ins-intermunicipal\/wp-content\/uploads\/usu2220\/2024\/11\/Imatge-de-WhatsApp-2024-11-06-a-les-19.54.48_3fe580e5-768x576.jpg 768w, https:\/\/agora.xtec.cat\/ins-intermunicipal\/wp-content\/uploads\/usu2220\/2024\/11\/Imatge-de-WhatsApp-2024-11-06-a-les-19.54.48_3fe580e5-1536x1152.jpg 1536w, https:\/\/agora.xtec.cat\/ins-intermunicipal\/wp-content\/uploads\/usu2220\/2024\/11\/Imatge-de-WhatsApp-2024-11-06-a-les-19.54.48_3fe580e5-200x150.jpg 200w, https:\/\/agora.xtec.cat\/ins-intermunicipal\/wp-content\/uploads\/usu2220\/2024\/11\/Imatge-de-WhatsApp-2024-11-06-a-les-19.54.48_3fe580e5.jpg 1600w\" sizes=\"auto, (max-width: 1024px) 100vw, 1024px\" \/><\/a><a href=\"https:\/\/agora.xtec.cat\/ins-intermunicipal\/wp-content\/uploads\/usu2220\/2024\/11\/Imatge-de-WhatsApp-2024-11-06-a-les-22.45.35_6e75e094.jpg\"><img loading=\"lazy\" decoding=\"async\" class=\"alignnone size-large wp-image-3755\" src=\"https:\/\/agora.xtec.cat\/ins-intermunicipal\/wp-content\/uploads\/usu2220\/2024\/11\/Imatge-de-WhatsApp-2024-11-06-a-les-22.45.35_6e75e094-1024x768.jpg\" alt=\"\" width=\"1024\" height=\"768\" srcset=\"https:\/\/agora.xtec.cat\/ins-intermunicipal\/wp-content\/uploads\/usu2220\/2024\/11\/Imatge-de-WhatsApp-2024-11-06-a-les-22.45.35_6e75e094-1024x768.jpg 1024w, https:\/\/agora.xtec.cat\/ins-intermunicipal\/wp-content\/uploads\/usu2220\/2024\/11\/Imatge-de-WhatsApp-2024-11-06-a-les-22.45.35_6e75e094-300x225.jpg 300w, https:\/\/agora.xtec.cat\/ins-intermunicipal\/wp-content\/uploads\/usu2220\/2024\/11\/Imatge-de-WhatsApp-2024-11-06-a-les-22.45.35_6e75e094-768x576.jpg 768w, https:\/\/agora.xtec.cat\/ins-intermunicipal\/wp-content\/uploads\/usu2220\/2024\/11\/Imatge-de-WhatsApp-2024-11-06-a-les-22.45.35_6e75e094-1536x1152.jpg 1536w, https:\/\/agora.xtec.cat\/ins-intermunicipal\/wp-content\/uploads\/usu2220\/2024\/11\/Imatge-de-WhatsApp-2024-11-06-a-les-22.45.35_6e75e094-200x150.jpg 200w, https:\/\/agora.xtec.cat\/ins-intermunicipal\/wp-content\/uploads\/usu2220\/2024\/11\/Imatge-de-WhatsApp-2024-11-06-a-les-22.45.35_6e75e094.jpg 2040w\" sizes=\"auto, (max-width: 1024px) 100vw, 1024px\" \/><\/a><\/p>\n","protected":false},"excerpt":{"rendered":"<p>L&#8217;alumnat i l&#8217;equip docent de Formaci\u00f3 Professional va celebrar ahir, malgrat la pluja, la festa de la Castanyada. Inicialment, estava previst per dimecres de la setmana passada, per\u00f2 la pluja de llavors va obligar a canviar la data. La mala sort \u00e9s que ahir va&hellip;  <a href=\"https:\/\/agora.xtec.cat\/ins-intermunicipal\/general\/lalumnat-de-fp-celebra-la-castanyada-malgrat-la-pluja\/\" title=\"Read L&#8217;alumnat de FP celebra la Castanyada malgrat la pluja\">Llegeix m\u00e9s\u00bb<\/a><\/p>\n","protected":false},"author":8,"featured_media":3759,"comment_status":"closed","ping_status":"closed","sticky":false,"template":"","format":"standard","meta":{"_bbp_topic_count":0,"_bbp_reply_count":0,"_bbp_total_topic_count":0,"_bbp_total_reply_count":0,"_bbp_voice_count":0,"_bbp_anonymous_reply_count":0,"_bbp_topic_count_hidden":0,"_bbp_reply_count_hidden":0,"_bbp_forum_subforum_count":0,"footnotes":""},"categories":[30,1,29],"tags":[],"class_list":["post-3754","post","type-post","status-publish","format-standard","has-post-thumbnail","hentry","category-formacio-professional","category-general","category-portada"],"post_mailing_queue_ids":[],"_links":{"self":[{"href":"https:\/\/agora.xtec.cat\/ins-intermunicipal\/wp-json\/wp\/v2\/posts\/3754","targetHints":{"allow":["GET"]}}],"collection":[{"href":"https:\/\/agora.xtec.cat\/ins-intermunicipal\/wp-json\/wp\/v2\/posts"}],"about":[{"href":"https:\/\/agora.xtec.cat\/ins-intermunicipal\/wp-json\/wp\/v2\/types\/post"}],"author":[{"embeddable":true,"href":"https:\/\/agora.xtec.cat\/ins-intermunicipal\/wp-json\/wp\/v2\/users\/8"}],"replies":[{"embeddable":true,"href":"https:\/\/agora.xtec.cat\/ins-intermunicipal\/wp-json\/wp\/v2\/comments?post=3754"}],"version-history":[{"count":2,"href":"https:\/\/agora.xtec.cat\/ins-intermunicipal\/wp-json\/wp\/v2\/posts\/3754\/revisions"}],"predecessor-version":[{"id":3766,"href":"https:\/\/agora.xtec.cat\/ins-intermunicipal\/wp-json\/wp\/v2\/posts\/3754\/revisions\/3766"}],"wp:featuredmedia":[{"embeddable":true,"href":"https:\/\/agora.xtec.cat\/ins-intermunicipal\/wp-json\/wp\/v2\/media\/3759"}],"wp:attachment":[{"href":"https:\/\/agora.xtec.cat\/ins-intermunicipal\/wp-json\/wp\/v2\/media?parent=3754"}],"wp:term":[{"taxonomy":"category","embeddable":true,"href":"https:\/\/agora.xtec.cat\/ins-intermunicipal\/wp-json\/wp\/v2\/categories?post=3754"},{"taxonomy":"post_tag","embeddable":true,"href":"https:\/\/agora.xtec.cat\/ins-intermunicipal\/wp-json\/wp\/v2\/tags?post=3754"}],"curies":[{"name":"wp","href":"https:\/\/api.w.org\/{rel}","templated":true}]}}