{"id":3735,"date":"2024-10-29T12:04:10","date_gmt":"2024-10-29T11:04:10","guid":{"rendered":"https:\/\/agora.xtec.cat\/ins-intermunicipal\/?p=3735"},"modified":"2024-10-29T12:09:33","modified_gmt":"2024-10-29T11:09:33","slug":"recollida-de-brossa-a-la-platja-de-vilanova-i-la-geltru","status":"publish","type":"post","link":"https:\/\/agora.xtec.cat\/ins-intermunicipal\/general\/recollida-de-brossa-a-la-platja-de-vilanova-i-la-geltru\/","title":{"rendered":"Recollida de brossa a la platja de Vilanova i la Geltr\u00fa"},"content":{"rendered":"<p align=\"justify\"><span style=\"color: #222222;\"><span style=\"font-family: Arial, Helvetica, sans-serif;\"><span style=\"font-size: medium;\">Tal com anunci\u00e0vem en <a href=\"https:\/\/agora.xtec.cat\/ins-intermunicipal\/general\/recollida-collectiva-de-brossa\/\" target=\"_blank\" rel=\"noopener\">aquest post<\/a> anterior, el passat 25 d&#8217;octubre de 2024 es va fer una jornada de recollida de residus a la platja de Vilanova i la Geltr\u00fa. La recollida va ser m\u00e9s que una simple activitat de neteja, tamb\u00e9 va ser una oportunitat per crear consci\u00e8ncia i demostrar que amb petits esfor\u00e7os col\u00b7lectius podem contribuir a protegir i preservar el nostre entorn natural.<\/span><\/span><\/span><\/p>\n<p align=\"justify\"><span style=\"color: #222222;\"><span style=\"font-family: Arial, Helvetica, sans-serif;\"><span style=\"font-size: medium;\">Gr\u00e0cies a l&#8217;esfor\u00e7 de tots els participants, es va aconseguir recollir una gran quantitat de residus, que posteriorment van ser classificats per garantir el seu reciclatge.<\/span><\/span><\/span><\/p>\n<p align=\"justify\"><a href=\"https:\/\/agora.xtec.cat\/ins-intermunicipal\/wp-content\/uploads\/usu2220\/2024\/10\/WhatsApp-Image-2024-10-25-at-18.40.14.jpeg\"><img loading=\"lazy\" decoding=\"async\" class=\"alignnone wp-image-3740 size-medium\" src=\"https:\/\/agora.xtec.cat\/ins-intermunicipal\/wp-content\/uploads\/usu2220\/2024\/10\/WhatsApp-Image-2024-10-25-at-18.40.14-225x300.jpeg\" alt=\"\" width=\"225\" height=\"300\" srcset=\"https:\/\/agora.xtec.cat\/ins-intermunicipal\/wp-content\/uploads\/usu2220\/2024\/10\/WhatsApp-Image-2024-10-25-at-18.40.14-225x300.jpeg 225w, https:\/\/agora.xtec.cat\/ins-intermunicipal\/wp-content\/uploads\/usu2220\/2024\/10\/WhatsApp-Image-2024-10-25-at-18.40.14-768x1024.jpeg 768w, https:\/\/agora.xtec.cat\/ins-intermunicipal\/wp-content\/uploads\/usu2220\/2024\/10\/WhatsApp-Image-2024-10-25-at-18.40.14.jpeg 900w\" sizes=\"auto, (max-width: 225px) 100vw, 225px\" \/><\/a><a href=\"https:\/\/agora.xtec.cat\/ins-intermunicipal\/wp-content\/uploads\/usu2220\/2024\/10\/WhatsApp-Image-2024-10-25-at-17.54.16.jpeg\"><img loading=\"lazy\" decoding=\"async\" class=\"alignnone wp-image-3739 size-medium\" src=\"https:\/\/agora.xtec.cat\/ins-intermunicipal\/wp-content\/uploads\/usu2220\/2024\/10\/WhatsApp-Image-2024-10-25-at-17.54.16-225x300.jpeg\" alt=\"\" width=\"225\" height=\"300\" srcset=\"https:\/\/agora.xtec.cat\/ins-intermunicipal\/wp-content\/uploads\/usu2220\/2024\/10\/WhatsApp-Image-2024-10-25-at-17.54.16-225x300.jpeg 225w, https:\/\/agora.xtec.cat\/ins-intermunicipal\/wp-content\/uploads\/usu2220\/2024\/10\/WhatsApp-Image-2024-10-25-at-17.54.16-768x1024.jpeg 768w, https:\/\/agora.xtec.cat\/ins-intermunicipal\/wp-content\/uploads\/usu2220\/2024\/10\/WhatsApp-Image-2024-10-25-at-17.54.16.jpeg 900w\" sizes=\"auto, (max-width: 225px) 100vw, 225px\" \/><\/a><a href=\"https:\/\/agora.xtec.cat\/ins-intermunicipal\/wp-content\/uploads\/usu2220\/2024\/10\/WhatsApp-Image-2024-10-25-at-18.43.26.jpeg\"><img loading=\"lazy\" decoding=\"async\" class=\"alignnone wp-image-3737 size-medium\" src=\"https:\/\/agora.xtec.cat\/ins-intermunicipal\/wp-content\/uploads\/usu2220\/2024\/10\/WhatsApp-Image-2024-10-25-at-18.43.26-225x300.jpeg\" alt=\"\" width=\"225\" height=\"300\" srcset=\"https:\/\/agora.xtec.cat\/ins-intermunicipal\/wp-content\/uploads\/usu2220\/2024\/10\/WhatsApp-Image-2024-10-25-at-18.43.26-225x300.jpeg 225w, https:\/\/agora.xtec.cat\/ins-intermunicipal\/wp-content\/uploads\/usu2220\/2024\/10\/WhatsApp-Image-2024-10-25-at-18.43.26-768x1024.jpeg 768w, https:\/\/agora.xtec.cat\/ins-intermunicipal\/wp-content\/uploads\/usu2220\/2024\/10\/WhatsApp-Image-2024-10-25-at-18.43.26.jpeg 900w\" sizes=\"auto, (max-width: 225px) 100vw, 225px\" \/><\/a><a href=\"https:\/\/agora.xtec.cat\/ins-intermunicipal\/wp-content\/uploads\/usu2220\/2024\/10\/WhatsApp-Image-2024-10-25-at-18.43.26-1.jpeg\"><img loading=\"lazy\" decoding=\"async\" class=\"alignnone wp-image-3736 \" src=\"https:\/\/agora.xtec.cat\/ins-intermunicipal\/wp-content\/uploads\/usu2220\/2024\/10\/WhatsApp-Image-2024-10-25-at-18.43.26-1-300x225.jpeg\" alt=\"\" width=\"430\" height=\"323\" srcset=\"https:\/\/agora.xtec.cat\/ins-intermunicipal\/wp-content\/uploads\/usu2220\/2024\/10\/WhatsApp-Image-2024-10-25-at-18.43.26-1-300x225.jpeg 300w, https:\/\/agora.xtec.cat\/ins-intermunicipal\/wp-content\/uploads\/usu2220\/2024\/10\/WhatsApp-Image-2024-10-25-at-18.43.26-1-768x576.jpeg 768w, https:\/\/agora.xtec.cat\/ins-intermunicipal\/wp-content\/uploads\/usu2220\/2024\/10\/WhatsApp-Image-2024-10-25-at-18.43.26-1-200x150.jpeg 200w, https:\/\/agora.xtec.cat\/ins-intermunicipal\/wp-content\/uploads\/usu2220\/2024\/10\/WhatsApp-Image-2024-10-25-at-18.43.26-1.jpeg 900w\" sizes=\"auto, (max-width: 430px) 100vw, 430px\" \/><\/a><a href=\"https:\/\/agora.xtec.cat\/ins-intermunicipal\/wp-content\/uploads\/usu2220\/2024\/10\/WhatsApp-Image-2024-10-25-at-21.01.32.jpeg\"><img loading=\"lazy\" decoding=\"async\" class=\"alignnone wp-image-3738 \" src=\"https:\/\/agora.xtec.cat\/ins-intermunicipal\/wp-content\/uploads\/usu2220\/2024\/10\/WhatsApp-Image-2024-10-25-at-21.01.32-225x300.jpeg\" alt=\"\" width=\"241\" height=\"322\" srcset=\"https:\/\/agora.xtec.cat\/ins-intermunicipal\/wp-content\/uploads\/usu2220\/2024\/10\/WhatsApp-Image-2024-10-25-at-21.01.32-225x300.jpeg 225w, https:\/\/agora.xtec.cat\/ins-intermunicipal\/wp-content\/uploads\/usu2220\/2024\/10\/WhatsApp-Image-2024-10-25-at-21.01.32-768x1024.jpeg 768w, https:\/\/agora.xtec.cat\/ins-intermunicipal\/wp-content\/uploads\/usu2220\/2024\/10\/WhatsApp-Image-2024-10-25-at-21.01.32.jpeg 900w\" sizes=\"auto, (max-width: 241px) 100vw, 241px\" \/><\/a><\/p>\n","protected":false},"excerpt":{"rendered":"<p>Tal com anunci\u00e0vem en <a href=\"https:\/\/agora.xtec.cat\/ins-intermunicipal\/general\/recollida-collectiva-de-brossa\/\" target=\"_blank\" rel=\"noopener\">aquest post<\/a> anterior, el passat 25 d&#8217;octubre de 2024 es va fer una jornada de recollida de residus a la platja de Vilanova i la Geltr\u00fa. La recollida va ser m\u00e9s que una simple activitat de neteja, tamb\u00e9&hellip;  <a href=\"https:\/\/agora.xtec.cat\/ins-intermunicipal\/general\/recollida-de-brossa-a-la-platja-de-vilanova-i-la-geltru\/\" title=\"Read Recollida de brossa a la platja de Vilanova i la Geltr\u00fa\">Llegeix m\u00e9s\u00bb<\/a><\/p>\n","protected":false},"author":7,"featured_media":3737,"comment_status":"closed","ping_status":"closed","sticky":false,"template":"","format":"standard","meta":{"_bbp_topic_count":0,"_bbp_reply_count":0,"_bbp_total_topic_count":0,"_bbp_total_reply_count":0,"_bbp_voice_count":0,"_bbp_anonymous_reply_count":0,"_bbp_topic_count_hidden":0,"_bbp_reply_count_hidden":0,"_bbp_forum_subforum_count":0,"footnotes":""},"categories":[107,8,1,29],"tags":[536,295,533,535,534,541],"class_list":["post-3735","post","type-post","status-publish","format-standard","has-post-thumbnail","hentry","category-bat2","category-bat","category-general","category-portada","tag-entorn-natural","tag-medi-ambient","tag-ods","tag-platja","tag-recollida-de-brossa","tag-vilanova-i-la-geltru"],"post_mailing_queue_ids":[],"_links":{"self":[{"href":"https:\/\/agora.xtec.cat\/ins-intermunicipal\/wp-json\/wp\/v2\/posts\/3735","targetHints":{"allow":["GET"]}}],"collection":[{"href":"https:\/\/agora.xtec.cat\/ins-intermunicipal\/wp-json\/wp\/v2\/posts"}],"about":[{"href":"https:\/\/agora.xtec.cat\/ins-intermunicipal\/wp-json\/wp\/v2\/types\/post"}],"author":[{"embeddable":true,"href":"https:\/\/agora.xtec.cat\/ins-intermunicipal\/wp-json\/wp\/v2\/users\/7"}],"replies":[{"embeddable":true,"href":"https:\/\/agora.xtec.cat\/ins-intermunicipal\/wp-json\/wp\/v2\/comments?post=3735"}],"version-history":[{"count":2,"href":"https:\/\/agora.xtec.cat\/ins-intermunicipal\/wp-json\/wp\/v2\/posts\/3735\/revisions"}],"predecessor-version":[{"id":3742,"href":"https:\/\/agora.xtec.cat\/ins-intermunicipal\/wp-json\/wp\/v2\/posts\/3735\/revisions\/3742"}],"wp:featuredmedia":[{"embeddable":true,"href":"https:\/\/agora.xtec.cat\/ins-intermunicipal\/wp-json\/wp\/v2\/media\/3737"}],"wp:attachment":[{"href":"https:\/\/agora.xtec.cat\/ins-intermunicipal\/wp-json\/wp\/v2\/media?parent=3735"}],"wp:term":[{"taxonomy":"category","embeddable":true,"href":"https:\/\/agora.xtec.cat\/ins-intermunicipal\/wp-json\/wp\/v2\/categories?post=3735"},{"taxonomy":"post_tag","embeddable":true,"href":"https:\/\/agora.xtec.cat\/ins-intermunicipal\/wp-json\/wp\/v2\/tags?post=3735"}],"curies":[{"name":"wp","href":"https:\/\/api.w.org\/{rel}","templated":true}]}}