{"id":3725,"date":"2024-10-28T12:28:38","date_gmt":"2024-10-28T11:28:38","guid":{"rendered":"https:\/\/agora.xtec.cat\/ins-intermunicipal\/?p=3725"},"modified":"2024-10-28T12:28:38","modified_gmt":"2024-10-28T11:28:38","slug":"xerrada-de-teresa-tort-i-taller-ulae","status":"publish","type":"post","link":"https:\/\/agora.xtec.cat\/ins-intermunicipal\/general\/xerrada-de-teresa-tort-i-taller-ulae\/","title":{"rendered":"Xerrada de Teresa Tort i taller ULAE"},"content":{"rendered":"<p style=\"text-align: justify;\"><span style=\"font-family: Calibri, sans-serif;\"><span style=\"color: #000000;\"><span style=\"font-size: medium;\">Una de les actuacions previstes en el desplegament del <\/span><\/span><strong><span style=\"color: #339966;\"><a style=\"color: #339966;\" href=\"https:\/\/educacio.gencat.cat\/ca\/departament\/linies-estrategiques\/pla-llengua-catalana\/index.html\" target=\"_blank\" rel=\"noopener\"><span style=\"font-size: medium;\">Pla de promoci\u00f3 de l\u2019\u00fas de la llengua catalana als centres educatius <\/span><\/a><\/span><\/strong><span style=\"color: #000000;\"><span style=\"font-size: medium;\">\u00e9s el taller de sensibilitzaci\u00f3 <\/span><\/span><span style=\"color: #000000;\"><span style=\"font-size: medium;\">ULAE <\/span><\/span><span style=\"color: #000000;\"><span style=\"font-size: medium;\">(U<\/span><\/span><span style=\"color: #000000;\"><span style=\"font-size: medium;\">sos <\/span><\/span><span style=\"color: #000000;\"><span style=\"font-size: medium;\">L<\/span><\/span><span style=\"color: #000000;\"><span style=\"font-size: medium;\">ing\u00fc\u00edstics en l\u2019<\/span><\/span><span style=\"color: #000000;\"><span style=\"font-size: medium;\">\u00c0<\/span><\/span><span style=\"color: #000000;\"><span style=\"font-size: medium;\">mbit <\/span><\/span><span style=\"color: #000000;\"><span style=\"font-size: medium;\">E<\/span><\/span><span style=\"color: #000000;\"><span style=\"font-size: medium;\">ducatiu<\/span><\/span><span style=\"color: #000000;\"><span style=\"font-size: medium;\">) <\/span><\/span><span style=\"color: #000000;\"><span style=\"font-size: medium;\">en el qual el nostre institut hi participa tant l&#8217;actual any acad\u00e8mic<\/span><\/span><span style=\"color: #000000;\"><span style=\"font-size: medium;\"> 2024-2025 com el seg\u00fcent, 2025-2026.<\/span><\/span><\/span><\/p>\n<p style=\"text-align: justify;\"><span style=\"color: #000000;\"><span style=\"font-family: Calibri, sans-serif;\"><span style=\"font-size: medium;\">Es tracta d\u2019un <\/span><\/span><\/span><span style=\"color: #000000;\"><span style=\"font-family: Calibri, sans-serif;\"><span style=\"font-size: medium;\">taller de sensibilitzaci\u00f3<\/span><\/span><\/span> <span style=\"color: #000000;\"><span style=\"font-family: Calibri, sans-serif;\"><span style=\"font-size: medium;\">que t\u00e9 com a objectiu <\/span><\/span><\/span><span style=\"color: #000000;\"><span style=\"font-family: Calibri, sans-serif;\"><span style=\"font-size: medium;\">proporcionar eines per millorar la gesti\u00f3 de la diversitat ling\u00fc\u00edstica en els centres educatius <\/span><\/span><\/span><span style=\"color: #000000;\"><span style=\"font-family: Calibri, sans-serif;\"><span style=\"font-size: medium;\">i <\/span><\/span><\/span><span style=\"color: #000000;\"><span style=\"font-family: Calibri, sans-serif;\"><span style=\"font-size: medium;\">incentivar l\u2019aprenentatge i l\u2019\u00fas del catal\u00e0 a l\u2019escola<\/span><\/span><\/span> <span style=\"color: #000000;\"><span style=\"font-family: Calibri, sans-serif;\"><span style=\"font-size: medium;\">com un valor d\u2019enriquiment compartit, <\/span><\/span><\/span><span style=\"color: #000000;\"><span style=\"font-family: Calibri, sans-serif;\"><span style=\"font-size: medium;\">alhora que es vol <\/span><\/span><\/span><span style=\"color: #000000;\"><span style=\"font-family: Calibri, sans-serif;\"><span style=\"font-size: medium;\">generar en el centre una din\u00e0mica de reflexi\u00f3 continuada <\/span><\/span><\/span><span style=\"color: #000000;\"><span style=\"font-family: Calibri, sans-serif;\"><span style=\"font-size: medium;\">sobre els usos ling\u00fc\u00edstics.<\/span><\/span><\/span><\/p>\n<p style=\"text-align: justify;\"><span style=\"font-family: Calibri, sans-serif;\">En aquest context, tant el professorat d\u2019ESO i batxillerat el dimarts 22 d\u2019octubre com el professorat d\u2019FP el dijous 24 d\u2019octubre van assistir a una xerrada a c\u00e0rrec de Teresa Tort Videllet, professional de llarga traject\u00f2ria al <a href=\"http:\/\/cpnl.cat\" target=\"_blank\" rel=\"noopener\">Consorci per a la Normalitzaci\u00f3 Ling\u00fc\u00edstica<\/a> (CPNL). La xerrada va tractar diversos aspectes com el multiling\u00fcisme dins i fora de l\u2019aula, la comunicaci\u00f3 o la normativa en relaci\u00f3 amb la llengua. Tamb\u00e9 es van exposar dades estad\u00edstiques sobre l\u2019\u00fas del catal\u00e0 extretes de l\u2019enquesta d\u2019usos ling\u00fc\u00edstics de la poblaci\u00f3 del 2018 (en espera que es publiquin les dades del 2023) i es van fer propostes de futur, a m\u00e9s de presentar recursos per garantir que la llengua catalana sigui l\u2019eix vertebrador d\u2019una escola i d\u2019una societat diverses i pluriling\u00fces.<\/span><\/p>\n<p><a href=\"https:\/\/agora.xtec.cat\/ins-intermunicipal\/wp-content\/uploads\/usu2220\/2024\/10\/20241022_161122.jpg\"><img loading=\"lazy\" decoding=\"async\" class=\"alignnone wp-image-3722 size-medium\" src=\"https:\/\/agora.xtec.cat\/ins-intermunicipal\/wp-content\/uploads\/usu2220\/2024\/10\/20241022_161122-300x225.jpg\" alt=\"\" width=\"300\" height=\"225\" srcset=\"https:\/\/agora.xtec.cat\/ins-intermunicipal\/wp-content\/uploads\/usu2220\/2024\/10\/20241022_161122-300x225.jpg 300w, https:\/\/agora.xtec.cat\/ins-intermunicipal\/wp-content\/uploads\/usu2220\/2024\/10\/20241022_161122-768x576.jpg 768w, https:\/\/agora.xtec.cat\/ins-intermunicipal\/wp-content\/uploads\/usu2220\/2024\/10\/20241022_161122-200x150.jpg 200w, https:\/\/agora.xtec.cat\/ins-intermunicipal\/wp-content\/uploads\/usu2220\/2024\/10\/20241022_161122.jpg 900w\" sizes=\"auto, (max-width: 300px) 100vw, 300px\" \/><\/a><a href=\"https:\/\/agora.xtec.cat\/ins-intermunicipal\/wp-content\/uploads\/usu2220\/2024\/10\/IMG_20241024_141257-e1730113627385.jpg\"><img loading=\"lazy\" decoding=\"async\" class=\"alignnone wp-image-3721 \" src=\"https:\/\/agora.xtec.cat\/ins-intermunicipal\/wp-content\/uploads\/usu2220\/2024\/10\/IMG_20241024_141257-e1730113627385-300x193.jpg\" alt=\"\" width=\"350\" height=\"225\" srcset=\"https:\/\/agora.xtec.cat\/ins-intermunicipal\/wp-content\/uploads\/usu2220\/2024\/10\/IMG_20241024_141257-e1730113627385-300x193.jpg 300w, https:\/\/agora.xtec.cat\/ins-intermunicipal\/wp-content\/uploads\/usu2220\/2024\/10\/IMG_20241024_141257-e1730113627385-768x494.jpg 768w, https:\/\/agora.xtec.cat\/ins-intermunicipal\/wp-content\/uploads\/usu2220\/2024\/10\/IMG_20241024_141257-e1730113627385.jpg 900w\" sizes=\"auto, (max-width: 350px) 100vw, 350px\" \/><\/a><a href=\"https:\/\/agora.xtec.cat\/ins-intermunicipal\/wp-content\/uploads\/usu2220\/2024\/10\/20241022_1659170.jpg\"><img loading=\"lazy\" decoding=\"async\" class=\"alignnone wp-image-3724 \" src=\"https:\/\/agora.xtec.cat\/ins-intermunicipal\/wp-content\/uploads\/usu2220\/2024\/10\/20241022_1659170-300x225.jpg\" alt=\"\" width=\"326\" height=\"244\" srcset=\"https:\/\/agora.xtec.cat\/ins-intermunicipal\/wp-content\/uploads\/usu2220\/2024\/10\/20241022_1659170-300x225.jpg 300w, https:\/\/agora.xtec.cat\/ins-intermunicipal\/wp-content\/uploads\/usu2220\/2024\/10\/20241022_1659170-768x576.jpg 768w, https:\/\/agora.xtec.cat\/ins-intermunicipal\/wp-content\/uploads\/usu2220\/2024\/10\/20241022_1659170-200x150.jpg 200w, https:\/\/agora.xtec.cat\/ins-intermunicipal\/wp-content\/uploads\/usu2220\/2024\/10\/20241022_1659170.jpg 900w\" sizes=\"auto, (max-width: 326px) 100vw, 326px\" \/><\/a><a href=\"https:\/\/agora.xtec.cat\/ins-intermunicipal\/wp-content\/uploads\/usu2220\/2024\/10\/20241022_161143.jpg\"><img loading=\"lazy\" decoding=\"async\" class=\"alignnone wp-image-3723 \" src=\"https:\/\/agora.xtec.cat\/ins-intermunicipal\/wp-content\/uploads\/usu2220\/2024\/10\/20241022_161143-300x225.jpg\" alt=\"\" width=\"325\" height=\"244\" srcset=\"https:\/\/agora.xtec.cat\/ins-intermunicipal\/wp-content\/uploads\/usu2220\/2024\/10\/20241022_161143-300x225.jpg 300w, https:\/\/agora.xtec.cat\/ins-intermunicipal\/wp-content\/uploads\/usu2220\/2024\/10\/20241022_161143-768x576.jpg 768w, https:\/\/agora.xtec.cat\/ins-intermunicipal\/wp-content\/uploads\/usu2220\/2024\/10\/20241022_161143-200x150.jpg 200w, https:\/\/agora.xtec.cat\/ins-intermunicipal\/wp-content\/uploads\/usu2220\/2024\/10\/20241022_161143.jpg 900w\" sizes=\"auto, (max-width: 325px) 100vw, 325px\" \/><\/a><\/p>\n","protected":false},"excerpt":{"rendered":"<p>Una de les actuacions previstes en el desplegament del <a style=\"color: #339966;\" href=\"https:\/\/educacio.gencat.cat\/ca\/departament\/linies-estrategiques\/pla-llengua-catalana\/index.html\" target=\"_blank\" rel=\"noopener\">Pla de promoci\u00f3 de l\u2019\u00fas de la llengua catalana als centres educatius <\/a>\u00e9s el taller de sensibilitzaci\u00f3 ULAE (Usos Ling\u00fc\u00edstics en l\u2019\u00c0mbit Educatiu) en el qual el nostre institut hi participa&hellip;  <a href=\"https:\/\/agora.xtec.cat\/ins-intermunicipal\/general\/xerrada-de-teresa-tort-i-taller-ulae\/\" title=\"Read Xerrada de Teresa Tort i taller ULAE\">Llegeix m\u00e9s\u00bb<\/a><\/p>\n","protected":false},"author":7,"featured_media":3723,"comment_status":"closed","ping_status":"closed","sticky":false,"template":"","format":"standard","meta":{"_bbp_topic_count":0,"_bbp_reply_count":0,"_bbp_total_topic_count":0,"_bbp_total_reply_count":0,"_bbp_voice_count":0,"_bbp_anonymous_reply_count":0,"_bbp_topic_count_hidden":0,"_bbp_reply_count_hidden":0,"_bbp_forum_subforum_count":0,"footnotes":""},"categories":[8,3,30,1,29],"tags":[538,537,540,539],"class_list":["post-3725","post","type-post","status-publish","format-standard","has-post-thumbnail","hentry","category-bat","category-eso","category-formacio-professional","category-general","category-portada","tag-consorci-per-a-la-normalitzacio-linguistica","tag-pla-de-promocio-de-lus-de-la-llengua-catalana-als-centres-educatius","tag-taller-ulae","tag-teresa-tort"],"post_mailing_queue_ids":[],"_links":{"self":[{"href":"https:\/\/agora.xtec.cat\/ins-intermunicipal\/wp-json\/wp\/v2\/posts\/3725","targetHints":{"allow":["GET"]}}],"collection":[{"href":"https:\/\/agora.xtec.cat\/ins-intermunicipal\/wp-json\/wp\/v2\/posts"}],"about":[{"href":"https:\/\/agora.xtec.cat\/ins-intermunicipal\/wp-json\/wp\/v2\/types\/post"}],"author":[{"embeddable":true,"href":"https:\/\/agora.xtec.cat\/ins-intermunicipal\/wp-json\/wp\/v2\/users\/7"}],"replies":[{"embeddable":true,"href":"https:\/\/agora.xtec.cat\/ins-intermunicipal\/wp-json\/wp\/v2\/comments?post=3725"}],"version-history":[{"count":6,"href":"https:\/\/agora.xtec.cat\/ins-intermunicipal\/wp-json\/wp\/v2\/posts\/3725\/revisions"}],"predecessor-version":[{"id":3731,"href":"https:\/\/agora.xtec.cat\/ins-intermunicipal\/wp-json\/wp\/v2\/posts\/3725\/revisions\/3731"}],"wp:featuredmedia":[{"embeddable":true,"href":"https:\/\/agora.xtec.cat\/ins-intermunicipal\/wp-json\/wp\/v2\/media\/3723"}],"wp:attachment":[{"href":"https:\/\/agora.xtec.cat\/ins-intermunicipal\/wp-json\/wp\/v2\/media?parent=3725"}],"wp:term":[{"taxonomy":"category","embeddable":true,"href":"https:\/\/agora.xtec.cat\/ins-intermunicipal\/wp-json\/wp\/v2\/categories?post=3725"},{"taxonomy":"post_tag","embeddable":true,"href":"https:\/\/agora.xtec.cat\/ins-intermunicipal\/wp-json\/wp\/v2\/tags?post=3725"}],"curies":[{"name":"wp","href":"https:\/\/api.w.org\/{rel}","templated":true}]}}