{"id":3715,"date":"2024-10-24T10:14:37","date_gmt":"2024-10-24T08:14:37","guid":{"rendered":"https:\/\/agora.xtec.cat\/ins-intermunicipal\/?p=3715"},"modified":"2024-10-24T10:14:37","modified_gmt":"2024-10-24T08:14:37","slug":"recollida-collectiva-de-brossa","status":"publish","type":"post","link":"https:\/\/agora.xtec.cat\/ins-intermunicipal\/general\/recollida-collectiva-de-brossa\/","title":{"rendered":"Recollida col\u00b7lectiva de brossa"},"content":{"rendered":"<p style=\"text-align: justify;\"><a href=\"https:\/\/agora.xtec.cat\/ins-intermunicipal\/wp-content\/uploads\/usu2220\/2024\/10\/Cartell-recollida-de-brossa-collectiva-1.png\"><img loading=\"lazy\" decoding=\"async\" class=\"alignleft wp-image-3716 size-medium\" src=\"https:\/\/agora.xtec.cat\/ins-intermunicipal\/wp-content\/uploads\/usu2220\/2024\/10\/Cartell-recollida-de-brossa-collectiva-1-212x300.png\" alt=\"\" width=\"212\" height=\"300\" srcset=\"https:\/\/agora.xtec.cat\/ins-intermunicipal\/wp-content\/uploads\/usu2220\/2024\/10\/Cartell-recollida-de-brossa-collectiva-1-212x300.png 212w, https:\/\/agora.xtec.cat\/ins-intermunicipal\/wp-content\/uploads\/usu2220\/2024\/10\/Cartell-recollida-de-brossa-collectiva-1-724x1024.png 724w, https:\/\/agora.xtec.cat\/ins-intermunicipal\/wp-content\/uploads\/usu2220\/2024\/10\/Cartell-recollida-de-brossa-collectiva-1-768x1086.png 768w, https:\/\/agora.xtec.cat\/ins-intermunicipal\/wp-content\/uploads\/usu2220\/2024\/10\/Cartell-recollida-de-brossa-collectiva-1-1086x1536.png 1086w, https:\/\/agora.xtec.cat\/ins-intermunicipal\/wp-content\/uploads\/usu2220\/2024\/10\/Cartell-recollida-de-brossa-collectiva-1-1448x2048.png 1448w, https:\/\/agora.xtec.cat\/ins-intermunicipal\/wp-content\/uploads\/usu2220\/2024\/10\/Cartell-recollida-de-brossa-collectiva-1.png 1587w\" sizes=\"auto, (max-width: 212px) 100vw, 212px\" \/><\/a>Des del projecte de la mat\u00e8ria d&#8217;Objectius de Desenvolupament Sostenible (ODS), una colla d&#8217;estudiants de Batxillerat del nostre institut est\u00e0 impulsant una iniciativa que entre altres coses comporta tamb\u00e9 l&#8217;organitzaci\u00f3 de tres recollides col\u00b7lectives de brossa a les platges de Vilanova i la Geltr\u00fa, Sitges i Sant Vicen\u00e7 de Calders.<\/p>\n<p style=\"text-align: justify;\">Un dels objectius que es proposen \u00e9s el de conscienciar tota la comunitat sobre la import\u00e0ncia de cuidar el medi ambient i mantenir net el nostre entorn natural. Per aix\u00f2 ens animen a participar en aquestes activitats a les quals ens podem inscriure a trav\u00e9s del codi QR de la infografia que acompanya aquest text.<\/p>\n<p>&nbsp;<\/p>\n","protected":false},"excerpt":{"rendered":"<p><a href=\"https:\/\/agora.xtec.cat\/ins-intermunicipal\/wp-content\/uploads\/usu2220\/2024\/10\/Cartell-recollida-de-brossa-collectiva-1.png\"><\/a>Des del projecte de la mat\u00e8ria d&#8217;Objectius de Desenvolupament Sostenible (ODS), una colla d&#8217;estudiants de Batxillerat del nostre institut est\u00e0 impulsant una iniciativa que entre altres coses comporta tamb\u00e9 l&#8217;organitzaci\u00f3 de tres recollides col\u00b7lectives de brossa a les platges de Vilanova i la Geltr\u00fa,&hellip;  <a href=\"https:\/\/agora.xtec.cat\/ins-intermunicipal\/general\/recollida-collectiva-de-brossa\/\" title=\"Read Recollida col\u00b7lectiva de brossa\">Llegeix m\u00e9s\u00bb<\/a><\/p>\n","protected":false},"author":7,"featured_media":3716,"comment_status":"closed","ping_status":"closed","sticky":false,"template":"","format":"standard","meta":{"_bbp_topic_count":0,"_bbp_reply_count":0,"_bbp_total_topic_count":0,"_bbp_total_reply_count":0,"_bbp_voice_count":0,"_bbp_anonymous_reply_count":0,"_bbp_topic_count_hidden":0,"_bbp_reply_count_hidden":0,"_bbp_forum_subforum_count":0,"footnotes":""},"categories":[8,3,30,1,29],"tags":[536,295,533,535,534],"class_list":["post-3715","post","type-post","status-publish","format-standard","has-post-thumbnail","hentry","category-bat","category-eso","category-formacio-professional","category-general","category-portada","tag-entorn-natural","tag-medi-ambient","tag-ods","tag-platja","tag-recollida-de-brossa"],"post_mailing_queue_ids":[],"_links":{"self":[{"href":"https:\/\/agora.xtec.cat\/ins-intermunicipal\/wp-json\/wp\/v2\/posts\/3715","targetHints":{"allow":["GET"]}}],"collection":[{"href":"https:\/\/agora.xtec.cat\/ins-intermunicipal\/wp-json\/wp\/v2\/posts"}],"about":[{"href":"https:\/\/agora.xtec.cat\/ins-intermunicipal\/wp-json\/wp\/v2\/types\/post"}],"author":[{"embeddable":true,"href":"https:\/\/agora.xtec.cat\/ins-intermunicipal\/wp-json\/wp\/v2\/users\/7"}],"replies":[{"embeddable":true,"href":"https:\/\/agora.xtec.cat\/ins-intermunicipal\/wp-json\/wp\/v2\/comments?post=3715"}],"version-history":[{"count":1,"href":"https:\/\/agora.xtec.cat\/ins-intermunicipal\/wp-json\/wp\/v2\/posts\/3715\/revisions"}],"predecessor-version":[{"id":3717,"href":"https:\/\/agora.xtec.cat\/ins-intermunicipal\/wp-json\/wp\/v2\/posts\/3715\/revisions\/3717"}],"wp:featuredmedia":[{"embeddable":true,"href":"https:\/\/agora.xtec.cat\/ins-intermunicipal\/wp-json\/wp\/v2\/media\/3716"}],"wp:attachment":[{"href":"https:\/\/agora.xtec.cat\/ins-intermunicipal\/wp-json\/wp\/v2\/media?parent=3715"}],"wp:term":[{"taxonomy":"category","embeddable":true,"href":"https:\/\/agora.xtec.cat\/ins-intermunicipal\/wp-json\/wp\/v2\/categories?post=3715"},{"taxonomy":"post_tag","embeddable":true,"href":"https:\/\/agora.xtec.cat\/ins-intermunicipal\/wp-json\/wp\/v2\/tags?post=3715"}],"curies":[{"name":"wp","href":"https:\/\/api.w.org\/{rel}","templated":true}]}}