{"id":3712,"date":"2024-10-24T09:58:27","date_gmt":"2024-10-24T07:58:27","guid":{"rendered":"https:\/\/agora.xtec.cat\/ins-intermunicipal\/?p=3712"},"modified":"2024-10-24T09:58:27","modified_gmt":"2024-10-24T07:58:27","slug":"24-doctubre-dia-de-les-biblioteques","status":"publish","type":"post","link":"https:\/\/agora.xtec.cat\/ins-intermunicipal\/general\/24-doctubre-dia-de-les-biblioteques\/","title":{"rendered":"24 d&#8217;octubre, Dia de les Biblioteques"},"content":{"rendered":"<p style=\"text-align: justify;\"><span><a href=\"https:\/\/agora.xtec.cat\/ins-intermunicipal\/wp-content\/uploads\/usu2220\/2024\/10\/Dia_de_les_biblioteques_2024.jpg\"><img loading=\"lazy\" decoding=\"async\" class=\"wp-image-3713 size-medium alignleft\" src=\"https:\/\/agora.xtec.cat\/ins-intermunicipal\/wp-content\/uploads\/usu2220\/2024\/10\/Dia_de_les_biblioteques_2024-214x300.jpg\" alt=\"\" width=\"214\" height=\"300\" srcset=\"https:\/\/agora.xtec.cat\/ins-intermunicipal\/wp-content\/uploads\/usu2220\/2024\/10\/Dia_de_les_biblioteques_2024-214x300.jpg 214w, https:\/\/agora.xtec.cat\/ins-intermunicipal\/wp-content\/uploads\/usu2220\/2024\/10\/Dia_de_les_biblioteques_2024-731x1024.jpg 731w, https:\/\/agora.xtec.cat\/ins-intermunicipal\/wp-content\/uploads\/usu2220\/2024\/10\/Dia_de_les_biblioteques_2024-768x1075.jpg 768w, https:\/\/agora.xtec.cat\/ins-intermunicipal\/wp-content\/uploads\/usu2220\/2024\/10\/Dia_de_les_biblioteques_2024-1097x1536.jpg 1097w, https:\/\/agora.xtec.cat\/ins-intermunicipal\/wp-content\/uploads\/usu2220\/2024\/10\/Dia_de_les_biblioteques_2024.jpg 1417w\" sizes=\"auto, (max-width: 214px) 100vw, 214px\" \/><\/a>Avui, 24 d&#8217;octubre, \u00e9s el dia de les biblioteques. Aquesta celebraci\u00f3 va n\u00e9ixer el 1997 impulsada per l&#8217;Associaci\u00f3 Espanyola d&#8217;Amics del Llibre Infantil i Juvenil en col\u00b7laboraci\u00f3 amb el Ministeri de Cultura.\u00a0<\/span><span>La data va ser triada en mem\u00f2ria de l&#8217;incendi de 1992 que va destruir la Biblioteca Nacional i Universit\u00e0ria de B\u00f2snia i Hercegovina<\/span><span>, coneguda com a Biblioteca de Sarajevo.\u00a0<\/span><\/p>\n<p style=\"text-align: justify;\"><span>La iniciativa va n\u00e9ixer per traslladar a l&#8217;opini\u00f3 p\u00fablica la import\u00e0ncia de les biblioteques com a llocs de trobada de les persones lectores de totes les edats amb la cultura, i com a instrument de millora de la formaci\u00f3 i la conviv\u00e8ncia humana, on els llibres s\u00f3n a l&#8217;abast de totes les persones.<\/span><\/p>\n<p style=\"text-align: justify;\"><span>T<\/span>otes les biblioteques p\u00fabliques, privades, universit\u00e0ries, especialitzades, escolars, nacionals, comunit\u00e0ries, m\u00f2bils, f\u00edsiques i virtuals contenen grans tresors que han de ser preservats.<\/p>\n","protected":false},"excerpt":{"rendered":"<p><a href=\"https:\/\/agora.xtec.cat\/ins-intermunicipal\/wp-content\/uploads\/usu2220\/2024\/10\/Dia_de_les_biblioteques_2024.jpg\"><\/a>Avui, 24 d&#8217;octubre, \u00e9s el dia de les biblioteques. Aquesta celebraci\u00f3 va n\u00e9ixer el 1997 impulsada per l&#8217;Associaci\u00f3 Espanyola d&#8217;Amics del Llibre Infantil i Juvenil en col\u00b7laboraci\u00f3 amb el Ministeri de Cultura.\u00a0La data va ser triada en mem\u00f2ria de l&#8217;incendi de 1992 que va&hellip;  <a href=\"https:\/\/agora.xtec.cat\/ins-intermunicipal\/general\/24-doctubre-dia-de-les-biblioteques\/\" title=\"Read 24 d&#8217;octubre, Dia de les Biblioteques\">Llegeix m\u00e9s\u00bb<\/a><\/p>\n","protected":false},"author":7,"featured_media":3713,"comment_status":"closed","ping_status":"closed","sticky":false,"template":"","format":"standard","meta":{"_bbp_topic_count":0,"_bbp_reply_count":0,"_bbp_total_topic_count":0,"_bbp_total_reply_count":0,"_bbp_voice_count":0,"_bbp_anonymous_reply_count":0,"_bbp_topic_count_hidden":0,"_bbp_reply_count_hidden":0,"_bbp_forum_subforum_count":0,"footnotes":""},"categories":[162,8,3,30,1,29],"tags":[206,532],"class_list":["post-3712","post","type-post","status-publish","format-standard","has-post-thumbnail","hentry","category-aula-dacollida","category-bat","category-eso","category-formacio-professional","category-general","category-portada","tag-biblioteca","tag-dia-de-lers-biblioteques"],"post_mailing_queue_ids":[],"_links":{"self":[{"href":"https:\/\/agora.xtec.cat\/ins-intermunicipal\/wp-json\/wp\/v2\/posts\/3712","targetHints":{"allow":["GET"]}}],"collection":[{"href":"https:\/\/agora.xtec.cat\/ins-intermunicipal\/wp-json\/wp\/v2\/posts"}],"about":[{"href":"https:\/\/agora.xtec.cat\/ins-intermunicipal\/wp-json\/wp\/v2\/types\/post"}],"author":[{"embeddable":true,"href":"https:\/\/agora.xtec.cat\/ins-intermunicipal\/wp-json\/wp\/v2\/users\/7"}],"replies":[{"embeddable":true,"href":"https:\/\/agora.xtec.cat\/ins-intermunicipal\/wp-json\/wp\/v2\/comments?post=3712"}],"version-history":[{"count":1,"href":"https:\/\/agora.xtec.cat\/ins-intermunicipal\/wp-json\/wp\/v2\/posts\/3712\/revisions"}],"predecessor-version":[{"id":3714,"href":"https:\/\/agora.xtec.cat\/ins-intermunicipal\/wp-json\/wp\/v2\/posts\/3712\/revisions\/3714"}],"wp:featuredmedia":[{"embeddable":true,"href":"https:\/\/agora.xtec.cat\/ins-intermunicipal\/wp-json\/wp\/v2\/media\/3713"}],"wp:attachment":[{"href":"https:\/\/agora.xtec.cat\/ins-intermunicipal\/wp-json\/wp\/v2\/media?parent=3712"}],"wp:term":[{"taxonomy":"category","embeddable":true,"href":"https:\/\/agora.xtec.cat\/ins-intermunicipal\/wp-json\/wp\/v2\/categories?post=3712"},{"taxonomy":"post_tag","embeddable":true,"href":"https:\/\/agora.xtec.cat\/ins-intermunicipal\/wp-json\/wp\/v2\/tags?post=3712"}],"curies":[{"name":"wp","href":"https:\/\/api.w.org\/{rel}","templated":true}]}}