{"id":3707,"date":"2024-10-23T13:45:22","date_gmt":"2024-10-23T11:45:22","guid":{"rendered":"https:\/\/agora.xtec.cat\/ins-intermunicipal\/?p=3707"},"modified":"2024-10-23T13:45:22","modified_gmt":"2024-10-23T11:45:22","slug":"xerrada-de-la-fundacio-femcat-2","status":"publish","type":"post","link":"https:\/\/agora.xtec.cat\/ins-intermunicipal\/general\/xerrada-de-la-fundacio-femcat-2\/","title":{"rendered":"Xerrada de la Fundaci\u00f3 FemCat"},"content":{"rendered":"<p style=\"text-align: justify;\">Els\u00a0alumnes de Funcionament de l&#8217;empresa de 1r de Batxillerat han pogut assistir avui a una xerrada de la\u00a0<a href=\"https:\/\/www.femcat.cat\/\" target=\"_blank\" rel=\"noopener\" data-saferedirecturl=\"https:\/\/www.google.com\/url?q=https:\/\/www.femcat.cat\/&amp;source=gmail&amp;ust=1729769216188000&amp;usg=AOvVaw3ZxU1HfUt5Msbt4LpOyDCJ\">Fundaci\u00f3 FemCAT<\/a>\u00a0dins del\u00a0<a href=\"https:\/\/www.escolaiempresa.cat\/\" target=\"_blank\" rel=\"noopener\" data-saferedirecturl=\"https:\/\/www.google.com\/url?q=https:\/\/www.escolaiempresa.cat\/&amp;source=gmail&amp;ust=1729769216188000&amp;usg=AOvVaw1FotcIze_YXaZlKHuHMeqS\">Programa Escola i Empresa<\/a>.\u00a0L\u2019objectiu d\u2019aquestes xerrades \u00e9s acostar la realitat de les empreses a les aules a trav\u00e9s de la visi\u00f3 i l\u2019experi\u00e8ncia d\u2019un directiu d\u2019alguna empresa catalana.\u00a0Avui, concretament, l\u2019encarregat de dirigir-se als nostres alumnes ha estat en Xavier Carles,\u00a0Director General de Grup Carles Gesti\u00f3 i Projectes.<\/p>\n<p><a href=\"https:\/\/agora.xtec.cat\/ins-intermunicipal\/wp-content\/uploads\/usu2220\/2024\/10\/20241023_093518-1.jpg\"><img loading=\"lazy\" decoding=\"async\" class=\"alignnone wp-image-3709 \" src=\"https:\/\/agora.xtec.cat\/ins-intermunicipal\/wp-content\/uploads\/usu2220\/2024\/10\/20241023_093518-1-300x169.jpg\" alt=\"\" width=\"417\" height=\"235\" srcset=\"https:\/\/agora.xtec.cat\/ins-intermunicipal\/wp-content\/uploads\/usu2220\/2024\/10\/20241023_093518-1-300x169.jpg 300w, https:\/\/agora.xtec.cat\/ins-intermunicipal\/wp-content\/uploads\/usu2220\/2024\/10\/20241023_093518-1-768x432.jpg 768w, https:\/\/agora.xtec.cat\/ins-intermunicipal\/wp-content\/uploads\/usu2220\/2024\/10\/20241023_093518-1.jpg 900w\" sizes=\"auto, (max-width: 417px) 100vw, 417px\" \/><\/a> <a href=\"https:\/\/agora.xtec.cat\/ins-intermunicipal\/wp-content\/uploads\/usu2220\/2024\/10\/20241023_094155-1.jpg\"><img loading=\"lazy\" decoding=\"async\" class=\"alignnone wp-image-3710 \" src=\"https:\/\/agora.xtec.cat\/ins-intermunicipal\/wp-content\/uploads\/usu2220\/2024\/10\/20241023_094155-1-300x169.jpg\" alt=\"\" width=\"421\" height=\"237\" srcset=\"https:\/\/agora.xtec.cat\/ins-intermunicipal\/wp-content\/uploads\/usu2220\/2024\/10\/20241023_094155-1-300x169.jpg 300w, https:\/\/agora.xtec.cat\/ins-intermunicipal\/wp-content\/uploads\/usu2220\/2024\/10\/20241023_094155-1-768x432.jpg 768w, https:\/\/agora.xtec.cat\/ins-intermunicipal\/wp-content\/uploads\/usu2220\/2024\/10\/20241023_094155-1.jpg 900w\" sizes=\"auto, (max-width: 421px) 100vw, 421px\" \/><\/a><\/p>\n","protected":false},"excerpt":{"rendered":"<p>Els\u00a0alumnes de Funcionament de l&#8217;empresa de 1r de Batxillerat han pogut assistir avui a una xerrada de la\u00a0<a href=\"https:\/\/www.femcat.cat\/\" target=\"_blank\" rel=\"noopener\" data-saferedirecturl=\"https:\/\/www.google.com\/url?q=https:\/\/www.femcat.cat\/&amp;source=gmail&amp;ust=1729769216188000&amp;usg=AOvVaw3ZxU1HfUt5Msbt4LpOyDCJ\">Fundaci\u00f3 FemCAT<\/a>\u00a0dins del\u00a0<a href=\"https:\/\/www.escolaiempresa.cat\/\" target=\"_blank\" rel=\"noopener\" data-saferedirecturl=\"https:\/\/www.google.com\/url?q=https:\/\/www.escolaiempresa.cat\/&amp;source=gmail&amp;ust=1729769216188000&amp;usg=AOvVaw1FotcIze_YXaZlKHuHMeqS\">Programa Escola i Empresa<\/a>.\u00a0L\u2019objectiu d\u2019aquestes xerrades \u00e9s acostar la realitat de les empreses a les aules a trav\u00e9s&hellip;  <a href=\"https:\/\/agora.xtec.cat\/ins-intermunicipal\/general\/xerrada-de-la-fundacio-femcat-2\/\" title=\"Read Xerrada de la Fundaci\u00f3 FemCat\">Llegeix m\u00e9s\u00bb<\/a><\/p>\n","protected":false},"author":7,"featured_media":3709,"comment_status":"closed","ping_status":"closed","sticky":false,"template":"","format":"standard","meta":{"_bbp_topic_count":0,"_bbp_reply_count":0,"_bbp_total_topic_count":0,"_bbp_total_reply_count":0,"_bbp_voice_count":0,"_bbp_anonymous_reply_count":0,"_bbp_topic_count_hidden":0,"_bbp_reply_count_hidden":0,"_bbp_forum_subforum_count":0,"footnotes":""},"categories":[8,1,29],"tags":[311,420,421,531,338],"class_list":["post-3707","post","type-post","status-publish","format-standard","has-post-thumbnail","hentry","category-bat","category-general","category-portada","tag-funcionament-de-lempresa","tag-fundacio-femcat","tag-programa-escola-i-empresa","tag-xavier-carles","tag-xerrada"],"post_mailing_queue_ids":[],"_links":{"self":[{"href":"https:\/\/agora.xtec.cat\/ins-intermunicipal\/wp-json\/wp\/v2\/posts\/3707","targetHints":{"allow":["GET"]}}],"collection":[{"href":"https:\/\/agora.xtec.cat\/ins-intermunicipal\/wp-json\/wp\/v2\/posts"}],"about":[{"href":"https:\/\/agora.xtec.cat\/ins-intermunicipal\/wp-json\/wp\/v2\/types\/post"}],"author":[{"embeddable":true,"href":"https:\/\/agora.xtec.cat\/ins-intermunicipal\/wp-json\/wp\/v2\/users\/7"}],"replies":[{"embeddable":true,"href":"https:\/\/agora.xtec.cat\/ins-intermunicipal\/wp-json\/wp\/v2\/comments?post=3707"}],"version-history":[{"count":2,"href":"https:\/\/agora.xtec.cat\/ins-intermunicipal\/wp-json\/wp\/v2\/posts\/3707\/revisions"}],"predecessor-version":[{"id":3711,"href":"https:\/\/agora.xtec.cat\/ins-intermunicipal\/wp-json\/wp\/v2\/posts\/3707\/revisions\/3711"}],"wp:featuredmedia":[{"embeddable":true,"href":"https:\/\/agora.xtec.cat\/ins-intermunicipal\/wp-json\/wp\/v2\/media\/3709"}],"wp:attachment":[{"href":"https:\/\/agora.xtec.cat\/ins-intermunicipal\/wp-json\/wp\/v2\/media?parent=3707"}],"wp:term":[{"taxonomy":"category","embeddable":true,"href":"https:\/\/agora.xtec.cat\/ins-intermunicipal\/wp-json\/wp\/v2\/categories?post=3707"},{"taxonomy":"post_tag","embeddable":true,"href":"https:\/\/agora.xtec.cat\/ins-intermunicipal\/wp-json\/wp\/v2\/tags?post=3707"}],"curies":[{"name":"wp","href":"https:\/\/api.w.org\/{rel}","templated":true}]}}