{"id":3696,"date":"2024-10-21T22:17:29","date_gmt":"2024-10-21T20:17:29","guid":{"rendered":"https:\/\/agora.xtec.cat\/ins-intermunicipal\/?p=3696"},"modified":"2024-10-21T22:19:24","modified_gmt":"2024-10-21T20:19:24","slug":"exit-de-participacio-a-la-fira-de-les-professions","status":"publish","type":"post","link":"https:\/\/agora.xtec.cat\/ins-intermunicipal\/general\/exit-de-participacio-a-la-fira-de-les-professions\/","title":{"rendered":"\u00c8xit de participaci\u00f3 a la Fira de les professions"},"content":{"rendered":"<p>L&#8217;Institut Intermunicipal del Pened\u00e8s va participar la setmana passada en la Fir\u00e0 \u00c8xit, la Fira de les Professions del Pened\u00e8s, que enguany s&#8217;estrenava amb la voluntat d&#8217;ajudar els joves a descobrir la seva vocaci\u00f3 professional, mitjan\u00e7ant l\u2019experimentaci\u00f3 de diferent oficis i professions. Amb una \u00e0mplia varietat d\u2019expositors, entre ells centres formatius i empreses, ponents i recursos, la fira va oferir entre dijous, divendres i dissabte una visi\u00f3 completa de les opcions formatives i professionals disponibles a l&#8217;Alt Pened\u00e8s. El Pavell\u00f3 Firal de Vilafranca del Pened\u00e8s, amb m\u00e9s de 2.000 metres quadrats d&#8217;oferta educativa, va veure passar en tres dies m\u00e9s de 2.600 joves interessats per l&#8217;oferta i pel seu futur professional. El nostre centre educatiu va tenir un estand i va mostrar als visitants la nostra oferta formativa: el PFI d\u2019Auxiliar en Centres Sanitaris, el CFGM de Gesti\u00f3 Administrativa, el CFGM de Farm\u00e0cia i Parafarm\u00e0cia, el CFGM d\u2019Atenci\u00f3 a Persones en Situaci\u00f3 de Depend\u00e8ncia, el CFGS d\u2019Educaci\u00f3 Infantil, el CFGS d\u2019Integraci\u00f3 Social i el CFGS d\u2019Administraci\u00f3 i Finances. Alumnes de tercer i quart d&#8217;ESO, Batxillerat i Cicles Formatius de tota la comarca, incl\u00f2s del nostre centre, van passar-hi. Dissabte es tancava la primera edici\u00f3 de l&#8217;\u00c8xit amb una jornada dedicada a les fam\u00edlies i centrada en l&#8217;Orientaci\u00f3.<\/p>\n<p>Us deixem algunes imatges de la fira. Esperem ser-hi a la pr\u00f2xima edici\u00f3.<\/p>\n<p><a href=\"https:\/\/agora.xtec.cat\/ins-intermunicipal\/wp-content\/uploads\/usu2220\/2024\/10\/Imatge-de-WhatsApp-2024-10-18-a-les-10.44.09_3e6f1ebf-1.jpg\"><img loading=\"lazy\" decoding=\"async\" class=\"alignnone size-large wp-image-3701\" src=\"https:\/\/agora.xtec.cat\/ins-intermunicipal\/wp-content\/uploads\/usu2220\/2024\/10\/Imatge-de-WhatsApp-2024-10-18-a-les-10.44.09_3e6f1ebf-1-1024x768.jpg\" alt=\"\" width=\"1024\" height=\"768\" srcset=\"https:\/\/agora.xtec.cat\/ins-intermunicipal\/wp-content\/uploads\/usu2220\/2024\/10\/Imatge-de-WhatsApp-2024-10-18-a-les-10.44.09_3e6f1ebf-1-1024x768.jpg 1024w, https:\/\/agora.xtec.cat\/ins-intermunicipal\/wp-content\/uploads\/usu2220\/2024\/10\/Imatge-de-WhatsApp-2024-10-18-a-les-10.44.09_3e6f1ebf-1-300x225.jpg 300w, https:\/\/agora.xtec.cat\/ins-intermunicipal\/wp-content\/uploads\/usu2220\/2024\/10\/Imatge-de-WhatsApp-2024-10-18-a-les-10.44.09_3e6f1ebf-1-768x576.jpg 768w, https:\/\/agora.xtec.cat\/ins-intermunicipal\/wp-content\/uploads\/usu2220\/2024\/10\/Imatge-de-WhatsApp-2024-10-18-a-les-10.44.09_3e6f1ebf-1-1536x1152.jpg 1536w, https:\/\/agora.xtec.cat\/ins-intermunicipal\/wp-content\/uploads\/usu2220\/2024\/10\/Imatge-de-WhatsApp-2024-10-18-a-les-10.44.09_3e6f1ebf-1-200x150.jpg 200w, https:\/\/agora.xtec.cat\/ins-intermunicipal\/wp-content\/uploads\/usu2220\/2024\/10\/Imatge-de-WhatsApp-2024-10-18-a-les-10.44.09_3e6f1ebf-1.jpg 2000w\" sizes=\"auto, (max-width: 1024px) 100vw, 1024px\" \/><\/a><\/p>\n<p><a href=\"https:\/\/agora.xtec.cat\/ins-intermunicipal\/wp-content\/uploads\/usu2220\/2024\/10\/IMG_20241017_090837-1.jpg\"><img loading=\"lazy\" decoding=\"async\" class=\"alignnone size-large wp-image-3703\" src=\"https:\/\/agora.xtec.cat\/ins-intermunicipal\/wp-content\/uploads\/usu2220\/2024\/10\/IMG_20241017_090837-1-1024x768.jpg\" alt=\"\" width=\"1024\" height=\"768\" srcset=\"https:\/\/agora.xtec.cat\/ins-intermunicipal\/wp-content\/uploads\/usu2220\/2024\/10\/IMG_20241017_090837-1-1024x768.jpg 1024w, https:\/\/agora.xtec.cat\/ins-intermunicipal\/wp-content\/uploads\/usu2220\/2024\/10\/IMG_20241017_090837-1-300x225.jpg 300w, https:\/\/agora.xtec.cat\/ins-intermunicipal\/wp-content\/uploads\/usu2220\/2024\/10\/IMG_20241017_090837-1-768x576.jpg 768w, https:\/\/agora.xtec.cat\/ins-intermunicipal\/wp-content\/uploads\/usu2220\/2024\/10\/IMG_20241017_090837-1-1536x1152.jpg 1536w, https:\/\/agora.xtec.cat\/ins-intermunicipal\/wp-content\/uploads\/usu2220\/2024\/10\/IMG_20241017_090837-1-200x150.jpg 200w, https:\/\/agora.xtec.cat\/ins-intermunicipal\/wp-content\/uploads\/usu2220\/2024\/10\/IMG_20241017_090837-1.jpg 2048w\" sizes=\"auto, (max-width: 1024px) 100vw, 1024px\" \/><\/a> <a href=\"https:\/\/agora.xtec.cat\/ins-intermunicipal\/wp-content\/uploads\/usu2220\/2024\/10\/IMG_20241017_115549-1-1-rotated.jpg\"><img loading=\"lazy\" decoding=\"async\" class=\"alignnone size-large wp-image-3704\" src=\"https:\/\/agora.xtec.cat\/ins-intermunicipal\/wp-content\/uploads\/usu2220\/2024\/10\/IMG_20241017_115549-1-1-768x1024.jpg\" alt=\"\" width=\"768\" height=\"1024\" srcset=\"https:\/\/agora.xtec.cat\/ins-intermunicipal\/wp-content\/uploads\/usu2220\/2024\/10\/IMG_20241017_115549-1-1-768x1024.jpg 768w, https:\/\/agora.xtec.cat\/ins-intermunicipal\/wp-content\/uploads\/usu2220\/2024\/10\/IMG_20241017_115549-1-1-225x300.jpg 225w, https:\/\/agora.xtec.cat\/ins-intermunicipal\/wp-content\/uploads\/usu2220\/2024\/10\/IMG_20241017_115549-1-1-1152x1536.jpg 1152w, https:\/\/agora.xtec.cat\/ins-intermunicipal\/wp-content\/uploads\/usu2220\/2024\/10\/IMG_20241017_115549-1-1-rotated.jpg 1536w\" sizes=\"auto, (max-width: 768px) 100vw, 768px\" \/><\/a><a href=\"https:\/\/agora.xtec.cat\/ins-intermunicipal\/wp-content\/uploads\/usu2220\/2024\/10\/Imatge-de-WhatsApp-2024-10-19-a-les-22.40.32_322dde12-1.jpg\"><img loading=\"lazy\" decoding=\"async\" class=\"alignnone size-large wp-image-3700\" src=\"https:\/\/agora.xtec.cat\/ins-intermunicipal\/wp-content\/uploads\/usu2220\/2024\/10\/Imatge-de-WhatsApp-2024-10-19-a-les-22.40.32_322dde12-1-1024x574.jpg\" alt=\"\" width=\"1024\" height=\"574\" srcset=\"https:\/\/agora.xtec.cat\/ins-intermunicipal\/wp-content\/uploads\/usu2220\/2024\/10\/Imatge-de-WhatsApp-2024-10-19-a-les-22.40.32_322dde12-1-1024x574.jpg 1024w, https:\/\/agora.xtec.cat\/ins-intermunicipal\/wp-content\/uploads\/usu2220\/2024\/10\/Imatge-de-WhatsApp-2024-10-19-a-les-22.40.32_322dde12-1-300x168.jpg 300w, https:\/\/agora.xtec.cat\/ins-intermunicipal\/wp-content\/uploads\/usu2220\/2024\/10\/Imatge-de-WhatsApp-2024-10-19-a-les-22.40.32_322dde12-1-768x431.jpg 768w, https:\/\/agora.xtec.cat\/ins-intermunicipal\/wp-content\/uploads\/usu2220\/2024\/10\/Imatge-de-WhatsApp-2024-10-19-a-les-22.40.32_322dde12-1-1536x861.jpg 1536w, https:\/\/agora.xtec.cat\/ins-intermunicipal\/wp-content\/uploads\/usu2220\/2024\/10\/Imatge-de-WhatsApp-2024-10-19-a-les-22.40.32_322dde12-1.jpg 1600w\" sizes=\"auto, (max-width: 1024px) 100vw, 1024px\" \/><\/a><\/p>\n","protected":false},"excerpt":{"rendered":"<p>L&#8217;Institut Intermunicipal del Pened\u00e8s va participar la setmana passada en la Fir\u00e0 \u00c8xit, la Fira de les Professions del Pened\u00e8s, que enguany s&#8217;estrenava amb la voluntat d&#8217;ajudar els joves a descobrir la seva vocaci\u00f3 professional, mitjan\u00e7ant l\u2019experimentaci\u00f3 de diferent oficis i professions. Amb una \u00e0mplia&hellip;  <a href=\"https:\/\/agora.xtec.cat\/ins-intermunicipal\/general\/exit-de-participacio-a-la-fira-de-les-professions\/\" title=\"Read \u00c8xit de participaci\u00f3 a la Fira de les professions\">Llegeix m\u00e9s\u00bb<\/a><\/p>\n","protected":false},"author":8,"featured_media":3702,"comment_status":"closed","ping_status":"closed","sticky":false,"template":"","format":"standard","meta":{"_bbp_topic_count":0,"_bbp_reply_count":0,"_bbp_total_topic_count":0,"_bbp_total_reply_count":0,"_bbp_voice_count":0,"_bbp_anonymous_reply_count":0,"_bbp_topic_count_hidden":0,"_bbp_reply_count_hidden":0,"_bbp_forum_subforum_count":0,"footnotes":""},"categories":[30,1,29],"tags":[],"class_list":["post-3696","post","type-post","status-publish","format-standard","has-post-thumbnail","hentry","category-formacio-professional","category-general","category-portada"],"post_mailing_queue_ids":[],"_links":{"self":[{"href":"https:\/\/agora.xtec.cat\/ins-intermunicipal\/wp-json\/wp\/v2\/posts\/3696","targetHints":{"allow":["GET"]}}],"collection":[{"href":"https:\/\/agora.xtec.cat\/ins-intermunicipal\/wp-json\/wp\/v2\/posts"}],"about":[{"href":"https:\/\/agora.xtec.cat\/ins-intermunicipal\/wp-json\/wp\/v2\/types\/post"}],"author":[{"embeddable":true,"href":"https:\/\/agora.xtec.cat\/ins-intermunicipal\/wp-json\/wp\/v2\/users\/8"}],"replies":[{"embeddable":true,"href":"https:\/\/agora.xtec.cat\/ins-intermunicipal\/wp-json\/wp\/v2\/comments?post=3696"}],"version-history":[{"count":2,"href":"https:\/\/agora.xtec.cat\/ins-intermunicipal\/wp-json\/wp\/v2\/posts\/3696\/revisions"}],"predecessor-version":[{"id":3706,"href":"https:\/\/agora.xtec.cat\/ins-intermunicipal\/wp-json\/wp\/v2\/posts\/3696\/revisions\/3706"}],"wp:featuredmedia":[{"embeddable":true,"href":"https:\/\/agora.xtec.cat\/ins-intermunicipal\/wp-json\/wp\/v2\/media\/3702"}],"wp:attachment":[{"href":"https:\/\/agora.xtec.cat\/ins-intermunicipal\/wp-json\/wp\/v2\/media?parent=3696"}],"wp:term":[{"taxonomy":"category","embeddable":true,"href":"https:\/\/agora.xtec.cat\/ins-intermunicipal\/wp-json\/wp\/v2\/categories?post=3696"},{"taxonomy":"post_tag","embeddable":true,"href":"https:\/\/agora.xtec.cat\/ins-intermunicipal\/wp-json\/wp\/v2\/tags?post=3696"}],"curies":[{"name":"wp","href":"https:\/\/api.w.org\/{rel}","templated":true}]}}