{"id":3677,"date":"2024-10-16T20:20:20","date_gmt":"2024-10-16T18:20:20","guid":{"rendered":"https:\/\/agora.xtec.cat\/ins-intermunicipal\/?p=3677"},"modified":"2024-10-16T20:23:34","modified_gmt":"2024-10-16T18:23:34","slug":"la-marato-visita-linter","status":"publish","type":"post","link":"https:\/\/agora.xtec.cat\/ins-intermunicipal\/general\/la-marato-visita-linter\/","title":{"rendered":"La Marat\u00f3 visita l&#8217;\u00cdnter"},"content":{"rendered":"<p><a href=\"https:\/\/agora.xtec.cat\/ins-intermunicipal\/wp-content\/uploads\/usu2220\/2024\/10\/Imatge-de-WhatsApp-2024-10-16-a-les-18.23.09_6098ce92.jpg\"><img loading=\"lazy\" decoding=\"async\" class=\"size-medium wp-image-3678 alignright\" src=\"https:\/\/agora.xtec.cat\/ins-intermunicipal\/wp-content\/uploads\/usu2220\/2024\/10\/Imatge-de-WhatsApp-2024-10-16-a-les-18.23.09_6098ce92-300x225.jpg\" alt=\"\" width=\"300\" height=\"225\" srcset=\"https:\/\/agora.xtec.cat\/ins-intermunicipal\/wp-content\/uploads\/usu2220\/2024\/10\/Imatge-de-WhatsApp-2024-10-16-a-les-18.23.09_6098ce92-300x225.jpg 300w, https:\/\/agora.xtec.cat\/ins-intermunicipal\/wp-content\/uploads\/usu2220\/2024\/10\/Imatge-de-WhatsApp-2024-10-16-a-les-18.23.09_6098ce92-768x576.jpg 768w, https:\/\/agora.xtec.cat\/ins-intermunicipal\/wp-content\/uploads\/usu2220\/2024\/10\/Imatge-de-WhatsApp-2024-10-16-a-les-18.23.09_6098ce92-200x150.jpg 200w, https:\/\/agora.xtec.cat\/ins-intermunicipal\/wp-content\/uploads\/usu2220\/2024\/10\/Imatge-de-WhatsApp-2024-10-16-a-les-18.23.09_6098ce92.jpg 1000w\" sizes=\"auto, (max-width: 300px) 100vw, 300px\" \/><\/a> L&#8217;alumnat del CFGS d&#8217;Educaci\u00f3 Infantil i del CFGM d&#8217;Atenci\u00f3 a la Depend\u00e8ncia ha rebut aquests dies la visita del bi\u00f2leg, Marc Homs, de la Fundaci\u00f3 La Marat\u00f3, de 3cat, per presentar l&#8217;edici\u00f3 d&#8217;enguany, la 33ena, dedicada a les malalties respirat\u00f2ries. Homs va descobrir a l&#8217;alumnat una s\u00e8rie de trastorns i malalties que afecten la salut pulmonar i va projectar una s\u00e8rie de v\u00eddeos sobre el tema en els quals diversos pacients exposaven com es conviu amb la malaltia.<\/p>\n<p>Durant el debat amb l&#8217;alumnat es va parlar de l&#8217;efecte de la contaminaci\u00f3, de l&#8217;asma o del tabac. Molts es van sorprendre quan es va comentar que fumar abans dels 20 anys t\u00e9 efectes m\u00e9s perju<a href=\"https:\/\/agora.xtec.cat\/ins-intermunicipal\/wp-content\/uploads\/usu2220\/2024\/10\/Imatge-de-WhatsApp-2024-10-16-a-les-18.40.25_57ef26fa.jpg\"><img loading=\"lazy\" decoding=\"async\" class=\"size-medium wp-image-3679 alignright\" src=\"https:\/\/agora.xtec.cat\/ins-intermunicipal\/wp-content\/uploads\/usu2220\/2024\/10\/Imatge-de-WhatsApp-2024-10-16-a-les-18.40.25_57ef26fa-300x225.jpg\" alt=\"\" width=\"300\" height=\"225\" srcset=\"https:\/\/agora.xtec.cat\/ins-intermunicipal\/wp-content\/uploads\/usu2220\/2024\/10\/Imatge-de-WhatsApp-2024-10-16-a-les-18.40.25_57ef26fa-300x225.jpg 300w, https:\/\/agora.xtec.cat\/ins-intermunicipal\/wp-content\/uploads\/usu2220\/2024\/10\/Imatge-de-WhatsApp-2024-10-16-a-les-18.40.25_57ef26fa-768x576.jpg 768w, https:\/\/agora.xtec.cat\/ins-intermunicipal\/wp-content\/uploads\/usu2220\/2024\/10\/Imatge-de-WhatsApp-2024-10-16-a-les-18.40.25_57ef26fa-200x150.jpg 200w, https:\/\/agora.xtec.cat\/ins-intermunicipal\/wp-content\/uploads\/usu2220\/2024\/10\/Imatge-de-WhatsApp-2024-10-16-a-les-18.40.25_57ef26fa.jpg 1024w\" sizes=\"auto, (max-width: 300px) 100vw, 300px\" \/><\/a>dicials per a la salut, ja que els pulmons encara estan en per\u00edode de creixement.<\/p>\n<p>La Marat\u00f3 es podr\u00e0 seguir el pr\u00f2xim 15 de desembre i comptar\u00e0 amb activitats populars repartides per tot el territori catal\u00e0, tamb\u00e9 a la nostra comarca.<\/p>\n<p>&nbsp;<\/p>\n<p>&nbsp;<\/p>\n","protected":false},"excerpt":{"rendered":"<p><a href=\"https:\/\/agora.xtec.cat\/ins-intermunicipal\/wp-content\/uploads\/usu2220\/2024\/10\/Imatge-de-WhatsApp-2024-10-16-a-les-18.23.09_6098ce92.jpg\"><\/a> L&#8217;alumnat del CFGS d&#8217;Educaci\u00f3 Infantil i del CFGM d&#8217;Atenci\u00f3 a la Depend\u00e8ncia ha rebut aquests dies la visita del bi\u00f2leg, Marc Homs, de la Fundaci\u00f3 La Marat\u00f3, de 3cat, per presentar l&#8217;edici\u00f3 d&#8217;enguany, la 33ena, dedicada a les malalties respirat\u00f2ries. Homs va descobrir&hellip;  <a href=\"https:\/\/agora.xtec.cat\/ins-intermunicipal\/general\/la-marato-visita-linter\/\" title=\"Read La Marat\u00f3 visita l&#8217;\u00cdnter\">Llegeix m\u00e9s\u00bb<\/a><\/p>\n","protected":false},"author":8,"featured_media":3680,"comment_status":"closed","ping_status":"closed","sticky":false,"template":"","format":"standard","meta":{"_bbp_topic_count":0,"_bbp_reply_count":0,"_bbp_total_topic_count":0,"_bbp_total_reply_count":0,"_bbp_voice_count":0,"_bbp_anonymous_reply_count":0,"_bbp_topic_count_hidden":0,"_bbp_reply_count_hidden":0,"_bbp_forum_subforum_count":0,"footnotes":""},"categories":[30,1,29],"tags":[],"class_list":["post-3677","post","type-post","status-publish","format-standard","has-post-thumbnail","hentry","category-formacio-professional","category-general","category-portada"],"post_mailing_queue_ids":[],"_links":{"self":[{"href":"https:\/\/agora.xtec.cat\/ins-intermunicipal\/wp-json\/wp\/v2\/posts\/3677","targetHints":{"allow":["GET"]}}],"collection":[{"href":"https:\/\/agora.xtec.cat\/ins-intermunicipal\/wp-json\/wp\/v2\/posts"}],"about":[{"href":"https:\/\/agora.xtec.cat\/ins-intermunicipal\/wp-json\/wp\/v2\/types\/post"}],"author":[{"embeddable":true,"href":"https:\/\/agora.xtec.cat\/ins-intermunicipal\/wp-json\/wp\/v2\/users\/8"}],"replies":[{"embeddable":true,"href":"https:\/\/agora.xtec.cat\/ins-intermunicipal\/wp-json\/wp\/v2\/comments?post=3677"}],"version-history":[{"count":2,"href":"https:\/\/agora.xtec.cat\/ins-intermunicipal\/wp-json\/wp\/v2\/posts\/3677\/revisions"}],"predecessor-version":[{"id":3682,"href":"https:\/\/agora.xtec.cat\/ins-intermunicipal\/wp-json\/wp\/v2\/posts\/3677\/revisions\/3682"}],"wp:featuredmedia":[{"embeddable":true,"href":"https:\/\/agora.xtec.cat\/ins-intermunicipal\/wp-json\/wp\/v2\/media\/3680"}],"wp:attachment":[{"href":"https:\/\/agora.xtec.cat\/ins-intermunicipal\/wp-json\/wp\/v2\/media?parent=3677"}],"wp:term":[{"taxonomy":"category","embeddable":true,"href":"https:\/\/agora.xtec.cat\/ins-intermunicipal\/wp-json\/wp\/v2\/categories?post=3677"},{"taxonomy":"post_tag","embeddable":true,"href":"https:\/\/agora.xtec.cat\/ins-intermunicipal\/wp-json\/wp\/v2\/tags?post=3677"}],"curies":[{"name":"wp","href":"https:\/\/api.w.org\/{rel}","templated":true}]}}