{"id":3670,"date":"2024-10-16T13:37:12","date_gmt":"2024-10-16T11:37:12","guid":{"rendered":"https:\/\/agora.xtec.cat\/ins-intermunicipal\/?p=3670"},"modified":"2024-10-16T13:54:46","modified_gmt":"2024-10-16T11:54:46","slug":"laula-dacollida-24-25-en-marxa","status":"publish","type":"post","link":"https:\/\/agora.xtec.cat\/ins-intermunicipal\/general\/laula-dacollida-24-25-en-marxa\/","title":{"rendered":"L\u2019aula d\u2019acollida 24-25, en marxa!"},"content":{"rendered":"<p style=\"text-align: justify;\"><span style=\"font-weight: 400;\">Un curs m\u00e9s, <\/span>l&#8217;<strong>A<\/strong><b>ula d&#8217;Acollida <\/b>del nostre institut <span style=\"font-weight: 400;\">ja est\u00e0 en funcionament i tots els alumnes que en formem part ja<a href=\"https:\/\/agora.xtec.cat\/ins-intermunicipal\/wp-content\/uploads\/usu2220\/2024\/10\/35baf5a9-4f54-4706-bb81-3901e3e90a33.jpg\"><img loading=\"lazy\" decoding=\"async\" class=\"wp-image-3671 alignleft\" src=\"https:\/\/agora.xtec.cat\/ins-intermunicipal\/wp-content\/uploads\/usu2220\/2024\/10\/35baf5a9-4f54-4706-bb81-3901e3e90a33-300x141.jpg\" alt=\"\" width=\"432\" height=\"203\" srcset=\"https:\/\/agora.xtec.cat\/ins-intermunicipal\/wp-content\/uploads\/usu2220\/2024\/10\/35baf5a9-4f54-4706-bb81-3901e3e90a33-300x141.jpg 300w, https:\/\/agora.xtec.cat\/ins-intermunicipal\/wp-content\/uploads\/usu2220\/2024\/10\/35baf5a9-4f54-4706-bb81-3901e3e90a33-768x361.jpg 768w, https:\/\/agora.xtec.cat\/ins-intermunicipal\/wp-content\/uploads\/usu2220\/2024\/10\/35baf5a9-4f54-4706-bb81-3901e3e90a33.jpg 876w\" sizes=\"auto, (max-width: 432px) 100vw, 432px\" \/><\/a> estem treballant de valent per aprendre la llengua catalana. Per practicar l&#8217;\u00fas del catal\u00e0, aquest setembre hem fet una enquesta que tenia com a objectiu saber quines s\u00f3n les lleng\u00fces que m\u00e9s es parlen als carrers de Sant Sadurn\u00ed d&#8217;Anoia.<\/span><\/p>\n<p style=\"text-align: justify;\"><span style=\"font-weight: 400;\">Els 15 alumnes de l\u2019aula d\u2019acollida vam recorrer els diferents carrers del centre de Sant Sadurn\u00ed en grups de 3 o 4 persones, preguntant a la gent si parlaven habitualment en catal\u00e0 en el seu dia a dia, si se sentien m\u00e9s c\u00f2modes utilitzant el catal\u00e0 o el castell\u00e0 i quines lleng\u00fces sabien parlar.<\/span><\/p>\n<p style=\"text-align: justify;\"><span style=\"font-weight: 400;\">Una de les preguntes que ens f\u00e8iem<\/span><span style=\"font-weight: 400;\"> era si la iniciativa de les persones per parlar en catal\u00e1 ve de que els hi agrada l\u2019idioma, ve de l\u2019escola o ve de casa?<\/span><\/p>\n<p style=\"text-align: justify;\"><span style=\"font-weight: 400;\">Van respondre l\u2019enquesta 113 persones i els resultats s\u00f3n molt interessants:<\/span><\/p>\n<p style=\"text-align: justify;\"><b>SABIEU QUE\u2026.<\/b><\/p>\n<ul>\n<li style=\"text-align: justify;\"><span style=\"font-weight: 400;\">Nom\u00e9s el 60% de la gent que va respondre l\u2019enquesta parla habitualment en catal\u00e0.<\/span><\/li>\n<li style=\"font-weight: 400; text-align: justify;\" aria-level=\"1\"><span style=\"font-weight: 400;\">El 40% de la gent que va respondre l\u2019enquesta se sent m\u00e9s c\u00f2mode parlant en catal\u00e0, el 45% en castell\u00e0 i el 15% restant amb les dues igual.<\/span><\/li>\n<li style=\"font-weight: 400; text-align: justify;\" aria-level=\"1\"><span style=\"font-weight: 400;\">Gaireb\u00e9 totes les persones que saben parlar en catal\u00e0 tamb\u00e9 dominen el castell\u00e0, per\u00f2 en canvi molts dels que dominen el castell\u00e0, no saben parlar en catal\u00e0.<\/span><\/li>\n<li style=\"font-weight: 400; text-align: justify;\" aria-level=\"1\"><span style=\"font-weight: 400;\">Les lleng\u00fces m\u00e9s parlades a part del catal\u00e0 i el castell\u00e0 s\u00f3n, per aquest ordre, l\u2019angl\u00e8s, l\u2019\u00e0rab, el franc\u00e8s i l\u2019urd\u00fa.<\/span><\/li>\n<\/ul>\n","protected":false},"excerpt":{"rendered":"<p>Un curs m\u00e9s, l&#8217;Aula d&#8217;Acollida del nostre institut ja est\u00e0 en funcionament i tots els alumnes que en formem part ja<a href=\"https:\/\/agora.xtec.cat\/ins-intermunicipal\/wp-content\/uploads\/usu2220\/2024\/10\/35baf5a9-4f54-4706-bb81-3901e3e90a33.jpg\"><\/a> estem treballant de valent per aprendre la llengua catalana. Per practicar l&#8217;\u00fas del catal\u00e0, aquest setembre hem fet una enquesta que tenia com&hellip;  <a href=\"https:\/\/agora.xtec.cat\/ins-intermunicipal\/general\/laula-dacollida-24-25-en-marxa\/\" title=\"Read L\u2019aula d\u2019acollida 24-25, en marxa!\">Llegeix m\u00e9s\u00bb<\/a><\/p>\n","protected":false},"author":7,"featured_media":3671,"comment_status":"closed","ping_status":"closed","sticky":false,"template":"","format":"standard","meta":{"_bbp_topic_count":0,"_bbp_reply_count":0,"_bbp_total_topic_count":0,"_bbp_total_reply_count":0,"_bbp_voice_count":0,"_bbp_anonymous_reply_count":0,"_bbp_topic_count_hidden":0,"_bbp_reply_count_hidden":0,"_bbp_forum_subforum_count":0,"footnotes":""},"categories":[162,3,1,29],"tags":[42,529,161,528,478,410,477,530],"class_list":["post-3670","post","type-post","status-publish","format-standard","has-post-thumbnail","hentry","category-aula-dacollida","category-eso","category-general","category-portada","tag-angles","tag-arab","tag-aula-acollida","tag-castella","tag-catala","tag-frances","tag-llengues","tag-urdu"],"post_mailing_queue_ids":[],"_links":{"self":[{"href":"https:\/\/agora.xtec.cat\/ins-intermunicipal\/wp-json\/wp\/v2\/posts\/3670","targetHints":{"allow":["GET"]}}],"collection":[{"href":"https:\/\/agora.xtec.cat\/ins-intermunicipal\/wp-json\/wp\/v2\/posts"}],"about":[{"href":"https:\/\/agora.xtec.cat\/ins-intermunicipal\/wp-json\/wp\/v2\/types\/post"}],"author":[{"embeddable":true,"href":"https:\/\/agora.xtec.cat\/ins-intermunicipal\/wp-json\/wp\/v2\/users\/7"}],"replies":[{"embeddable":true,"href":"https:\/\/agora.xtec.cat\/ins-intermunicipal\/wp-json\/wp\/v2\/comments?post=3670"}],"version-history":[{"count":5,"href":"https:\/\/agora.xtec.cat\/ins-intermunicipal\/wp-json\/wp\/v2\/posts\/3670\/revisions"}],"predecessor-version":[{"id":3676,"href":"https:\/\/agora.xtec.cat\/ins-intermunicipal\/wp-json\/wp\/v2\/posts\/3670\/revisions\/3676"}],"wp:featuredmedia":[{"embeddable":true,"href":"https:\/\/agora.xtec.cat\/ins-intermunicipal\/wp-json\/wp\/v2\/media\/3671"}],"wp:attachment":[{"href":"https:\/\/agora.xtec.cat\/ins-intermunicipal\/wp-json\/wp\/v2\/media?parent=3670"}],"wp:term":[{"taxonomy":"category","embeddable":true,"href":"https:\/\/agora.xtec.cat\/ins-intermunicipal\/wp-json\/wp\/v2\/categories?post=3670"},{"taxonomy":"post_tag","embeddable":true,"href":"https:\/\/agora.xtec.cat\/ins-intermunicipal\/wp-json\/wp\/v2\/tags?post=3670"}],"curies":[{"name":"wp","href":"https:\/\/api.w.org\/{rel}","templated":true}]}}