{"id":3605,"date":"2024-09-30T12:29:52","date_gmt":"2024-09-30T10:29:52","guid":{"rendered":"https:\/\/agora.xtec.cat\/ins-intermunicipal\/?p=3605"},"modified":"2024-09-30T12:29:52","modified_gmt":"2024-09-30T10:29:52","slug":"solidart-2024-2025","status":"publish","type":"post","link":"https:\/\/agora.xtec.cat\/ins-intermunicipal\/general\/solidart-2024-2025\/","title":{"rendered":"SolidArt 2024-2025"},"content":{"rendered":"<p align=\"justify\">Comen\u00e7a el <strong>Projecte SolidArt 2024-2025<\/strong> i les alumnes Lidia Pavaloaia, Merc\u00e8 Mariages i Anastasia Acedo de 3r curs d&#8217;ESO ens han fet arribar el seg\u00fcent text on ens expliquen de qu\u00e8 es tracta i com es desenvolupar\u00e0:<a href=\"https:\/\/agora.xtec.cat\/ins-intermunicipal\/wp-content\/uploads\/usu2220\/2024\/04\/Cartell-Solidart-mapa-1-1-2.jpg\"><img loading=\"lazy\" decoding=\"async\" class=\" wp-image-2784 alignright\" src=\"https:\/\/agora.xtec.cat\/ins-intermunicipal\/wp-content\/uploads\/usu2220\/2024\/04\/Cartell-Solidart-mapa-1-1-2.jpg\" alt=\"\" width=\"287\" height=\"152\" \/><\/a><\/p>\n<p align=\"justify\"><em><span style=\"font-family: Arial, sans-serif;\"><span style=\"font-size: medium;\">Durant aquest curs 2024-2025, a l\u2019Institut Intermunicipal del Pened\u00e8s els alumnes de 3r de l\u2019ESO realitzarem un projecte anomenat <strong>SolidArt<\/strong>. \u00c9s una iniciativa per ajudar una entitat solid\u00e0ria a trav\u00e9s de l\u2019art. Al llarg del curs, treballarem les paraules que formen SolidArt, <b>solidaritat i art<\/b>, i mitjan\u00e7ant projectes, activitats i presentacions aprendrem a fusionar aquests dos conceptes amb una finalitat ben\u00e8fica. <\/span><\/span><\/em><\/p>\n<p align=\"justify\"><em><span style=\"font-family: Arial, sans-serif;\"><span style=\"font-size: medium;\">Hem de tenir en compte que un dels objectius del projecte \u00e9s arribar a contestar unes preguntes espec\u00edfiques que ens ajudaran a reflexionar. Aquestes s\u00f3n:<\/span><\/span><\/em><\/p>\n<ul>\n<li><em><span style=\"font-family: Arial, sans-serif;\"><span style=\"font-size: medium;\">Com s\u2019organitza la gent del meu territori amb finalitats socials i solid\u00e0ries?<\/span><\/span><\/em><\/li>\n<li><em style=\"font-family: inherit; font-size: 1em;\"><span style=\"font-family: Arial, sans-serif;\"><span style=\"font-size: medium;\">Qu\u00e8 \u00e9s i com s\u2019organitza una subhasta?<\/span><\/span><\/em><\/li>\n<li><em style=\"font-family: inherit; font-size: 1em;\"><span style=\"font-family: Arial, sans-serif;\"><span style=\"font-size: medium;\">Com organitzem exposicions art\u00edstiques que interpel\u00b7lin al p\u00fablic i el facin part\u00edcip?<\/span><\/span><\/em><\/li>\n<li><em style=\"font-family: inherit; font-size: 1em;\"><span style=\"font-family: Arial, sans-serif;\"><span style=\"font-size: medium;\">Quin ha estat el paper de la dona artista\/objecte al m\u00f3n de l\u2019art al llarg de la hist\u00f2ria?<\/span><\/span><\/em><\/li>\n<\/ul>\n<p style=\"text-align: justify;\" align=\"justify\"><em><span style=\"font-family: Arial, sans-serif;\"><span style=\"font-size: medium;\"><a href=\"https:\/\/agora.xtec.cat\/ins-intermunicipal\/wp-content\/uploads\/usu2220\/2024\/09\/20240923_100732-1.jpg\"><img loading=\"lazy\" decoding=\"async\" class=\"alignleft wp-image-3610 \" src=\"https:\/\/agora.xtec.cat\/ins-intermunicipal\/wp-content\/uploads\/usu2220\/2024\/09\/20240923_100732-1-300x135.jpg\" alt=\"\" width=\"544\" height=\"245\" srcset=\"https:\/\/agora.xtec.cat\/ins-intermunicipal\/wp-content\/uploads\/usu2220\/2024\/09\/20240923_100732-1-300x135.jpg 300w, https:\/\/agora.xtec.cat\/ins-intermunicipal\/wp-content\/uploads\/usu2220\/2024\/09\/20240923_100732-1-768x346.jpg 768w, https:\/\/agora.xtec.cat\/ins-intermunicipal\/wp-content\/uploads\/usu2220\/2024\/09\/20240923_100732-1.jpg 900w\" sizes=\"auto, (max-width: 544px) 100vw, 544px\" \/><\/a>Concretament, les primeres setmanes de curs estudiarem i treballarem a fons tot el que representa la solidaritat. Tindrem l\u2019oportunitat de con\u00e8ixer entitats sense \u00e0nim de lucre i col\u00b7laborar amb una d\u2019elles per acabar ajudant-la a final de curs. <\/span><\/span><\/em><\/p>\n<p style=\"text-align: justify;\" align=\"left\"><em><span style=\"font-family: Arial, sans-serif;\"><span style=\"font-size: medium;\">Durant el segon trimestre del curs ens centrarem en l\u2019art, n&#8217;aprendrem la hist\u00f2ria, anirem al <a href=\"https:\/\/www.museunacional.cat\/ca\" target=\"_blank\" rel=\"noopener\">Museu Nacional d&#8217;Art de Catalunya<\/a> i visitarem l\u2019art urb\u00e0 dels carrers de Barcelona per adquirir coneixements. Tanmateix, utilitzarem l\u2019art com a via d\u2019expressi\u00f3 i dissenyarem, despr\u00e9s, una visita guiada el 8M que doni visibilitat a les dones artistes. <\/span><\/span><\/em><\/p>\n<p style=\"text-align: center;\" align=\"left\"><span style=\"color: #008000;\"><strong><em> \u201c<span style=\"font-family: Arial, sans-serif;\"><span style=\"font-size: medium;\">La solidaritat \u00e9s un valor personal que suposa tenir la capacitat d\u2019ajudar, respectar <\/span><\/span><\/em><em><span style=\"font-family: Arial, sans-serif;\"><span style=\"font-size: medium;\">i comprendre els altres\u201d<\/span><\/span><\/em><\/strong><\/span><\/p>\n<p style=\"text-align: justify;\" align=\"left\"><em><span style=\"font-family: Arial, sans-serif;\"><span style=\"font-size: medium;\">I finalment, fusionarem tot el que hem apr\u00e8s en els darrers mesos, per acabar donant lloc a la paraula SolidArt. Aix\u00ed mateix, crearem obres d\u2019art per acabar venent-les en una gran subhasta que celebrarem a finals de juny, on recaptarem diners per ajudar l\u2019ESAL (entitat sense \u00e0nim de lucre) escollida. <\/span><\/span><\/em><\/p>\n<p style=\"text-align: center;\" align=\"left\"><span style=\"color: #008000;\"><strong><em><span style=\"font-family: Arial, sans-serif;\"><span style=\"font-size: medium;\">Albert Einstein: <\/span><\/span><\/em><em>\u201c<span style=\"font-family: Arial, sans-serif;\"><span style=\"font-size: medium;\">L\u2019art \u00e9s l\u2019expressi\u00f3 dels m\u00e9s profunds pensaments pel cam\u00ed m\u00e9s senzill\u201d\u00a0<\/span><\/span><\/em><\/strong><\/span><\/p>\n<p align=\"justify\"><em><span style=\"font-family: Arial, sans-serif;\"><span style=\"font-size: medium;\">Ens agradaria destacar, que des del primer fins a l\u2019\u00faltim trimestre, tindrem l\u2019oportunitat de col\u00b7laborar amb la <a href=\"https:\/\/masalborna.org\/\" target=\"_blank\" rel=\"noopener\">Fundaci\u00f3 Mas Alborn\u00e0<\/a>, podent interactuar amb els seus usuaris i monitors, coneixent les seves instal\u00b7lacions i el seu dia a dia. Com que l\u2019any passat, l\u2019institut ja va col\u00b7laborar amb ells, aquest curs ens guiaran, ajudaran i acompanyaran en tot el proc\u00e9s del projecte.<\/span><\/span><\/em><\/p>\n<p align=\"justify\"><a href=\"https:\/\/agora.xtec.cat\/ins-intermunicipal\/wp-content\/uploads\/usu2220\/2024\/09\/20240923_102555-1.jpg\"><img loading=\"lazy\" decoding=\"async\" class=\"alignnone size-full wp-image-3611\" src=\"https:\/\/agora.xtec.cat\/ins-intermunicipal\/wp-content\/uploads\/usu2220\/2024\/09\/20240923_102555-1.jpg\" alt=\"\" width=\"900\" height=\"563\" srcset=\"https:\/\/agora.xtec.cat\/ins-intermunicipal\/wp-content\/uploads\/usu2220\/2024\/09\/20240923_102555-1.jpg 900w, https:\/\/agora.xtec.cat\/ins-intermunicipal\/wp-content\/uploads\/usu2220\/2024\/09\/20240923_102555-1-300x188.jpg 300w, https:\/\/agora.xtec.cat\/ins-intermunicipal\/wp-content\/uploads\/usu2220\/2024\/09\/20240923_102555-1-768x480.jpg 768w\" sizes=\"auto, (max-width: 900px) 100vw, 900px\" \/><\/a><\/p>\n","protected":false},"excerpt":{"rendered":"<p>Comen\u00e7a el Projecte SolidArt 2024-2025 i les alumnes Lidia Pavaloaia, Merc\u00e8 Mariages i Anastasia Acedo de 3r curs d&#8217;ESO ens han fet arribar el seg\u00fcent text on ens expliquen de qu\u00e8 es tracta i com es desenvolupar\u00e0:<a href=\"https:\/\/agora.xtec.cat\/ins-intermunicipal\/wp-content\/uploads\/usu2220\/2024\/04\/Cartell-Solidart-mapa-1-1-2.jpg\"><\/a><br \/>\nDurant aquest curs 2024-2025, a l\u2019Institut Intermunicipal del&hellip;  <a href=\"https:\/\/agora.xtec.cat\/ins-intermunicipal\/general\/solidart-2024-2025\/\" title=\"Read SolidArt 2024-2025\">Llegeix m\u00e9s\u00bb<\/a><\/p>\n","protected":false},"author":7,"featured_media":3611,"comment_status":"closed","ping_status":"closed","sticky":false,"template":"","format":"standard","meta":{"_bbp_topic_count":0,"_bbp_reply_count":0,"_bbp_total_topic_count":0,"_bbp_total_reply_count":0,"_bbp_voice_count":0,"_bbp_anonymous_reply_count":0,"_bbp_topic_count_hidden":0,"_bbp_reply_count_hidden":0,"_bbp_forum_subforum_count":0,"footnotes":""},"categories":[6,3,1,29],"tags":[464,496,462,525,479,526,460],"class_list":["post-3605","post","type-post","status-publish","format-standard","has-post-thumbnail","hentry","category-3eso","category-eso","category-general","category-portada","tag-art","tag-eso3","tag-fundacio-mas-alborna","tag-mnac","tag-projecte-solidart","tag-solidaritat","tag-solidart"],"post_mailing_queue_ids":[],"_links":{"self":[{"href":"https:\/\/agora.xtec.cat\/ins-intermunicipal\/wp-json\/wp\/v2\/posts\/3605","targetHints":{"allow":["GET"]}}],"collection":[{"href":"https:\/\/agora.xtec.cat\/ins-intermunicipal\/wp-json\/wp\/v2\/posts"}],"about":[{"href":"https:\/\/agora.xtec.cat\/ins-intermunicipal\/wp-json\/wp\/v2\/types\/post"}],"author":[{"embeddable":true,"href":"https:\/\/agora.xtec.cat\/ins-intermunicipal\/wp-json\/wp\/v2\/users\/7"}],"replies":[{"embeddable":true,"href":"https:\/\/agora.xtec.cat\/ins-intermunicipal\/wp-json\/wp\/v2\/comments?post=3605"}],"version-history":[{"count":6,"href":"https:\/\/agora.xtec.cat\/ins-intermunicipal\/wp-json\/wp\/v2\/posts\/3605\/revisions"}],"predecessor-version":[{"id":3622,"href":"https:\/\/agora.xtec.cat\/ins-intermunicipal\/wp-json\/wp\/v2\/posts\/3605\/revisions\/3622"}],"wp:featuredmedia":[{"embeddable":true,"href":"https:\/\/agora.xtec.cat\/ins-intermunicipal\/wp-json\/wp\/v2\/media\/3611"}],"wp:attachment":[{"href":"https:\/\/agora.xtec.cat\/ins-intermunicipal\/wp-json\/wp\/v2\/media?parent=3605"}],"wp:term":[{"taxonomy":"category","embeddable":true,"href":"https:\/\/agora.xtec.cat\/ins-intermunicipal\/wp-json\/wp\/v2\/categories?post=3605"},{"taxonomy":"post_tag","embeddable":true,"href":"https:\/\/agora.xtec.cat\/ins-intermunicipal\/wp-json\/wp\/v2\/tags?post=3605"}],"curies":[{"name":"wp","href":"https:\/\/api.w.org\/{rel}","templated":true}]}}