{"id":3555,"date":"2024-09-24T17:15:03","date_gmt":"2024-09-24T15:15:03","guid":{"rendered":"https:\/\/agora.xtec.cat\/ins-intermunicipal\/?p=3555"},"modified":"2024-09-24T17:18:46","modified_gmt":"2024-09-24T15:18:46","slug":"engega-la-barraca","status":"publish","type":"post","link":"https:\/\/agora.xtec.cat\/ins-intermunicipal\/general\/engega-la-barraca\/","title":{"rendered":"Engega La Barraca 2024-2025"},"content":{"rendered":"<p align=\"justify\"><span style=\"font-family: Arial, sans-serif;\">L\u2019alumnat del PDC de 3r curs d\u2019ESO i del SIEI ens fan saber que es torna a posar en marxa el Projecte La Barraca i que podreu, per tant, encarregar els vostres esmorzars els dimarts i els divendres.<\/span><\/p>\n<p align=\"justify\"><span style=\"font-family: Arial, sans-serif;\"><a href=\"https:\/\/agora.xtec.cat\/ins-intermunicipal\/wp-content\/uploads\/usu2220\/2024\/09\/PHOTO-2024-09-24-13-14-48-1-e1727190705386.jpg\"><img loading=\"lazy\" decoding=\"async\" class=\"alignleft wp-image-3556 \" src=\"https:\/\/agora.xtec.cat\/ins-intermunicipal\/wp-content\/uploads\/usu2220\/2024\/09\/PHOTO-2024-09-24-13-14-48-1-300x135.jpg\" alt=\"\" width=\"435\" height=\"196\" \/><\/a>En aquest projecte que es va comen\u00e7ar l\u2019any 2017, el present curs hi participen 9 alumnes del SIEI i 12 alumnes del PDC de 3r ESO. Els alumnes implicats s\u2019han d\u2019organitzar per gestionar el servei de La Barraca, i aix\u00f2 vol dir que ells es responsabilitzen de les compres, de fer les comandes, de la neteja, d\u2019organitzar els torns de barra o de fer els cobraments entre altres tasques que puguin sorgir.<\/span><\/p>\n<p align=\"justify\"><span style=\"font-family: Arial, sans-serif;\">Tamb\u00e9 cal remarcar que el fet de treballar de manera conjunta, suposa un model d\u2019inclusi\u00f3 i de treball cooperatiu que permet aprendre a repartir-se les tasques i a acceptar-les, aix\u00ed com tamb\u00e9 comporta aprendre a realitzar-les correctament. Sempre, per\u00f2, tenint en compte la feina d\u2019equip i seguint un mateix objectiu final.<\/span><\/p>\n<p align=\"justify\"><span style=\"font-family: Arial, sans-serif;\">A m\u00e9s, \u00e9s important destacar que amb els alumnes de La Barraca es treballa l\u2019autonomia i l\u2019aprenentatge dels processos d\u2019accions quotidianes. Tamb\u00e9 es treballa la responsabilitat en formar part del projecte, les habilitats socials de relaci\u00f3<a href=\"https:\/\/agora.xtec.cat\/ins-intermunicipal\/wp-content\/uploads\/usu2220\/2024\/09\/PHOTO-2024-09-24-13-14-48-e1727190725557.jpg\"><img loading=\"lazy\" decoding=\"async\" class=\" wp-image-3557 alignright\" src=\"https:\/\/agora.xtec.cat\/ins-intermunicipal\/wp-content\/uploads\/usu2220\/2024\/09\/PHOTO-2024-09-24-13-14-48-1024x461.jpg\" alt=\"\" width=\"544\" height=\"245\" \/><\/a> entre iguals, amb el professorat i en les situacions de compra-venda.<\/span><\/p>\n<p align=\"justify\"><span style=\"font-family: Arial, sans-serif;\">A nivell m\u00e9s espec\u00edfic, cal posar \u00e8mfasi en l\u2019aprenentatge de la gesti\u00f3 econ\u00f2mica que implica tot el projecte, aix\u00f2 vol dir que s\u00f3n els alumnes els encarregats de fer les previsions econ\u00f2miques, d\u2019adequar les compres al pressupost, valorar el cost-benefici, comptar utilitzant els diners i saber tornar canvis, aix\u00ed com saber gestionar els beneficis obtinguts.<\/span><\/p>\n<p align=\"justify\"><span style=\"font-family: Arial, sans-serif;\">A m\u00e9s de fer amb els alumnes del projecte tot el treball personal que s\u2019ha explicat, tamb\u00e9 s\u2019hi afegeix l\u2019objectiu d\u2019oferir esmorzars saludables a tota la resta de l\u2019alumnat de l\u2019institut. Per fer-ho factible, els alumnes del projecte ens han comunicat que ja engega La Barraca i que a m\u00e9s d\u2019atendre-us a la parada, podreu fer les vostres comandes en aquest <strong><a href=\"https:\/\/docs.google.com\/forms\/d\/e\/1FAIpQLSdKeO0vBa7vdvlX5ddzScnuiMKEUBMD5N5BGRvcR3BlXgtdyQ\/viewform\" target=\"_blank\" rel=\"noopener\">formulari<\/a><\/strong>.<\/span><\/p>\n<p align=\"justify\"><span style=\"font-family: Arial, sans-serif;\">Finalment, ens recorden que aquest curs 2024-2025, La Barraca s\u2019obrir\u00e0 dos dies a la setmana durant les estones de pati, de manera que els dimarts ser\u00e0 gestionada per l\u2019alumnat del SIEI i els divendres pel grup de PDC de 3r d\u2019ESO.<\/span><\/p>\n","protected":false},"excerpt":{"rendered":"<p>L\u2019alumnat del PDC de 3r curs d\u2019ESO i del SIEI ens fan saber que es torna a posar en marxa el Projecte La Barraca i que podreu, per tant, encarregar els vostres esmorzars els dimarts i els divendres.<br \/>\n<a href=\"https:\/\/agora.xtec.cat\/ins-intermunicipal\/wp-content\/uploads\/usu2220\/2024\/09\/PHOTO-2024-09-24-13-14-48-1-e1727190705386.jpg\"><\/a>En aquest projecte que es va comen\u00e7ar&hellip;  <a href=\"https:\/\/agora.xtec.cat\/ins-intermunicipal\/general\/engega-la-barraca\/\" title=\"Read Engega La Barraca 2024-2025\">Llegeix m\u00e9s\u00bb<\/a><\/p>\n","protected":false},"author":7,"featured_media":3557,"comment_status":"closed","ping_status":"closed","sticky":false,"template":"","format":"standard","meta":{"_bbp_topic_count":0,"_bbp_reply_count":0,"_bbp_total_topic_count":0,"_bbp_total_reply_count":0,"_bbp_voice_count":0,"_bbp_anonymous_reply_count":0,"_bbp_topic_count_hidden":0,"_bbp_reply_count_hidden":0,"_bbp_forum_subforum_count":0,"footnotes":""},"categories":[3,1,29],"tags":[386,340,523],"class_list":["post-3555","post","type-post","status-publish","format-standard","has-post-thumbnail","hentry","category-eso","category-general","category-portada","tag-la-barraca","tag-pdc","tag-siei"],"post_mailing_queue_ids":[],"_links":{"self":[{"href":"https:\/\/agora.xtec.cat\/ins-intermunicipal\/wp-json\/wp\/v2\/posts\/3555","targetHints":{"allow":["GET"]}}],"collection":[{"href":"https:\/\/agora.xtec.cat\/ins-intermunicipal\/wp-json\/wp\/v2\/posts"}],"about":[{"href":"https:\/\/agora.xtec.cat\/ins-intermunicipal\/wp-json\/wp\/v2\/types\/post"}],"author":[{"embeddable":true,"href":"https:\/\/agora.xtec.cat\/ins-intermunicipal\/wp-json\/wp\/v2\/users\/7"}],"replies":[{"embeddable":true,"href":"https:\/\/agora.xtec.cat\/ins-intermunicipal\/wp-json\/wp\/v2\/comments?post=3555"}],"version-history":[{"count":6,"href":"https:\/\/agora.xtec.cat\/ins-intermunicipal\/wp-json\/wp\/v2\/posts\/3555\/revisions"}],"predecessor-version":[{"id":3563,"href":"https:\/\/agora.xtec.cat\/ins-intermunicipal\/wp-json\/wp\/v2\/posts\/3555\/revisions\/3563"}],"wp:featuredmedia":[{"embeddable":true,"href":"https:\/\/agora.xtec.cat\/ins-intermunicipal\/wp-json\/wp\/v2\/media\/3557"}],"wp:attachment":[{"href":"https:\/\/agora.xtec.cat\/ins-intermunicipal\/wp-json\/wp\/v2\/media?parent=3555"}],"wp:term":[{"taxonomy":"category","embeddable":true,"href":"https:\/\/agora.xtec.cat\/ins-intermunicipal\/wp-json\/wp\/v2\/categories?post=3555"},{"taxonomy":"post_tag","embeddable":true,"href":"https:\/\/agora.xtec.cat\/ins-intermunicipal\/wp-json\/wp\/v2\/tags?post=3555"}],"curies":[{"name":"wp","href":"https:\/\/api.w.org\/{rel}","templated":true}]}}