{"id":3543,"date":"2024-09-23T12:28:44","date_gmt":"2024-09-23T10:28:44","guid":{"rendered":"https:\/\/agora.xtec.cat\/ins-intermunicipal\/?p=3543"},"modified":"2024-09-23T12:30:04","modified_gmt":"2024-09-23T10:30:04","slug":"guillem-cabestany-campio-del-mon","status":"publish","type":"post","link":"https:\/\/agora.xtec.cat\/ins-intermunicipal\/general\/guillem-cabestany-campio-del-mon\/","title":{"rendered":"Guillem Cabestany, campi\u00f3 del m\u00f3n!"},"content":{"rendered":"<p style=\"text-align: justify;\"><a href=\"https:\/\/agora.xtec.cat\/ins-intermunicipal\/wp-content\/uploads\/usu2220\/2024\/09\/guillem-1.jpg\"><img loading=\"lazy\" decoding=\"async\" class=\"alignleft wp-image-3544 size-medium\" src=\"https:\/\/agora.xtec.cat\/ins-intermunicipal\/wp-content\/uploads\/usu2220\/2024\/09\/guillem-1-300x158.jpg\" alt=\"\" width=\"300\" height=\"158\" srcset=\"https:\/\/agora.xtec.cat\/ins-intermunicipal\/wp-content\/uploads\/usu2220\/2024\/09\/guillem-1-300x158.jpg 300w, https:\/\/agora.xtec.cat\/ins-intermunicipal\/wp-content\/uploads\/usu2220\/2024\/09\/guillem-1-768x404.jpg 768w, https:\/\/agora.xtec.cat\/ins-intermunicipal\/wp-content\/uploads\/usu2220\/2024\/09\/guillem-1.jpg 900w\" sizes=\"auto, (max-width: 300px) 100vw, 300px\" \/><\/a>Guillem Cabestany Vives, exalumne nostre i pare d&#8217;una de les nostres alumnes de 1r de batxillerat i d&#8217;un dels nostres alumnes de 2n d&#8217;ESO, es va proclamar ahir Campi\u00f3 del M\u00f3n com a seleccionador estatal al Campionat Mundial d&#8217;Hoquei Patins que es va celebrar a la ciutat italiana de Novara.<\/p>\n<p style=\"text-align: justify;\">En Guillem, que diu haver comen\u00e7at a patinar per casualitat, t\u00e9 una llargu\u00edssima <a href=\"https:\/\/ca.wikipedia.org\/wiki\/Guillem_Cabestany_Vives\" target=\"_blank\" rel=\"noopener\"><strong>traject\u00f2ria<\/strong> <\/a>en l&#8217;esport de l&#8217;hoquei sobre patins, primer com a jugador i actualment com a entrenador. Despr\u00e9s d&#8217;haver entrenat el Club d&#8217;Esports Vendrell, es va convertir en entrenador internacional primer a It\u00e0lia i despr\u00e9s a Portugal. Actualment \u00e9s l&#8217;entrenador de la selecci\u00f3 espanyola masculina d&#8217;hoquei patins, amb la qual acaba de guanyar el campionat del m\u00f3n.<\/p>\n<p style=\"text-align: justify;\">A l&#8217;\u00cdnter ens n&#8217;alegrem molt i des d&#8217;aqu\u00ed el felicitem!<\/p>\n<p>&nbsp;<\/p>\n","protected":false},"excerpt":{"rendered":"<p><a href=\"https:\/\/agora.xtec.cat\/ins-intermunicipal\/wp-content\/uploads\/usu2220\/2024\/09\/guillem-1.jpg\"><\/a>Guillem Cabestany Vives, exalumne nostre i pare d&#8217;una de les nostres alumnes de 1r de batxillerat i d&#8217;un dels nostres alumnes de 2n d&#8217;ESO, es va proclamar ahir Campi\u00f3 del M\u00f3n com a seleccionador estatal al Campionat Mundial d&#8217;Hoquei Patins que es va celebrar&hellip;  <a href=\"https:\/\/agora.xtec.cat\/ins-intermunicipal\/general\/guillem-cabestany-campio-del-mon\/\" title=\"Read Guillem Cabestany, campi\u00f3 del m\u00f3n!\">Llegeix m\u00e9s\u00bb<\/a><\/p>\n","protected":false},"author":7,"featured_media":3544,"comment_status":"closed","ping_status":"closed","sticky":false,"template":"","format":"standard","meta":{"_bbp_topic_count":0,"_bbp_reply_count":0,"_bbp_total_topic_count":0,"_bbp_total_reply_count":0,"_bbp_voice_count":0,"_bbp_anonymous_reply_count":0,"_bbp_topic_count_hidden":0,"_bbp_reply_count_hidden":0,"_bbp_forum_subforum_count":0,"footnotes":""},"categories":[304,1,29],"tags":[519,306,370,520],"class_list":["post-3543","post","type-post","status-publish","format-standard","has-post-thumbnail","hentry","category-exalumnes","category-general","category-portada","tag-campio-del-mon","tag-exalumnes","tag-guillem-cabestany","tag-hoquei-patins"],"post_mailing_queue_ids":[],"_links":{"self":[{"href":"https:\/\/agora.xtec.cat\/ins-intermunicipal\/wp-json\/wp\/v2\/posts\/3543","targetHints":{"allow":["GET"]}}],"collection":[{"href":"https:\/\/agora.xtec.cat\/ins-intermunicipal\/wp-json\/wp\/v2\/posts"}],"about":[{"href":"https:\/\/agora.xtec.cat\/ins-intermunicipal\/wp-json\/wp\/v2\/types\/post"}],"author":[{"embeddable":true,"href":"https:\/\/agora.xtec.cat\/ins-intermunicipal\/wp-json\/wp\/v2\/users\/7"}],"replies":[{"embeddable":true,"href":"https:\/\/agora.xtec.cat\/ins-intermunicipal\/wp-json\/wp\/v2\/comments?post=3543"}],"version-history":[{"count":2,"href":"https:\/\/agora.xtec.cat\/ins-intermunicipal\/wp-json\/wp\/v2\/posts\/3543\/revisions"}],"predecessor-version":[{"id":3546,"href":"https:\/\/agora.xtec.cat\/ins-intermunicipal\/wp-json\/wp\/v2\/posts\/3543\/revisions\/3546"}],"wp:featuredmedia":[{"embeddable":true,"href":"https:\/\/agora.xtec.cat\/ins-intermunicipal\/wp-json\/wp\/v2\/media\/3544"}],"wp:attachment":[{"href":"https:\/\/agora.xtec.cat\/ins-intermunicipal\/wp-json\/wp\/v2\/media?parent=3543"}],"wp:term":[{"taxonomy":"category","embeddable":true,"href":"https:\/\/agora.xtec.cat\/ins-intermunicipal\/wp-json\/wp\/v2\/categories?post=3543"},{"taxonomy":"post_tag","embeddable":true,"href":"https:\/\/agora.xtec.cat\/ins-intermunicipal\/wp-json\/wp\/v2\/tags?post=3543"}],"curies":[{"name":"wp","href":"https:\/\/api.w.org\/{rel}","templated":true}]}}