{"id":3505,"date":"2024-09-16T20:23:46","date_gmt":"2024-09-16T18:23:46","guid":{"rendered":"https:\/\/agora.xtec.cat\/ins-intermunicipal\/?p=3505"},"modified":"2024-09-16T20:24:34","modified_gmt":"2024-09-16T18:24:34","slug":"reformes-pel-nou-curs","status":"publish","type":"post","link":"https:\/\/agora.xtec.cat\/ins-intermunicipal\/general\/reformes-pel-nou-curs\/","title":{"rendered":"Reformes pel nou curs"},"content":{"rendered":"<p style=\"text-align: justify;\"><span style=\"color: #000000;\"><span style=\"font-family: Arial, Helvetica, sans-serif;\"><span style=\"font-size: medium;\">A m\u00e9s de les reformes que enguany s\u2019han fet a l\u2019Aula Polivalent i de les reformes del curs passat (laboratoris nous, zona enjardinada, Taller de Farm\u00e0cia i Parafarm\u00e0cia, etc.), aquest curs se n\u2019han d\u2019afegir de noves. <\/span><\/span><\/span><\/p>\n<p style=\"text-align: justify;\"><span style=\"color: #000000;\"><span style=\"font-family: Arial, Helvetica, sans-serif;\"><span style=\"font-size: medium;\">A banda de reformes menors i menys visibles, aquest curs l\u2019hem comen\u00e7at havent pintat el gimn\u00e0s i diversos elements de les fa\u00e7anes. Tamb\u00e9 s\u2019ha pintat la Sala d\u2019Actes i s\u2019hi han renovat la pantalla i l\u2019equip de so. Igualment s\u2019ha renovat l\u2019Aula SIEI i comptem, des d\u2019aquest curs, amb un nou Taller d\u2019Administraci\u00f3 i Gesti\u00f3, un nou magatzem de Tecnologia i amb l\u2019espai Aula CreActiva, on s\u2019hi instal\u00b7lar\u00e0 el nou maquinari de tecnologia.\u00a0<\/span><\/span><\/span><\/p>\n<p style=\"text-align: justify;\"><span style=\"color: #000000;\"><span style=\"font-family: Arial, Helvetica, sans-serif;\"><span style=\"font-size: medium;\">De la mateixa manera que ha passat amb l\u2019Aula Polivalent, moltes de les reformes que comentem s\u2019han pogut fer amb la dotaci\u00f3 econ\u00f2mica de l\u2019Aula ATECA de Formaci\u00f3 Professional.<\/span><\/span><\/span><\/p>\n<p><a href=\"https:\/\/agora.xtec.cat\/ins-intermunicipal\/wp-content\/uploads\/usu2220\/2024\/09\/f0d40d7a-815c-45e8-9414-3abc16dcf0a8.jpg\"><img loading=\"lazy\" decoding=\"async\" class=\"wp-image-3507 size-medium alignleft\" src=\"https:\/\/agora.xtec.cat\/ins-intermunicipal\/wp-content\/uploads\/usu2220\/2024\/09\/f0d40d7a-815c-45e8-9414-3abc16dcf0a8-300x169.jpg\" alt=\"\" width=\"300\" height=\"169\" srcset=\"https:\/\/agora.xtec.cat\/ins-intermunicipal\/wp-content\/uploads\/usu2220\/2024\/09\/f0d40d7a-815c-45e8-9414-3abc16dcf0a8-300x169.jpg 300w, https:\/\/agora.xtec.cat\/ins-intermunicipal\/wp-content\/uploads\/usu2220\/2024\/09\/f0d40d7a-815c-45e8-9414-3abc16dcf0a8-768x432.jpg 768w, https:\/\/agora.xtec.cat\/ins-intermunicipal\/wp-content\/uploads\/usu2220\/2024\/09\/f0d40d7a-815c-45e8-9414-3abc16dcf0a8.jpg 900w\" sizes=\"auto, (max-width: 300px) 100vw, 300px\" \/><\/a> <a href=\"https:\/\/agora.xtec.cat\/ins-intermunicipal\/wp-content\/uploads\/usu2220\/2024\/09\/e9730a24-2c2c-4e93-b6ec-6953268eaea7.jpg\"><img loading=\"lazy\" decoding=\"async\" class=\"alignleft wp-image-3508 size-medium\" src=\"https:\/\/agora.xtec.cat\/ins-intermunicipal\/wp-content\/uploads\/usu2220\/2024\/09\/e9730a24-2c2c-4e93-b6ec-6953268eaea7-300x169.jpg\" alt=\"\" width=\"300\" height=\"169\" srcset=\"https:\/\/agora.xtec.cat\/ins-intermunicipal\/wp-content\/uploads\/usu2220\/2024\/09\/e9730a24-2c2c-4e93-b6ec-6953268eaea7-300x169.jpg 300w, https:\/\/agora.xtec.cat\/ins-intermunicipal\/wp-content\/uploads\/usu2220\/2024\/09\/e9730a24-2c2c-4e93-b6ec-6953268eaea7-768x432.jpg 768w, https:\/\/agora.xtec.cat\/ins-intermunicipal\/wp-content\/uploads\/usu2220\/2024\/09\/e9730a24-2c2c-4e93-b6ec-6953268eaea7.jpg 900w\" sizes=\"auto, (max-width: 300px) 100vw, 300px\" \/><\/a> <a href=\"https:\/\/agora.xtec.cat\/ins-intermunicipal\/wp-content\/uploads\/usu2220\/2024\/09\/d928025c-e929-454c-81f6-7347f4e82123.jpg\"><img loading=\"lazy\" decoding=\"async\" class=\"alignleft wp-image-3509 size-medium\" src=\"https:\/\/agora.xtec.cat\/ins-intermunicipal\/wp-content\/uploads\/usu2220\/2024\/09\/d928025c-e929-454c-81f6-7347f4e82123-300x169.jpg\" alt=\"\" width=\"300\" height=\"169\" srcset=\"https:\/\/agora.xtec.cat\/ins-intermunicipal\/wp-content\/uploads\/usu2220\/2024\/09\/d928025c-e929-454c-81f6-7347f4e82123-300x169.jpg 300w, https:\/\/agora.xtec.cat\/ins-intermunicipal\/wp-content\/uploads\/usu2220\/2024\/09\/d928025c-e929-454c-81f6-7347f4e82123-768x432.jpg 768w, https:\/\/agora.xtec.cat\/ins-intermunicipal\/wp-content\/uploads\/usu2220\/2024\/09\/d928025c-e929-454c-81f6-7347f4e82123.jpg 900w\" sizes=\"auto, (max-width: 300px) 100vw, 300px\" \/><\/a> <a href=\"https:\/\/agora.xtec.cat\/ins-intermunicipal\/wp-content\/uploads\/usu2220\/2024\/09\/c88f8af0-e6c7-450a-8b06-454c8a3c3847.jpg\"><img loading=\"lazy\" decoding=\"async\" class=\"alignleft wp-image-3510 size-medium\" src=\"https:\/\/agora.xtec.cat\/ins-intermunicipal\/wp-content\/uploads\/usu2220\/2024\/09\/c88f8af0-e6c7-450a-8b06-454c8a3c3847-300x169.jpg\" alt=\"\" width=\"300\" height=\"169\" srcset=\"https:\/\/agora.xtec.cat\/ins-intermunicipal\/wp-content\/uploads\/usu2220\/2024\/09\/c88f8af0-e6c7-450a-8b06-454c8a3c3847-300x169.jpg 300w, https:\/\/agora.xtec.cat\/ins-intermunicipal\/wp-content\/uploads\/usu2220\/2024\/09\/c88f8af0-e6c7-450a-8b06-454c8a3c3847-768x432.jpg 768w, https:\/\/agora.xtec.cat\/ins-intermunicipal\/wp-content\/uploads\/usu2220\/2024\/09\/c88f8af0-e6c7-450a-8b06-454c8a3c3847.jpg 900w\" sizes=\"auto, (max-width: 300px) 100vw, 300px\" \/><\/a> <a href=\"https:\/\/agora.xtec.cat\/ins-intermunicipal\/wp-content\/uploads\/usu2220\/2024\/09\/49392433-3750-465e-8675-96cb367b1b53.jpg\"><img loading=\"lazy\" decoding=\"async\" class=\"alignleft wp-image-3512 size-medium\" src=\"https:\/\/agora.xtec.cat\/ins-intermunicipal\/wp-content\/uploads\/usu2220\/2024\/09\/49392433-3750-465e-8675-96cb367b1b53-300x169.jpg\" alt=\"\" width=\"300\" height=\"169\" srcset=\"https:\/\/agora.xtec.cat\/ins-intermunicipal\/wp-content\/uploads\/usu2220\/2024\/09\/49392433-3750-465e-8675-96cb367b1b53-300x169.jpg 300w, https:\/\/agora.xtec.cat\/ins-intermunicipal\/wp-content\/uploads\/usu2220\/2024\/09\/49392433-3750-465e-8675-96cb367b1b53-768x432.jpg 768w, https:\/\/agora.xtec.cat\/ins-intermunicipal\/wp-content\/uploads\/usu2220\/2024\/09\/49392433-3750-465e-8675-96cb367b1b53.jpg 900w\" sizes=\"auto, (max-width: 300px) 100vw, 300px\" \/><\/a> <a href=\"https:\/\/agora.xtec.cat\/ins-intermunicipal\/wp-content\/uploads\/usu2220\/2024\/09\/117c6d07-255f-4348-a0ca-7a05e467f982-1.jpg\"><img loading=\"lazy\" decoding=\"async\" class=\"alignleft wp-image-3513 size-medium\" src=\"https:\/\/agora.xtec.cat\/ins-intermunicipal\/wp-content\/uploads\/usu2220\/2024\/09\/117c6d07-255f-4348-a0ca-7a05e467f982-1-300x169.jpg\" alt=\"\" width=\"300\" height=\"169\" srcset=\"https:\/\/agora.xtec.cat\/ins-intermunicipal\/wp-content\/uploads\/usu2220\/2024\/09\/117c6d07-255f-4348-a0ca-7a05e467f982-1-300x169.jpg 300w, https:\/\/agora.xtec.cat\/ins-intermunicipal\/wp-content\/uploads\/usu2220\/2024\/09\/117c6d07-255f-4348-a0ca-7a05e467f982-1-768x432.jpg 768w, https:\/\/agora.xtec.cat\/ins-intermunicipal\/wp-content\/uploads\/usu2220\/2024\/09\/117c6d07-255f-4348-a0ca-7a05e467f982-1.jpg 900w\" sizes=\"auto, (max-width: 300px) 100vw, 300px\" \/><\/a> <a href=\"https:\/\/agora.xtec.cat\/ins-intermunicipal\/wp-content\/uploads\/usu2220\/2024\/09\/9a9b8462-fde6-432b-8644-6a90f8b13372.jpg\"><img loading=\"lazy\" decoding=\"async\" class=\"alignleft wp-image-3514 size-medium\" src=\"https:\/\/agora.xtec.cat\/ins-intermunicipal\/wp-content\/uploads\/usu2220\/2024\/09\/9a9b8462-fde6-432b-8644-6a90f8b13372-300x169.jpg\" alt=\"\" width=\"300\" height=\"169\" srcset=\"https:\/\/agora.xtec.cat\/ins-intermunicipal\/wp-content\/uploads\/usu2220\/2024\/09\/9a9b8462-fde6-432b-8644-6a90f8b13372-300x169.jpg 300w, https:\/\/agora.xtec.cat\/ins-intermunicipal\/wp-content\/uploads\/usu2220\/2024\/09\/9a9b8462-fde6-432b-8644-6a90f8b13372-768x432.jpg 768w, https:\/\/agora.xtec.cat\/ins-intermunicipal\/wp-content\/uploads\/usu2220\/2024\/09\/9a9b8462-fde6-432b-8644-6a90f8b13372.jpg 900w\" sizes=\"auto, (max-width: 300px) 100vw, 300px\" \/><\/a> <a href=\"https:\/\/agora.xtec.cat\/ins-intermunicipal\/wp-content\/uploads\/usu2220\/2024\/09\/8a660ca8-de26-4e66-b317-658145f9adf1.jpg\"><img loading=\"lazy\" decoding=\"async\" class=\"alignleft wp-image-3515 size-medium\" src=\"https:\/\/agora.xtec.cat\/ins-intermunicipal\/wp-content\/uploads\/usu2220\/2024\/09\/8a660ca8-de26-4e66-b317-658145f9adf1-300x169.jpg\" alt=\"\" width=\"300\" height=\"169\" srcset=\"https:\/\/agora.xtec.cat\/ins-intermunicipal\/wp-content\/uploads\/usu2220\/2024\/09\/8a660ca8-de26-4e66-b317-658145f9adf1-300x169.jpg 300w, https:\/\/agora.xtec.cat\/ins-intermunicipal\/wp-content\/uploads\/usu2220\/2024\/09\/8a660ca8-de26-4e66-b317-658145f9adf1-768x432.jpg 768w, https:\/\/agora.xtec.cat\/ins-intermunicipal\/wp-content\/uploads\/usu2220\/2024\/09\/8a660ca8-de26-4e66-b317-658145f9adf1.jpg 900w\" sizes=\"auto, (max-width: 300px) 100vw, 300px\" \/><\/a> <a href=\"https:\/\/agora.xtec.cat\/ins-intermunicipal\/wp-content\/uploads\/usu2220\/2024\/09\/5e6410bb-a0e0-4dc8-bfae-06d5b48bdf99.jpg\"><img loading=\"lazy\" decoding=\"async\" class=\"wp-image-3516 size-medium alignleft\" src=\"https:\/\/agora.xtec.cat\/ins-intermunicipal\/wp-content\/uploads\/usu2220\/2024\/09\/5e6410bb-a0e0-4dc8-bfae-06d5b48bdf99-300x169.jpg\" alt=\"\" width=\"300\" height=\"169\" srcset=\"https:\/\/agora.xtec.cat\/ins-intermunicipal\/wp-content\/uploads\/usu2220\/2024\/09\/5e6410bb-a0e0-4dc8-bfae-06d5b48bdf99-300x169.jpg 300w, https:\/\/agora.xtec.cat\/ins-intermunicipal\/wp-content\/uploads\/usu2220\/2024\/09\/5e6410bb-a0e0-4dc8-bfae-06d5b48bdf99-768x432.jpg 768w, https:\/\/agora.xtec.cat\/ins-intermunicipal\/wp-content\/uploads\/usu2220\/2024\/09\/5e6410bb-a0e0-4dc8-bfae-06d5b48bdf99.jpg 900w\" sizes=\"auto, (max-width: 300px) 100vw, 300px\" \/><\/a><\/p>\n","protected":false},"excerpt":{"rendered":"<p>A m\u00e9s de les reformes que enguany s\u2019han fet a l\u2019Aula Polivalent i de les reformes del curs passat (laboratoris nous, zona enjardinada, Taller de Farm\u00e0cia i Parafarm\u00e0cia, etc.), aquest curs se n\u2019han d\u2019afegir de noves.<br \/>\nA banda de reformes menors i menys visibles, aquest&hellip;  <a href=\"https:\/\/agora.xtec.cat\/ins-intermunicipal\/general\/reformes-pel-nou-curs\/\" title=\"Read Reformes pel nou curs\">Llegeix m\u00e9s\u00bb<\/a><\/p>\n","protected":false},"author":7,"featured_media":3509,"comment_status":"closed","ping_status":"closed","sticky":false,"template":"","format":"standard","meta":{"_bbp_topic_count":0,"_bbp_reply_count":0,"_bbp_total_topic_count":0,"_bbp_total_reply_count":0,"_bbp_voice_count":0,"_bbp_anonymous_reply_count":0,"_bbp_topic_count_hidden":0,"_bbp_reply_count_hidden":0,"_bbp_forum_subforum_count":0,"footnotes":""},"categories":[8,3,30,1,29],"tags":[493,510,513,509,514,515,511,516,512],"class_list":["post-3505","post","type-post","status-publish","format-standard","has-post-thumbnail","hentry","category-bat","category-eso","category-formacio-professional","category-general","category-portada","tag-2024-2025","tag-aula-ateca","tag-aula-creactiva","tag-aula-polivalent","tag-aula-siei","tag-gimnas","tag-reformes","tag-sala-dactes","tag-taller-dadministracio-i-gestio"],"post_mailing_queue_ids":[],"_links":{"self":[{"href":"https:\/\/agora.xtec.cat\/ins-intermunicipal\/wp-json\/wp\/v2\/posts\/3505","targetHints":{"allow":["GET"]}}],"collection":[{"href":"https:\/\/agora.xtec.cat\/ins-intermunicipal\/wp-json\/wp\/v2\/posts"}],"about":[{"href":"https:\/\/agora.xtec.cat\/ins-intermunicipal\/wp-json\/wp\/v2\/types\/post"}],"author":[{"embeddable":true,"href":"https:\/\/agora.xtec.cat\/ins-intermunicipal\/wp-json\/wp\/v2\/users\/7"}],"replies":[{"embeddable":true,"href":"https:\/\/agora.xtec.cat\/ins-intermunicipal\/wp-json\/wp\/v2\/comments?post=3505"}],"version-history":[{"count":3,"href":"https:\/\/agora.xtec.cat\/ins-intermunicipal\/wp-json\/wp\/v2\/posts\/3505\/revisions"}],"predecessor-version":[{"id":3518,"href":"https:\/\/agora.xtec.cat\/ins-intermunicipal\/wp-json\/wp\/v2\/posts\/3505\/revisions\/3518"}],"wp:featuredmedia":[{"embeddable":true,"href":"https:\/\/agora.xtec.cat\/ins-intermunicipal\/wp-json\/wp\/v2\/media\/3509"}],"wp:attachment":[{"href":"https:\/\/agora.xtec.cat\/ins-intermunicipal\/wp-json\/wp\/v2\/media?parent=3505"}],"wp:term":[{"taxonomy":"category","embeddable":true,"href":"https:\/\/agora.xtec.cat\/ins-intermunicipal\/wp-json\/wp\/v2\/categories?post=3505"},{"taxonomy":"post_tag","embeddable":true,"href":"https:\/\/agora.xtec.cat\/ins-intermunicipal\/wp-json\/wp\/v2\/tags?post=3505"}],"curies":[{"name":"wp","href":"https:\/\/api.w.org\/{rel}","templated":true}]}}