{"id":3500,"date":"2024-09-16T12:52:25","date_gmt":"2024-09-16T10:52:25","guid":{"rendered":"https:\/\/agora.xtec.cat\/ins-intermunicipal\/?p=3500"},"modified":"2024-09-16T12:52:25","modified_gmt":"2024-09-16T10:52:25","slug":"aula-polivalent-renovada","status":"publish","type":"post","link":"https:\/\/agora.xtec.cat\/ins-intermunicipal\/general\/aula-polivalent-renovada\/","title":{"rendered":"Aula Polivalent renovada"},"content":{"rendered":"<p style=\"text-align: justify;\"><span style=\"font-family: Arial, sans-serif;\"><span style=\"font-size: medium;\">Entre les novetats d\u2019aquest curs, hem de dir que s\u2019ha renovat l\u2019Aula Polivalent i s\u2019hi han fet tot un seguit de millores que ens han de permetre treure\u2019n molt m\u00e9s profit a l\u2019hora de treballar-hi amb els alumnes.<\/span><\/span><\/p>\n<p style=\"text-align: justify;\"><span style=\"font-family: Arial, sans-serif;\"><span style=\"font-size: medium;\">A m\u00e9s de pintar-la de nou, tamb\u00e9 s\u2019ha millorat la il\u00b7luminaci\u00f3 i s\u2019ha renovat el cablejat i els endolls. Pel que fa a l\u2019equipament, s\u2019hi ha instal\u00b7lat una nova pantalla t\u00e0ctil i m\u00f2bil de 75 polzades i un nou projector amb la corresponent pantalla de 3,65 metres d\u2019amplada. Tamb\u00e9 s\u2019hi han incorporat una taula de mescles, micr\u00f2fons i nous altaveus.<\/span><\/span><\/p>\n<p style=\"text-align: justify;\"><span style=\"font-family: Arial, sans-serif;\"><span style=\"font-size: medium;\">Aquestes millores, aix\u00ed com les que s\u2019han fet a la Sala d\u2019Actes, han estat possibles gr\u00e0cies a la dotaci\u00f3 econ\u00f2mica de l\u2019Aula de Tecnologia Aplicada (ATECA) de Formaci\u00f3 professional.<\/span><\/span><\/p>\n<p style=\"text-align: justify;\"><span style=\"font-family: Arial, sans-serif;\"><span style=\"font-size: medium;\"><a href=\"https:\/\/agora.xtec.cat\/ins-intermunicipal\/wp-content\/uploads\/usu2220\/2024\/09\/457b9ba0-af59-498c-ba7a-423f1a52a4c7.jpg\"><img loading=\"lazy\" decoding=\"async\" class=\"alignnone wp-image-3501 \" src=\"https:\/\/agora.xtec.cat\/ins-intermunicipal\/wp-content\/uploads\/usu2220\/2024\/09\/457b9ba0-af59-498c-ba7a-423f1a52a4c7-300x169.jpg\" alt=\"\" width=\"422\" height=\"238\" srcset=\"https:\/\/agora.xtec.cat\/ins-intermunicipal\/wp-content\/uploads\/usu2220\/2024\/09\/457b9ba0-af59-498c-ba7a-423f1a52a4c7-300x169.jpg 300w, https:\/\/agora.xtec.cat\/ins-intermunicipal\/wp-content\/uploads\/usu2220\/2024\/09\/457b9ba0-af59-498c-ba7a-423f1a52a4c7-768x432.jpg 768w, https:\/\/agora.xtec.cat\/ins-intermunicipal\/wp-content\/uploads\/usu2220\/2024\/09\/457b9ba0-af59-498c-ba7a-423f1a52a4c7.jpg 900w\" sizes=\"auto, (max-width: 422px) 100vw, 422px\" \/><\/a> <a href=\"https:\/\/agora.xtec.cat\/ins-intermunicipal\/wp-content\/uploads\/usu2220\/2024\/09\/8cb0aa8e-d310-4395-a8b0-52bc4439b555.jpg\"><img loading=\"lazy\" decoding=\"async\" class=\"alignnone wp-image-3503 \" src=\"https:\/\/agora.xtec.cat\/ins-intermunicipal\/wp-content\/uploads\/usu2220\/2024\/09\/8cb0aa8e-d310-4395-a8b0-52bc4439b555-300x169.jpg\" alt=\"\" width=\"419\" height=\"236\" srcset=\"https:\/\/agora.xtec.cat\/ins-intermunicipal\/wp-content\/uploads\/usu2220\/2024\/09\/8cb0aa8e-d310-4395-a8b0-52bc4439b555-300x169.jpg 300w, https:\/\/agora.xtec.cat\/ins-intermunicipal\/wp-content\/uploads\/usu2220\/2024\/09\/8cb0aa8e-d310-4395-a8b0-52bc4439b555-768x432.jpg 768w, https:\/\/agora.xtec.cat\/ins-intermunicipal\/wp-content\/uploads\/usu2220\/2024\/09\/8cb0aa8e-d310-4395-a8b0-52bc4439b555.jpg 900w\" sizes=\"auto, (max-width: 419px) 100vw, 419px\" \/><\/a><\/span><\/span><\/p>\n","protected":false},"excerpt":{"rendered":"<p>Entre les novetats d\u2019aquest curs, hem de dir que s\u2019ha renovat l\u2019Aula Polivalent i s\u2019hi han fet tot un seguit de millores que ens han de permetre treure\u2019n molt m\u00e9s profit a l\u2019hora de treballar-hi amb els alumnes.<br \/>\nA m\u00e9s de pintar-la de nou, tamb\u00e9 s\u2019ha&hellip;  <a href=\"https:\/\/agora.xtec.cat\/ins-intermunicipal\/general\/aula-polivalent-renovada\/\" title=\"Read Aula Polivalent renovada\">Llegeix m\u00e9s\u00bb<\/a><\/p>\n","protected":false},"author":7,"featured_media":3502,"comment_status":"closed","ping_status":"closed","sticky":false,"template":"","format":"standard","meta":{"_bbp_topic_count":0,"_bbp_reply_count":0,"_bbp_total_topic_count":0,"_bbp_total_reply_count":0,"_bbp_voice_count":0,"_bbp_anonymous_reply_count":0,"_bbp_topic_count_hidden":0,"_bbp_reply_count_hidden":0,"_bbp_forum_subforum_count":0,"footnotes":""},"categories":[8,3,30,1,29],"tags":[510,509],"class_list":["post-3500","post","type-post","status-publish","format-standard","has-post-thumbnail","hentry","category-bat","category-eso","category-formacio-professional","category-general","category-portada","tag-aula-ateca","tag-aula-polivalent"],"post_mailing_queue_ids":[],"_links":{"self":[{"href":"https:\/\/agora.xtec.cat\/ins-intermunicipal\/wp-json\/wp\/v2\/posts\/3500","targetHints":{"allow":["GET"]}}],"collection":[{"href":"https:\/\/agora.xtec.cat\/ins-intermunicipal\/wp-json\/wp\/v2\/posts"}],"about":[{"href":"https:\/\/agora.xtec.cat\/ins-intermunicipal\/wp-json\/wp\/v2\/types\/post"}],"author":[{"embeddable":true,"href":"https:\/\/agora.xtec.cat\/ins-intermunicipal\/wp-json\/wp\/v2\/users\/7"}],"replies":[{"embeddable":true,"href":"https:\/\/agora.xtec.cat\/ins-intermunicipal\/wp-json\/wp\/v2\/comments?post=3500"}],"version-history":[{"count":1,"href":"https:\/\/agora.xtec.cat\/ins-intermunicipal\/wp-json\/wp\/v2\/posts\/3500\/revisions"}],"predecessor-version":[{"id":3504,"href":"https:\/\/agora.xtec.cat\/ins-intermunicipal\/wp-json\/wp\/v2\/posts\/3500\/revisions\/3504"}],"wp:featuredmedia":[{"embeddable":true,"href":"https:\/\/agora.xtec.cat\/ins-intermunicipal\/wp-json\/wp\/v2\/media\/3502"}],"wp:attachment":[{"href":"https:\/\/agora.xtec.cat\/ins-intermunicipal\/wp-json\/wp\/v2\/media?parent=3500"}],"wp:term":[{"taxonomy":"category","embeddable":true,"href":"https:\/\/agora.xtec.cat\/ins-intermunicipal\/wp-json\/wp\/v2\/categories?post=3500"},{"taxonomy":"post_tag","embeddable":true,"href":"https:\/\/agora.xtec.cat\/ins-intermunicipal\/wp-json\/wp\/v2\/tags?post=3500"}],"curies":[{"name":"wp","href":"https:\/\/api.w.org\/{rel}","templated":true}]}}