{"id":3470,"date":"2024-09-08T17:52:53","date_gmt":"2024-09-08T15:52:53","guid":{"rendered":"https:\/\/agora.xtec.cat\/ins-intermunicipal\/?p=3470"},"modified":"2024-09-08T17:52:53","modified_gmt":"2024-09-08T15:52:53","slug":"ofertes-de-feina-a-lalt-penedes-6-de-setembre","status":"publish","type":"post","link":"https:\/\/agora.xtec.cat\/ins-intermunicipal\/formacio-professional\/feina-fp\/ofertes-de-feina-a-lalt-penedes-6-de-setembre\/","title":{"rendered":"Ofertes de feina a l&#8217;Alt Pened\u00e8s 6 de setembre"},"content":{"rendered":"<p>Compartim amb vosaltres les <a href=\"https:\/\/drive.google.com\/file\/d\/1lwkbte1qHwwYKB4VKbh5UlbWzJEH_i1q\/view?usp=sharing\">ofertes de feina actualitzades<\/a> que l\u2019Oficina Municipal del Treball de Vilafranca del Pened\u00e8s ens ha preparat. Trobareu vacants vinculades als estudis que tenim a l\u2019Institut Intermunicipal del Pened\u00e8s. L\u2019oficina ens informa sobre <a href=\"https:\/\/drive.google.com\/file\/d\/1xm47w5oo26mUb__wEi3JihOmbYvX0h3l\/view?usp=sharing\">com s\u2019ha de procedir per formalitzar les inscripcions<\/a>. L\u2019oficina informa tamb\u00e9 que hi ha cursos oberts amb per\u00edode de preinscripci\u00f3. Per a m\u00e9s informaci\u00f3 podeu accedir al seg\u00fcent <a href=\"https:\/\/ocupacio.vilafranca.cat\/servei-les-persones\/formacio\">enlla\u00e7<\/a>.<\/p>\n","protected":false},"excerpt":{"rendered":"<p>Compartim amb vosaltres les <a href=\"https:\/\/drive.google.com\/file\/d\/1lwkbte1qHwwYKB4VKbh5UlbWzJEH_i1q\/view?usp=sharing\">ofertes de feina actualitzades<\/a> que l\u2019Oficina Municipal del Treball de Vilafranca del Pened\u00e8s ens ha preparat. Trobareu vacants vinculades als estudis que tenim a l\u2019Institut Intermunicipal del Pened\u00e8s. L\u2019oficina ens informa sobre <a href=\"https:\/\/drive.google.com\/file\/d\/1xm47w5oo26mUb__wEi3JihOmbYvX0h3l\/view?usp=sharing\">com s\u2019ha de procedir per formalitzar les&hellip;  <a href=\"https:\/\/agora.xtec.cat\/ins-intermunicipal\/formacio-professional\/feina-fp\/ofertes-de-feina-a-lalt-penedes-6-de-setembre\/\" title=\"Read Ofertes de feina a l&#8217;Alt Pened\u00e8s 6 de setembre\">Llegeix m\u00e9s\u00bb<\/a><\/p>\n","protected":false},"author":8,"featured_media":0,"comment_status":"closed","ping_status":"closed","sticky":false,"template":"","format":"standard","meta":{"_bbp_topic_count":0,"_bbp_reply_count":0,"_bbp_total_topic_count":0,"_bbp_total_reply_count":0,"_bbp_voice_count":0,"_bbp_anonymous_reply_count":0,"_bbp_topic_count_hidden":0,"_bbp_reply_count_hidden":0,"_bbp_forum_subforum_count":0,"footnotes":""},"categories":[189],"tags":[],"class_list":["post-3470","post","type-post","status-publish","format-standard","hentry","category-feina-fp"],"post_mailing_queue_ids":[],"_links":{"self":[{"href":"https:\/\/agora.xtec.cat\/ins-intermunicipal\/wp-json\/wp\/v2\/posts\/3470","targetHints":{"allow":["GET"]}}],"collection":[{"href":"https:\/\/agora.xtec.cat\/ins-intermunicipal\/wp-json\/wp\/v2\/posts"}],"about":[{"href":"https:\/\/agora.xtec.cat\/ins-intermunicipal\/wp-json\/wp\/v2\/types\/post"}],"author":[{"embeddable":true,"href":"https:\/\/agora.xtec.cat\/ins-intermunicipal\/wp-json\/wp\/v2\/users\/8"}],"replies":[{"embeddable":true,"href":"https:\/\/agora.xtec.cat\/ins-intermunicipal\/wp-json\/wp\/v2\/comments?post=3470"}],"version-history":[{"count":1,"href":"https:\/\/agora.xtec.cat\/ins-intermunicipal\/wp-json\/wp\/v2\/posts\/3470\/revisions"}],"predecessor-version":[{"id":3471,"href":"https:\/\/agora.xtec.cat\/ins-intermunicipal\/wp-json\/wp\/v2\/posts\/3470\/revisions\/3471"}],"wp:attachment":[{"href":"https:\/\/agora.xtec.cat\/ins-intermunicipal\/wp-json\/wp\/v2\/media?parent=3470"}],"wp:term":[{"taxonomy":"category","embeddable":true,"href":"https:\/\/agora.xtec.cat\/ins-intermunicipal\/wp-json\/wp\/v2\/categories?post=3470"},{"taxonomy":"post_tag","embeddable":true,"href":"https:\/\/agora.xtec.cat\/ins-intermunicipal\/wp-json\/wp\/v2\/tags?post=3470"}],"curies":[{"name":"wp","href":"https:\/\/api.w.org\/{rel}","templated":true}]}}