{"id":3456,"date":"2024-09-05T09:50:52","date_gmt":"2024-09-05T07:50:52","guid":{"rendered":"https:\/\/agora.xtec.cat\/ins-intermunicipal\/?p=3456"},"modified":"2024-09-10T10:25:37","modified_gmt":"2024-09-10T08:25:37","slug":"transport-escolar-curs-2024-2025","status":"publish","type":"post","link":"https:\/\/agora.xtec.cat\/ins-intermunicipal\/general\/transport-escolar-curs-2024-2025\/","title":{"rendered":"Transport escolar curs 2024-2025"},"content":{"rendered":"<p>Us informem que el Consell Comarcal\u00a0ha publicat a la web el llistat de l\u2019alumnat autoritzat i els horaris de les parades de les rutes escolars, en concret a:\u00a0<a href=\"https:\/\/www.ccapenedes.cat\/ensenyament\/transport-escolar-rutes-parades-i-horaris-del-servei-de-transport-escolar\/llistat-alumnat-amb-transport-escolar-curs-2024-2025\">LLISTAT ALUMNAT AMB TRANSPORT ESCOLAR CURS 2024-2025 \u2014 Alt Pened\u00e8s (ccapenedes.cat)<\/a><\/p>\n<p>L\u2019alumnat que no ha fet la corresponent sol\u00b7licitud en el termini establert, pot fer-la a partir de l\u20191 de setembre de 2024. Quan s\u2019hagi tramitat la sol\u00b7licitud, la fam\u00edlia rebr\u00e0 un SMS informant de la ruta adjudicada i del dia que podr\u00e0 comen\u00e7ar a fer \u00fas del servei.<\/p>\n<p><strong>L\u2019alumnat d\u2019estudis postobligatoris<\/strong>, d\u2019acord amb les bases reguladores, rebran un SMS del 16 al 20 de setembre informant si tenen transport escolar i la ruta assignada o b\u00e9 estan en llista d\u2019espera. En cas de tenir pla\u00e7a,<strong>\u00a0l\u2019inici del servei ser\u00e0 a partir del 23 de setembre de 2024\u00a0<\/strong>(informaci\u00f3 que tamb\u00e9 estar\u00e0 especificada a l\u2019SMS).<\/p>\n","protected":false},"excerpt":{"rendered":"<p>Us informem que el Consell Comarcal\u00a0ha publicat a la web el llistat de l\u2019alumnat autoritzat i els horaris de les parades de les rutes escolars, en concret a:\u00a0<a href=\"https:\/\/www.ccapenedes.cat\/ensenyament\/transport-escolar-rutes-parades-i-horaris-del-servei-de-transport-escolar\/llistat-alumnat-amb-transport-escolar-curs-2024-2025\">LLISTAT ALUMNAT AMB TRANSPORT ESCOLAR CURS 2024-2025 \u2014 Alt Pened\u00e8s (ccapenedes.cat)<\/a><br \/>\nL\u2019alumnat que no ha fet la corresponent&hellip;  <a href=\"https:\/\/agora.xtec.cat\/ins-intermunicipal\/general\/transport-escolar-curs-2024-2025\/\" title=\"Read Transport escolar curs 2024-2025\">Llegeix m\u00e9s\u00bb<\/a><\/p>\n","protected":false},"author":6,"featured_media":3457,"comment_status":"closed","ping_status":"closed","sticky":false,"template":"","format":"standard","meta":{"_bbp_topic_count":0,"_bbp_reply_count":0,"_bbp_total_topic_count":0,"_bbp_total_reply_count":0,"_bbp_voice_count":0,"_bbp_anonymous_reply_count":0,"_bbp_topic_count_hidden":0,"_bbp_reply_count_hidden":0,"_bbp_forum_subforum_count":0,"footnotes":""},"categories":[1,29],"tags":[493,377],"class_list":["post-3456","post","type-post","status-publish","format-standard","has-post-thumbnail","hentry","category-general","category-portada","tag-2024-2025","tag-transport-escolar"],"post_mailing_queue_ids":[],"_links":{"self":[{"href":"https:\/\/agora.xtec.cat\/ins-intermunicipal\/wp-json\/wp\/v2\/posts\/3456","targetHints":{"allow":["GET"]}}],"collection":[{"href":"https:\/\/agora.xtec.cat\/ins-intermunicipal\/wp-json\/wp\/v2\/posts"}],"about":[{"href":"https:\/\/agora.xtec.cat\/ins-intermunicipal\/wp-json\/wp\/v2\/types\/post"}],"author":[{"embeddable":true,"href":"https:\/\/agora.xtec.cat\/ins-intermunicipal\/wp-json\/wp\/v2\/users\/6"}],"replies":[{"embeddable":true,"href":"https:\/\/agora.xtec.cat\/ins-intermunicipal\/wp-json\/wp\/v2\/comments?post=3456"}],"version-history":[{"count":2,"href":"https:\/\/agora.xtec.cat\/ins-intermunicipal\/wp-json\/wp\/v2\/posts\/3456\/revisions"}],"predecessor-version":[{"id":3461,"href":"https:\/\/agora.xtec.cat\/ins-intermunicipal\/wp-json\/wp\/v2\/posts\/3456\/revisions\/3461"}],"wp:featuredmedia":[{"embeddable":true,"href":"https:\/\/agora.xtec.cat\/ins-intermunicipal\/wp-json\/wp\/v2\/media\/3457"}],"wp:attachment":[{"href":"https:\/\/agora.xtec.cat\/ins-intermunicipal\/wp-json\/wp\/v2\/media?parent=3456"}],"wp:term":[{"taxonomy":"category","embeddable":true,"href":"https:\/\/agora.xtec.cat\/ins-intermunicipal\/wp-json\/wp\/v2\/categories?post=3456"},{"taxonomy":"post_tag","embeddable":true,"href":"https:\/\/agora.xtec.cat\/ins-intermunicipal\/wp-json\/wp\/v2\/tags?post=3456"}],"curies":[{"name":"wp","href":"https:\/\/api.w.org\/{rel}","templated":true}]}}