{"id":3348,"date":"2024-07-15T07:30:52","date_gmt":"2024-07-15T05:30:52","guid":{"rendered":"https:\/\/agora.xtec.cat\/ins-intermunicipal\/?p=3348"},"modified":"2025-07-21T10:20:09","modified_gmt":"2025-07-21T08:20:09","slug":"matricula-cicles-fromatius-grau-superior-curs-2025-26","status":"publish","type":"post","link":"https:\/\/agora.xtec.cat\/ins-intermunicipal\/general\/matricula-cicles-fromatius-grau-superior-curs-2025-26\/","title":{"rendered":"Matr\u00edcula Cicles Formatius Grau Superior &#8211; Curs 2025\/26"},"content":{"rendered":"<p>Tot seguit trobareu les instruccions i la documentaci\u00f3 necess\u00e0ries per a la matr\u00edcula dels\u00a0<strong>NOUS ALUMNES<\/strong>\u00a0<strong>preinscrits amb pla\u00e7a assignada<\/strong>\u00a0per als cursos\u00a0<strong>de 1r i 2n de CFGS nous al centre. <\/strong>Tamb\u00e9 trobareu la matr\u00edcula de continu\u00eftat.<\/p>\n<p>La matr\u00edcula s\u2019ha de fer<strong>\u00a0de manera telem\u00e0tica<\/strong> annexant-hi tota la documentaci\u00f3 demanada en les instruccions de m\u00e9s avall a trav\u00e9s dels enlla\u00e7os adjunts.<\/p>\n<table style=\"border-collapse: collapse; width: 100%; height: 32px;\">\n<tbody>\n<tr style=\"height: 32px;\">\n<td style=\"width: 49.4924%; text-align: center; height: 32px; background-color: #a1f296;\"><strong>Matr\u00edcula CFGS NOUS al Centre<\/strong><\/td>\n<\/tr>\n<tr>\n<td style=\"width: 49.4924%; text-align: center;\">\n<p style=\"text-align: left;\"><b><u>Taxes:<\/u><\/b><\/p>\n<p style=\"text-align: left;\">Pagament de 360\u202f\u20ac en concepte de taxes de CFGS. En el cas de ser fam\u00edlia nombrosa, monoparental o disposar de beca en el cus 2024\/25, les taxes tenen una bonificaci\u00f3 del 50% i l&#8217;import \u00e9s de 180\u202f\u20ac. El pagament es fa a trav\u00e9s de la plataforma <a href=\"https:\/\/tpvescola.com\/DirectLogin.aspx?eid=568\" target=\"_blank\" rel=\"noopener\">TPV Escola (botiga)<\/a> dins de l&#8217;apartat de &#8220;compres&#8221;. El material escolar ja el tindreu adjudicat per pagar directament.<\/p>\n<p style=\"text-align: left;\">*En fer el registre a l&#8217;APP TPV Escola, cal seleccionar:<\/p>\n<p style=\"text-align: left;\">Municipi: <em>Sant Sadurn\u00ed d&#8217;Anoia<\/em><br \/>\nCentre escolar: <em>Institut Intermunicipal del Pened\u00e8s<\/em><\/p>\n<p style=\"text-align: left;\"><strong><u>Documentaci\u00f3 que cal adjuntar<\/u><\/strong>:<\/p>\n<ol style=\"text-align: left;\">\n<li><strong>Fotoc\u00f2pia del DNI<\/strong>\u00a0o perm\u00eds de resid\u00e8ncia (l\u2019alumne\/a que no tingui perm\u00eds de resid\u00e8ncia ha d\u2019aportar un altre document que l\u2019identifiqui, com passaport o altres).<\/li>\n<li><strong>Fotoc\u00f2pia del DNI de la mare i del pare en cas de no ser major d&#8217;edat.<\/strong><\/li>\n<li><strong>Fotoc\u00f2pia de la targeta d\u2019identificaci\u00f3 sanit\u00e0ria (TIS)<\/strong>.<\/li>\n<li><strong>Resguard de notes o t\u00edtol (Batxillerat, CFGM, Prova d&#8217;acc\u00e9s&#8230;)<\/strong><\/li>\n<li><strong>Carnet de fam\u00edlia nombrosa, fam\u00edlia monoparental o beca en el cas que s&#8217;hagin comprat les taxes bonificades.<\/strong><\/li>\n<\/ol>\n<p style=\"text-align: left;\"><strong><u>Procediment<\/u><\/strong>:<\/p>\n<p style=\"text-align: left;\">Tota la documentaci\u00f3 anterior s\u2019ha d\u2019enviar a trav\u00e9s d\u2019aquest\u00a0<a href=\"https:\/\/docs.google.com\/forms\/d\/e\/1FAIpQLSdHsWT0v-OMXcGzwCkqImv-XJB2fERSRHwwQwYHeOCikragJg\/viewform?usp=sharing&amp;ouid=105261381167045041223\" target=\"_blank\" rel=\"noopener\">ENLLA\u00c7 D\u2019ENVIAMENT.<\/a><\/p>\n<p style=\"text-align: left;\">En cas de dubtes, poden trucar al 938912061 en horari de secretaria.<\/p>\n<p style=\"text-align: left;\">L\u2019alumnat que no formalitzi la matr\u00edcula en el per\u00edode establert es considera que renuncia a la pla\u00e7a adjudicada.<\/p>\n<p style=\"text-align: left;\"><strong><u>Horari de secretaria:<\/u><\/strong><\/p>\n<p style=\"text-align: left;\">De dilluns a divendres de 9.00\u202fh a 14.00\u202fh<\/p>\n<\/td>\n<\/tr>\n<\/tbody>\n<\/table>\n","protected":false},"excerpt":{"rendered":"<p>Tot seguit trobareu les instruccions i la documentaci\u00f3 necess\u00e0ries per a la matr\u00edcula dels\u00a0NOUS ALUMNES\u00a0preinscrits amb pla\u00e7a assignada\u00a0per als cursos\u00a0de 1r i 2n de CFGS nous al centre. Tamb\u00e9 trobareu la matr\u00edcula de continu\u00eftat.<br \/>\nLa matr\u00edcula s\u2019ha de fer\u00a0de manera telem\u00e0tica annexant-hi tota la documentaci\u00f3 demanada&hellip;  <a href=\"https:\/\/agora.xtec.cat\/ins-intermunicipal\/general\/matricula-cicles-fromatius-grau-superior-curs-2025-26\/\" title=\"Read Matr\u00edcula Cicles Formatius Grau Superior &#8211; Curs 2025\/26\">Llegeix m\u00e9s\u00bb<\/a><\/p>\n","protected":false},"author":6,"featured_media":3349,"comment_status":"closed","ping_status":"closed","sticky":false,"template":"","format":"standard","meta":{"_bbp_topic_count":0,"_bbp_reply_count":0,"_bbp_total_topic_count":0,"_bbp_total_reply_count":0,"_bbp_voice_count":0,"_bbp_anonymous_reply_count":0,"_bbp_topic_count_hidden":0,"_bbp_reply_count_hidden":0,"_bbp_forum_subforum_count":0,"footnotes":""},"categories":[30,1,29],"tags":[],"class_list":["post-3348","post","type-post","status-publish","format-standard","has-post-thumbnail","hentry","category-formacio-professional","category-general","category-portada"],"post_mailing_queue_ids":[],"_links":{"self":[{"href":"https:\/\/agora.xtec.cat\/ins-intermunicipal\/wp-json\/wp\/v2\/posts\/3348","targetHints":{"allow":["GET"]}}],"collection":[{"href":"https:\/\/agora.xtec.cat\/ins-intermunicipal\/wp-json\/wp\/v2\/posts"}],"about":[{"href":"https:\/\/agora.xtec.cat\/ins-intermunicipal\/wp-json\/wp\/v2\/types\/post"}],"author":[{"embeddable":true,"href":"https:\/\/agora.xtec.cat\/ins-intermunicipal\/wp-json\/wp\/v2\/users\/6"}],"replies":[{"embeddable":true,"href":"https:\/\/agora.xtec.cat\/ins-intermunicipal\/wp-json\/wp\/v2\/comments?post=3348"}],"version-history":[{"count":6,"href":"https:\/\/agora.xtec.cat\/ins-intermunicipal\/wp-json\/wp\/v2\/posts\/3348\/revisions"}],"predecessor-version":[{"id":5086,"href":"https:\/\/agora.xtec.cat\/ins-intermunicipal\/wp-json\/wp\/v2\/posts\/3348\/revisions\/5086"}],"wp:featuredmedia":[{"embeddable":true,"href":"https:\/\/agora.xtec.cat\/ins-intermunicipal\/wp-json\/wp\/v2\/media\/3349"}],"wp:attachment":[{"href":"https:\/\/agora.xtec.cat\/ins-intermunicipal\/wp-json\/wp\/v2\/media?parent=3348"}],"wp:term":[{"taxonomy":"category","embeddable":true,"href":"https:\/\/agora.xtec.cat\/ins-intermunicipal\/wp-json\/wp\/v2\/categories?post=3348"},{"taxonomy":"post_tag","embeddable":true,"href":"https:\/\/agora.xtec.cat\/ins-intermunicipal\/wp-json\/wp\/v2\/tags?post=3348"}],"curies":[{"name":"wp","href":"https:\/\/api.w.org\/{rel}","templated":true}]}}