{"id":3323,"date":"2024-07-04T11:50:06","date_gmt":"2024-07-04T09:50:06","guid":{"rendered":"https:\/\/agora.xtec.cat\/ins-intermunicipal\/?p=3323"},"modified":"2024-07-19T13:31:31","modified_gmt":"2024-07-19T11:31:31","slug":"presentacio-families-1r-eso-curs-2024-25","status":"publish","type":"post","link":"https:\/\/agora.xtec.cat\/ins-intermunicipal\/eso\/presentacio-families-1r-eso-curs-2024-25\/","title":{"rendered":"Presentaci\u00f3 fam\u00edlies 1r ESO &#8211; Curs 2024\/25"},"content":{"rendered":"<p>Benvolgudes fam\u00edlies de 1r d&#8217;ESO per al curs 2024-25,<\/p>\n<div>Us adjuntem la presentaci\u00f3 que vam fer ahir dimecres dia 3 de juliol per tal que pugueu consultar la informaci\u00f3 que vam comentar:\u00a0<a href=\"https:\/\/agora.xtec.cat\/ins-intermunicipal\/wp-content\/uploads\/usu2220\/2024\/07\/Presentacio-1r-dESO-Juliol-24-1.pdf\" target=\"_blank\" rel=\"noopener\">Veure la presentaci\u00f3 (PDF)<\/a><\/div>\n<div><\/div>\n<div>\n<p>Aquells\/es que encara no ho h\u00e0giu fet, ens haur\u00edeu d&#8217;informar de l&#8217;optativa que voldreu fer a 1r d&#8217;ESO a trav\u00e9s del correu de centre (<a href=\"mailto:a8077472@xtec.cat\">a8077472@xtec.cat<\/a>)<\/p>\n<div>Moltes gr\u00e0cies als i a les que hi vau assistir i esperem veure&#8217;ns tots i totes el proper setembre.<\/div>\n<div><\/div>\n<div>De part de l&#8217;Equip Directiu&#8230;<\/div>\n<div>MOLT BON ESTIU!!!<\/div>\n<\/div>\n","protected":false},"excerpt":{"rendered":"<p>Benvolgudes fam\u00edlies de 1r d&#8217;ESO per al curs 2024-25,<br \/>\nUs adjuntem la presentaci\u00f3 que vam fer ahir dimecres dia 3 de juliol per tal que pugueu consultar la informaci\u00f3 que vam comentar:\u00a0<a href=\"https:\/\/agora.xtec.cat\/ins-intermunicipal\/wp-content\/uploads\/usu2220\/2024\/07\/Presentacio-1r-dESO-Juliol-24-1.pdf\" target=\"_blank\" rel=\"noopener\">Veure la presentaci\u00f3 (PDF)<\/a><\/p>\n<p>Aquells\/es que encara no ho h\u00e0giu fet, ens haur\u00edeu&hellip;  <a href=\"https:\/\/agora.xtec.cat\/ins-intermunicipal\/eso\/presentacio-families-1r-eso-curs-2024-25\/\" title=\"Read Presentaci\u00f3 fam\u00edlies 1r ESO &#8211; Curs 2024\/25\">Llegeix m\u00e9s\u00bb<\/a><\/p>\n","protected":false},"author":6,"featured_media":3322,"comment_status":"closed","ping_status":"closed","sticky":false,"template":"","format":"standard","meta":{"_bbp_topic_count":0,"_bbp_reply_count":0,"_bbp_total_topic_count":0,"_bbp_total_reply_count":0,"_bbp_voice_count":0,"_bbp_anonymous_reply_count":0,"_bbp_topic_count_hidden":0,"_bbp_reply_count_hidden":0,"_bbp_forum_subforum_count":0,"footnotes":""},"categories":[3,29],"tags":[384,220,415],"class_list":["post-3323","post","type-post","status-publish","format-standard","has-post-thumbnail","hentry","category-eso","category-portada","tag-curs-2024-25","tag-eso","tag-families"],"post_mailing_queue_ids":[],"_links":{"self":[{"href":"https:\/\/agora.xtec.cat\/ins-intermunicipal\/wp-json\/wp\/v2\/posts\/3323","targetHints":{"allow":["GET"]}}],"collection":[{"href":"https:\/\/agora.xtec.cat\/ins-intermunicipal\/wp-json\/wp\/v2\/posts"}],"about":[{"href":"https:\/\/agora.xtec.cat\/ins-intermunicipal\/wp-json\/wp\/v2\/types\/post"}],"author":[{"embeddable":true,"href":"https:\/\/agora.xtec.cat\/ins-intermunicipal\/wp-json\/wp\/v2\/users\/6"}],"replies":[{"embeddable":true,"href":"https:\/\/agora.xtec.cat\/ins-intermunicipal\/wp-json\/wp\/v2\/comments?post=3323"}],"version-history":[{"count":4,"href":"https:\/\/agora.xtec.cat\/ins-intermunicipal\/wp-json\/wp\/v2\/posts\/3323\/revisions"}],"predecessor-version":[{"id":3330,"href":"https:\/\/agora.xtec.cat\/ins-intermunicipal\/wp-json\/wp\/v2\/posts\/3323\/revisions\/3330"}],"wp:featuredmedia":[{"embeddable":true,"href":"https:\/\/agora.xtec.cat\/ins-intermunicipal\/wp-json\/wp\/v2\/media\/3322"}],"wp:attachment":[{"href":"https:\/\/agora.xtec.cat\/ins-intermunicipal\/wp-json\/wp\/v2\/media?parent=3323"}],"wp:term":[{"taxonomy":"category","embeddable":true,"href":"https:\/\/agora.xtec.cat\/ins-intermunicipal\/wp-json\/wp\/v2\/categories?post=3323"},{"taxonomy":"post_tag","embeddable":true,"href":"https:\/\/agora.xtec.cat\/ins-intermunicipal\/wp-json\/wp\/v2\/tags?post=3323"}],"curies":[{"name":"wp","href":"https:\/\/api.w.org\/{rel}","templated":true}]}}