{"id":3305,"date":"2024-06-30T12:06:12","date_gmt":"2024-06-30T10:06:12","guid":{"rendered":"https:\/\/agora.xtec.cat\/ins-intermunicipal\/?p=3305"},"modified":"2024-09-08T17:47:51","modified_gmt":"2024-09-08T15:47:51","slug":"formacio-sobre-prevencio-del-suicidi-i-salut-mental-a-linter","status":"publish","type":"post","link":"https:\/\/agora.xtec.cat\/ins-intermunicipal\/general\/formacio-sobre-prevencio-del-suicidi-i-salut-mental-a-linter\/","title":{"rendered":"Formaci\u00f3 sobre prevenci\u00f3 del su\u00efcidi i salut mental a l&#8217;\u00cdnter"},"content":{"rendered":"<p><a href=\"https:\/\/agora.xtec.cat\/ins-intermunicipal\/wp-content\/uploads\/usu2220\/2024\/06\/Imatge-de-WhatsApp-2024-06-30-a-les-11.58.37_ecfa828f.jpg\"><img loading=\"lazy\" decoding=\"async\" class=\"size-medium wp-image-3307 alignright\" src=\"https:\/\/agora.xtec.cat\/ins-intermunicipal\/wp-content\/uploads\/usu2220\/2024\/06\/Imatge-de-WhatsApp-2024-06-30-a-les-11.58.37_ecfa828f-300x225.jpg\" alt=\"\" width=\"300\" height=\"225\" srcset=\"https:\/\/agora.xtec.cat\/ins-intermunicipal\/wp-content\/uploads\/usu2220\/2024\/06\/Imatge-de-WhatsApp-2024-06-30-a-les-11.58.37_ecfa828f-300x225.jpg 300w, https:\/\/agora.xtec.cat\/ins-intermunicipal\/wp-content\/uploads\/usu2220\/2024\/06\/Imatge-de-WhatsApp-2024-06-30-a-les-11.58.37_ecfa828f-1024x768.jpg 1024w, https:\/\/agora.xtec.cat\/ins-intermunicipal\/wp-content\/uploads\/usu2220\/2024\/06\/Imatge-de-WhatsApp-2024-06-30-a-les-11.58.37_ecfa828f-768x576.jpg 768w, https:\/\/agora.xtec.cat\/ins-intermunicipal\/wp-content\/uploads\/usu2220\/2024\/06\/Imatge-de-WhatsApp-2024-06-30-a-les-11.58.37_ecfa828f-1536x1152.jpg 1536w, https:\/\/agora.xtec.cat\/ins-intermunicipal\/wp-content\/uploads\/usu2220\/2024\/06\/Imatge-de-WhatsApp-2024-06-30-a-les-11.58.37_ecfa828f-200x150.jpg 200w, https:\/\/agora.xtec.cat\/ins-intermunicipal\/wp-content\/uploads\/usu2220\/2024\/06\/Imatge-de-WhatsApp-2024-06-30-a-les-11.58.37_ecfa828f.jpg 2048w\" sizes=\"auto, (max-width: 300px) 100vw, 300px\" \/><\/a>Una trentena de docents de l&#8217;\u00cdnter van assistir divendres passat a la xerrada formativa de primers auxilis psicol\u00f2gics a c\u00e0rrec del psic\u00f2leg i doctorand Issac Lloveras, que va abordar diversos conceptes claus vinculats a la salut mental i va donar eines als docents per detectar els principals factors de risc de les conductes su\u00efcides. Lloveras, responsable de projectes de l&#8217;empresa Aimentia HealthTeach, va explicar casos del seu pas pel SEM, l&#8217;abordatge cognitiu-conductual i el model de les 6C que s&#8217;aplica.<\/p>\n<p>La xerrada va permetre refor\u00e7ar el coneixement que els docents tenen de les caracter\u00edstiques dels adolescents: la impulsivitat, la labilitat emocional i el pes de la influ\u00e8ncia grupal i a m\u00e9s abordar amb humor i intel\u00b7lig\u00e8ncia un dels problemes de salut que fins fa relativament fa poc s&#8217;amagaven.<\/p>\n<p>Una jornada de formaci\u00f3 que servir\u00e0 als docents i l&#8217;equip directiu per millorar els protocols de detecci\u00f3 i l&#8217;abordatge emocional amb el nostre alumnat.<\/p>\n<p>&nbsp;<\/p>\n","protected":false},"excerpt":{"rendered":"<p><a href=\"https:\/\/agora.xtec.cat\/ins-intermunicipal\/wp-content\/uploads\/usu2220\/2024\/06\/Imatge-de-WhatsApp-2024-06-30-a-les-11.58.37_ecfa828f.jpg\"><\/a>Una trentena de docents de l&#8217;\u00cdnter van assistir divendres passat a la xerrada formativa de primers auxilis psicol\u00f2gics a c\u00e0rrec del psic\u00f2leg i doctorand Issac Lloveras, que va abordar diversos conceptes claus vinculats a la salut mental i va donar eines als docents per&hellip;  <a href=\"https:\/\/agora.xtec.cat\/ins-intermunicipal\/general\/formacio-sobre-prevencio-del-suicidi-i-salut-mental-a-linter\/\" title=\"Read Formaci\u00f3 sobre prevenci\u00f3 del su\u00efcidi i salut mental a l&#8217;\u00cdnter\">Llegeix m\u00e9s\u00bb<\/a><\/p>\n","protected":false},"author":8,"featured_media":3306,"comment_status":"closed","ping_status":"closed","sticky":false,"template":"","format":"standard","meta":{"_bbp_topic_count":0,"_bbp_reply_count":0,"_bbp_total_topic_count":0,"_bbp_total_reply_count":0,"_bbp_voice_count":0,"_bbp_anonymous_reply_count":0,"_bbp_topic_count_hidden":0,"_bbp_reply_count_hidden":0,"_bbp_forum_subforum_count":0,"footnotes":""},"categories":[30,1,29],"tags":[],"class_list":["post-3305","post","type-post","status-publish","format-standard","has-post-thumbnail","hentry","category-formacio-professional","category-general","category-portada"],"post_mailing_queue_ids":[],"_links":{"self":[{"href":"https:\/\/agora.xtec.cat\/ins-intermunicipal\/wp-json\/wp\/v2\/posts\/3305","targetHints":{"allow":["GET"]}}],"collection":[{"href":"https:\/\/agora.xtec.cat\/ins-intermunicipal\/wp-json\/wp\/v2\/posts"}],"about":[{"href":"https:\/\/agora.xtec.cat\/ins-intermunicipal\/wp-json\/wp\/v2\/types\/post"}],"author":[{"embeddable":true,"href":"https:\/\/agora.xtec.cat\/ins-intermunicipal\/wp-json\/wp\/v2\/users\/8"}],"replies":[{"embeddable":true,"href":"https:\/\/agora.xtec.cat\/ins-intermunicipal\/wp-json\/wp\/v2\/comments?post=3305"}],"version-history":[{"count":5,"href":"https:\/\/agora.xtec.cat\/ins-intermunicipal\/wp-json\/wp\/v2\/posts\/3305\/revisions"}],"predecessor-version":[{"id":3423,"href":"https:\/\/agora.xtec.cat\/ins-intermunicipal\/wp-json\/wp\/v2\/posts\/3305\/revisions\/3423"}],"wp:featuredmedia":[{"embeddable":true,"href":"https:\/\/agora.xtec.cat\/ins-intermunicipal\/wp-json\/wp\/v2\/media\/3306"}],"wp:attachment":[{"href":"https:\/\/agora.xtec.cat\/ins-intermunicipal\/wp-json\/wp\/v2\/media?parent=3305"}],"wp:term":[{"taxonomy":"category","embeddable":true,"href":"https:\/\/agora.xtec.cat\/ins-intermunicipal\/wp-json\/wp\/v2\/categories?post=3305"},{"taxonomy":"post_tag","embeddable":true,"href":"https:\/\/agora.xtec.cat\/ins-intermunicipal\/wp-json\/wp\/v2\/tags?post=3305"}],"curies":[{"name":"wp","href":"https:\/\/api.w.org\/{rel}","templated":true}]}}