{"id":3295,"date":"2024-06-28T10:56:44","date_gmt":"2024-06-28T08:56:44","guid":{"rendered":"https:\/\/agora.xtec.cat\/ins-intermunicipal\/?p=3295"},"modified":"2024-06-28T10:56:44","modified_gmt":"2024-06-28T08:56:44","slug":"el-professorat-debat-sobre-lus-de-pantalles-a-linter","status":"publish","type":"post","link":"https:\/\/agora.xtec.cat\/ins-intermunicipal\/general\/el-professorat-debat-sobre-lus-de-pantalles-a-linter\/","title":{"rendered":"El professorat debat sobre l&#8217;\u00fas de pantalles a l&#8217;\u00cdnter"},"content":{"rendered":"<p><a href=\"https:\/\/agora.xtec.cat\/ins-intermunicipal\/wp-content\/uploads\/usu2220\/2024\/06\/Imatge-de-WhatsApp-2024-06-27-a-les-10.51.49_358ac500.jpg\"><img loading=\"lazy\" decoding=\"async\" class=\"size-medium wp-image-3297 alignright\" src=\"https:\/\/agora.xtec.cat\/ins-intermunicipal\/wp-content\/uploads\/usu2220\/2024\/06\/Imatge-de-WhatsApp-2024-06-27-a-les-10.51.49_358ac500-300x135.jpg\" alt=\"\" width=\"300\" height=\"135\" srcset=\"https:\/\/agora.xtec.cat\/ins-intermunicipal\/wp-content\/uploads\/usu2220\/2024\/06\/Imatge-de-WhatsApp-2024-06-27-a-les-10.51.49_358ac500-300x135.jpg 300w, https:\/\/agora.xtec.cat\/ins-intermunicipal\/wp-content\/uploads\/usu2220\/2024\/06\/Imatge-de-WhatsApp-2024-06-27-a-les-10.51.49_358ac500-1024x461.jpg 1024w, https:\/\/agora.xtec.cat\/ins-intermunicipal\/wp-content\/uploads\/usu2220\/2024\/06\/Imatge-de-WhatsApp-2024-06-27-a-les-10.51.49_358ac500-768x346.jpg 768w, https:\/\/agora.xtec.cat\/ins-intermunicipal\/wp-content\/uploads\/usu2220\/2024\/06\/Imatge-de-WhatsApp-2024-06-27-a-les-10.51.49_358ac500-1536x691.jpg 1536w, https:\/\/agora.xtec.cat\/ins-intermunicipal\/wp-content\/uploads\/usu2220\/2024\/06\/Imatge-de-WhatsApp-2024-06-27-a-les-10.51.49_358ac500.jpg 1600w\" sizes=\"auto, (max-width: 300px) 100vw, 300px\" \/><\/a>L&#8217;equip docent de l&#8217;\u00cdnter va assistir dimarts d&#8217;aquesta setmana a la xerrada \u00das de pantalles a l&#8217;Institut. I nosaltres? a la sala d&#8217;actes del centre. Tenia com a objectiu fer con\u00e8ixer, una mica m\u00e9s, els efectes de la sobreexposici\u00f3 de les pantalles en els adolescents i llan\u00e7ar reptes i preguntes sobre el cam\u00ed que el centre ha de prendre a partir d&#8217;ara. Durant l&#8217;exposici\u00f3, que va fer Blanca de l&#8217;equip de Quatre Cantonades, es va fer una repassada hist\u00f2rica de la irrupci\u00f3 de les xarxes socials, es va parlar de l&#8217;impacte de la hiperconnexi\u00f3 en els nens i en els adolescents, de la davallada d&#8217;atenci\u00f3 i concentraci\u00f3 i els canvis cerebrals que comporta, de la depend\u00e8ncia que genera tamb\u00e9 en els adults i la import\u00e0ncia d&#8217;establir restriccions o rutines. Massa q\u00fcestions obertes que no es van poder respondre nom\u00e9s en l&#8217;hora de xerrada, per\u00f2 s\u00ed que van servir per conscienciar una mica m\u00e9s dels efectes de l&#8217;exposici\u00f3 constant a les pantalles.<\/p>\n<p><a href=\"https:\/\/agora.xtec.cat\/ins-intermunicipal\/wp-content\/uploads\/usu2220\/2024\/06\/Bienestar-digital.jpg\"><img loading=\"lazy\" decoding=\"async\" class=\"size-medium wp-image-3296 alignright\" src=\"https:\/\/agora.xtec.cat\/ins-intermunicipal\/wp-content\/uploads\/usu2220\/2024\/06\/Bienestar-digital-300x300.jpg\" alt=\"\" width=\"300\" height=\"300\" srcset=\"https:\/\/agora.xtec.cat\/ins-intermunicipal\/wp-content\/uploads\/usu2220\/2024\/06\/Bienestar-digital-300x300.jpg 300w, https:\/\/agora.xtec.cat\/ins-intermunicipal\/wp-content\/uploads\/usu2220\/2024\/06\/Bienestar-digital-1024x1024.jpg 1024w, https:\/\/agora.xtec.cat\/ins-intermunicipal\/wp-content\/uploads\/usu2220\/2024\/06\/Bienestar-digital-150x150.jpg 150w, https:\/\/agora.xtec.cat\/ins-intermunicipal\/wp-content\/uploads\/usu2220\/2024\/06\/Bienestar-digital-768x768.jpg 768w, https:\/\/agora.xtec.cat\/ins-intermunicipal\/wp-content\/uploads\/usu2220\/2024\/06\/Bienestar-digital.jpg 1280w\" sizes=\"auto, (max-width: 300px) 100vw, 300px\" \/><\/a>Durant la xerrada Blanca va compartir amb els docents una eina poc difosa que tenim disponible als m\u00f2bils, dins de l&#8217;apartat de configuraci\u00f3 de l&#8217;aparell. Es diu Benestar digital i controls parentals on es pot consultar el temps que hem estat amb l&#8217;aparell enc\u00e8s i les aplicacions que hem obert. En aquest espai trobarem tamb\u00e9 un apartat per limitar el temps d&#8217;\u00fas de l&#8217;aparell dels nostres fills amb el control parental que establim. Fer una consulta di\u00e0ria de les hores que passem al m\u00f2bil \u00e9s un primer pas per conscienciar-nos sobre el canvi necessari a fer.<\/p>\n<p>La xerrada va intentar obrir el di\u00e0leg sobre l&#8217;\u00fas el m\u00f2bil despr\u00e9s que aquest curs se&#8217;n limit\u00e9s l&#8217;\u00fas avan\u00e7ant-nos al debat i la nova normativa que ha establert el Departament d&#8217;Educaci\u00f3. A l&#8217;inici del curs que ve, es preveu reprendre el debat sobre la normativa amb noves mesures despr\u00e9s de comprovar que la normativa no ha estat del tot efectiva. Repensarem estrat\u00e8gies.<\/p>\n","protected":false},"excerpt":{"rendered":"<p><a href=\"https:\/\/agora.xtec.cat\/ins-intermunicipal\/wp-content\/uploads\/usu2220\/2024\/06\/Imatge-de-WhatsApp-2024-06-27-a-les-10.51.49_358ac500.jpg\"><\/a>L&#8217;equip docent de l&#8217;\u00cdnter va assistir dimarts d&#8217;aquesta setmana a la xerrada \u00das de pantalles a l&#8217;Institut. I nosaltres? a la sala d&#8217;actes del centre. Tenia com a objectiu fer con\u00e8ixer, una mica m\u00e9s, els efectes de la sobreexposici\u00f3 de les pantalles en els&hellip;  <a href=\"https:\/\/agora.xtec.cat\/ins-intermunicipal\/general\/el-professorat-debat-sobre-lus-de-pantalles-a-linter\/\" title=\"Read El professorat debat sobre l&#8217;\u00fas de pantalles a l&#8217;\u00cdnter\">Llegeix m\u00e9s\u00bb<\/a><\/p>\n","protected":false},"author":8,"featured_media":3298,"comment_status":"closed","ping_status":"closed","sticky":false,"template":"","format":"standard","meta":{"_bbp_topic_count":0,"_bbp_reply_count":0,"_bbp_total_topic_count":0,"_bbp_total_reply_count":0,"_bbp_voice_count":0,"_bbp_anonymous_reply_count":0,"_bbp_topic_count_hidden":0,"_bbp_reply_count_hidden":0,"_bbp_forum_subforum_count":0,"footnotes":""},"categories":[30,1,29],"tags":[431],"class_list":["post-3295","post","type-post","status-publish","format-standard","has-post-thumbnail","hentry","category-formacio-professional","category-general","category-portada","tag-institut-intermunicipal-del-penedes"],"post_mailing_queue_ids":[],"_links":{"self":[{"href":"https:\/\/agora.xtec.cat\/ins-intermunicipal\/wp-json\/wp\/v2\/posts\/3295","targetHints":{"allow":["GET"]}}],"collection":[{"href":"https:\/\/agora.xtec.cat\/ins-intermunicipal\/wp-json\/wp\/v2\/posts"}],"about":[{"href":"https:\/\/agora.xtec.cat\/ins-intermunicipal\/wp-json\/wp\/v2\/types\/post"}],"author":[{"embeddable":true,"href":"https:\/\/agora.xtec.cat\/ins-intermunicipal\/wp-json\/wp\/v2\/users\/8"}],"replies":[{"embeddable":true,"href":"https:\/\/agora.xtec.cat\/ins-intermunicipal\/wp-json\/wp\/v2\/comments?post=3295"}],"version-history":[{"count":1,"href":"https:\/\/agora.xtec.cat\/ins-intermunicipal\/wp-json\/wp\/v2\/posts\/3295\/revisions"}],"predecessor-version":[{"id":3299,"href":"https:\/\/agora.xtec.cat\/ins-intermunicipal\/wp-json\/wp\/v2\/posts\/3295\/revisions\/3299"}],"wp:featuredmedia":[{"embeddable":true,"href":"https:\/\/agora.xtec.cat\/ins-intermunicipal\/wp-json\/wp\/v2\/media\/3298"}],"wp:attachment":[{"href":"https:\/\/agora.xtec.cat\/ins-intermunicipal\/wp-json\/wp\/v2\/media?parent=3295"}],"wp:term":[{"taxonomy":"category","embeddable":true,"href":"https:\/\/agora.xtec.cat\/ins-intermunicipal\/wp-json\/wp\/v2\/categories?post=3295"},{"taxonomy":"post_tag","embeddable":true,"href":"https:\/\/agora.xtec.cat\/ins-intermunicipal\/wp-json\/wp\/v2\/tags?post=3295"}],"curies":[{"name":"wp","href":"https:\/\/api.w.org\/{rel}","templated":true}]}}