{"id":3290,"date":"2024-06-26T14:32:37","date_gmt":"2024-06-26T12:32:37","guid":{"rendered":"https:\/\/agora.xtec.cat\/ins-intermunicipal\/?p=3290"},"modified":"2025-09-01T09:56:08","modified_gmt":"2025-09-01T07:56:08","slug":"informacio-val-escolar-curs-2025-26","status":"publish","type":"post","link":"https:\/\/agora.xtec.cat\/ins-intermunicipal\/general\/informacio-val-escolar-curs-2025-26\/","title":{"rendered":"Informaci\u00f3 val escolar &#8211; Curs 2025\/26"},"content":{"rendered":"<p><a href=\"https:\/\/agora.xtec.cat\/ins-intermunicipal\/wp-content\/uploads\/usu2220\/2024\/06\/hero-val-escolar.webp\"><img loading=\"lazy\" decoding=\"async\" class=\"alignnone wp-image-3293\" src=\"https:\/\/agora.xtec.cat\/ins-intermunicipal\/wp-content\/uploads\/usu2220\/2024\/06\/hero-val-escolar.webp\" alt=\"\" width=\"603\" height=\"104\" srcset=\"https:\/\/agora.xtec.cat\/ins-intermunicipal\/wp-content\/uploads\/usu2220\/2024\/06\/hero-val-escolar.webp 1400w, https:\/\/agora.xtec.cat\/ins-intermunicipal\/wp-content\/uploads\/usu2220\/2024\/06\/hero-val-escolar-300x52.webp 300w, https:\/\/agora.xtec.cat\/ins-intermunicipal\/wp-content\/uploads\/usu2220\/2024\/06\/hero-val-escolar-1024x177.webp 1024w, https:\/\/agora.xtec.cat\/ins-intermunicipal\/wp-content\/uploads\/usu2220\/2024\/06\/hero-val-escolar-768x133.webp 768w\" sizes=\"auto, (max-width: 603px) 100vw, 603px\" \/><\/a><\/p>\n<div class=\"col-12 pop-up-shadow p-4 mt-4\">\n<p><strong>Qu\u00e8 \u00e9s la campanya Val Escolar?<\/strong><\/p>\n<div class=\"col-11 px-0 py-4 text-faq\">\n<p>\u00c9s una campanya impulsada per la Generalitat de Catalunya amb l\u2019objectiu d\u2019atorgar un ajut de 60 euros en concepte de material escolar a alumnes de prim\u00e0ria i secund\u00e0ria obligat\u00f2ria que estudien en centres p\u00fablics o concertats.<\/p>\n<p><strong><span style=\"font-family: inherit; font-size: 1em;\">Quant dura la campanya Val Escolar?<\/span><\/strong><\/p>\n<\/div>\n<\/div>\n<div class=\"col-12 pop-up-shadow p-4 mt-4\">\n<div class=\"col-11 px-0 py-4 text-faq\">\n<p>La campanya comen\u00e7a quan s\u2019envien els vals a casa, cap a mitjan juny, i acaba el 30 de novembre de 2025.<\/p>\n<p><strong><span style=\"font-family: inherit; font-size: 1em;\">Qui pot rebre aquest ajut al nostre centre?<\/span><\/strong><\/p>\n<\/div>\n<\/div>\n<div class=\"col-12 pop-up-shadow p-4 mt-4\">\n<div class=\"col-11 px-0 py-4 text-faq\">\n<p>Pot rebre el Val Escolar:<\/p>\n<ul>\n<li>L\u2019alumnat de primer a quart d&#8217;ESO.<\/li>\n<\/ul>\n<\/div>\n<\/div>\n<div class=\"col-12 pop-up-shadow p-4 mt-4\">\n<p><strong>Com es dona l\u2019ajut?<\/strong><\/p>\n<div class=\"col-11 px-0 py-4 text-faq\">\n<p>L\u2019ajut es dona amb dos vals de 30 euros. Pots utilitzar-los per comprar material escolar als establiments col\u00b7laboradors.<\/p>\n<p>Els vals s\u2019enviaran als domicilis de l\u2019alumnat a mitjan juny i sempre es podran descarregar des de la web\u00a0<a href=\"https:\/\/www.valescolar.cat\/\" target=\"blank\">valescolar.cat<\/a>.<\/p>\n<p><strong>Cessi\u00f3 dels vals al centre educatiu<\/strong><\/p>\n<p>Podeu cedir-los al centre educatiu per reduir l\u2019aportaci\u00f3 de les fam\u00edlies per material escolar. El termini per realitzar la cessi\u00f3 al centre \u00e9s fins al dia 19 de setembre. A partir del 30 de setembre de 2025 les fam\u00edlies que h\u00e0giu cedit els vals al centre i h\u00e0giu pagat les quotes de material a trav\u00e9s del TPV, se us far\u00e0 una devoluci\u00f3 de 30\u202f\u20ac o 60\u202f\u20ac segons sigui el cas. Una altra opci\u00f3 en cas de cessi\u00f3 dels dos vals escolar al centre, seria enviar un correu electr\u00f2nic a <a href=\"mailto:a8077472@xtec.cat\">a8077472@xtec.cat<\/a> i demanar personalitzar el pagament del material escolar amb import de 10\u202f\u20ac.<\/p>\n<p><em>*Demanem a\u00a0 les fam\u00edlies que tenen beques, com les Motxilles Escolars, no cedeixin els val escolars al centre, perqu\u00e8 les beques serveixen per cobrir els mateixos conceptes que els vals.<\/em><\/p>\n<p><strong>Calendari<\/strong><\/p>\n<p><a href=\"https:\/\/agora.xtec.cat\/ins-intermunicipal\/wp-content\/uploads\/usu2220\/2024\/06\/calendari_val_escolar.png\"><img loading=\"lazy\" decoding=\"async\" class=\"alignnone wp-image-4886\" src=\"https:\/\/agora.xtec.cat\/ins-intermunicipal\/wp-content\/uploads\/usu2220\/2024\/06\/calendari_val_escolar.png\" alt=\"\" width=\"843\" height=\"258\" srcset=\"https:\/\/agora.xtec.cat\/ins-intermunicipal\/wp-content\/uploads\/usu2220\/2024\/06\/calendari_val_escolar.png 1100w, https:\/\/agora.xtec.cat\/ins-intermunicipal\/wp-content\/uploads\/usu2220\/2024\/06\/calendari_val_escolar-300x92.png 300w, https:\/\/agora.xtec.cat\/ins-intermunicipal\/wp-content\/uploads\/usu2220\/2024\/06\/calendari_val_escolar-1024x314.png 1024w, https:\/\/agora.xtec.cat\/ins-intermunicipal\/wp-content\/uploads\/usu2220\/2024\/06\/calendari_val_escolar-768x235.png 768w\" sizes=\"auto, (max-width: 843px) 100vw, 843px\" \/><\/a><\/p>\n<\/div>\n<\/div>\n<p>Podeu trobar tota la informaci\u00f3 del val escolar a la seva web: <a href=\"https:\/\/www.valescolar.cat\/\" target=\"_blank\" rel=\"noopener\">https:\/\/www.valescolar.cat\/<\/a><\/p>\n","protected":false},"excerpt":{"rendered":"<p><a href=\"https:\/\/agora.xtec.cat\/ins-intermunicipal\/wp-content\/uploads\/usu2220\/2024\/06\/hero-val-escolar.webp\"><\/a><\/p>\n<p>Qu\u00e8 \u00e9s la campanya Val Escolar?<\/p>\n<p>\u00c9s una campanya impulsada per la Generalitat de Catalunya amb l\u2019objectiu d\u2019atorgar un ajut de 60 euros en concepte de material escolar a alumnes de prim\u00e0ria i secund\u00e0ria obligat\u00f2ria que estudien en centres p\u00fablics o concertats.<br \/>\nQuant dura la campanya&hellip;  <a href=\"https:\/\/agora.xtec.cat\/ins-intermunicipal\/general\/informacio-val-escolar-curs-2025-26\/\" title=\"Read Informaci\u00f3 val escolar &#8211; Curs 2025\/26\">Llegeix m\u00e9s\u00bb<\/a><\/p>\n","protected":false},"author":6,"featured_media":0,"comment_status":"closed","ping_status":"closed","sticky":false,"template":"","format":"standard","meta":{"_bbp_topic_count":0,"_bbp_reply_count":0,"_bbp_total_topic_count":0,"_bbp_total_reply_count":0,"_bbp_voice_count":0,"_bbp_anonymous_reply_count":0,"_bbp_topic_count_hidden":0,"_bbp_reply_count_hidden":0,"_bbp_forum_subforum_count":0,"footnotes":""},"categories":[1],"tags":[],"class_list":["post-3290","post","type-post","status-publish","format-standard","hentry","category-general"],"post_mailing_queue_ids":[],"_links":{"self":[{"href":"https:\/\/agora.xtec.cat\/ins-intermunicipal\/wp-json\/wp\/v2\/posts\/3290","targetHints":{"allow":["GET"]}}],"collection":[{"href":"https:\/\/agora.xtec.cat\/ins-intermunicipal\/wp-json\/wp\/v2\/posts"}],"about":[{"href":"https:\/\/agora.xtec.cat\/ins-intermunicipal\/wp-json\/wp\/v2\/types\/post"}],"author":[{"embeddable":true,"href":"https:\/\/agora.xtec.cat\/ins-intermunicipal\/wp-json\/wp\/v2\/users\/6"}],"replies":[{"embeddable":true,"href":"https:\/\/agora.xtec.cat\/ins-intermunicipal\/wp-json\/wp\/v2\/comments?post=3290"}],"version-history":[{"count":7,"href":"https:\/\/agora.xtec.cat\/ins-intermunicipal\/wp-json\/wp\/v2\/posts\/3290\/revisions"}],"predecessor-version":[{"id":5104,"href":"https:\/\/agora.xtec.cat\/ins-intermunicipal\/wp-json\/wp\/v2\/posts\/3290\/revisions\/5104"}],"wp:attachment":[{"href":"https:\/\/agora.xtec.cat\/ins-intermunicipal\/wp-json\/wp\/v2\/media?parent=3290"}],"wp:term":[{"taxonomy":"category","embeddable":true,"href":"https:\/\/agora.xtec.cat\/ins-intermunicipal\/wp-json\/wp\/v2\/categories?post=3290"},{"taxonomy":"post_tag","embeddable":true,"href":"https:\/\/agora.xtec.cat\/ins-intermunicipal\/wp-json\/wp\/v2\/tags?post=3290"}],"curies":[{"name":"wp","href":"https:\/\/api.w.org\/{rel}","templated":true}]}}