{"id":3282,"date":"2024-06-25T10:36:27","date_gmt":"2024-06-25T08:36:27","guid":{"rendered":"https:\/\/agora.xtec.cat\/ins-intermunicipal\/?p=3282"},"modified":"2024-06-25T10:39:31","modified_gmt":"2024-06-25T08:39:31","slug":"la-juliette-lafourcade-obte-lexcellent-a-les-pau-2024","status":"publish","type":"post","link":"https:\/\/agora.xtec.cat\/ins-intermunicipal\/general\/la-juliette-lafourcade-obte-lexcellent-a-les-pau-2024\/","title":{"rendered":"La Juliette Lafourcade obt\u00e9 l\u2019Excel\u00b7lent a les PAU 2024"},"content":{"rendered":"<p align=\"justify\"><a href=\"https:\/\/agora.xtec.cat\/ins-intermunicipal\/wp-content\/uploads\/usu2220\/2024\/06\/IMG-20240503-WA0000.jpg\"><img loading=\"lazy\" decoding=\"async\" class=\"alignleft wp-image-3283 size-medium\" src=\"https:\/\/agora.xtec.cat\/ins-intermunicipal\/wp-content\/uploads\/usu2220\/2024\/06\/IMG-20240503-WA0000-189x300.jpg\" alt=\"\" width=\"189\" height=\"300\" srcset=\"https:\/\/agora.xtec.cat\/ins-intermunicipal\/wp-content\/uploads\/usu2220\/2024\/06\/IMG-20240503-WA0000-189x300.jpg 189w, https:\/\/agora.xtec.cat\/ins-intermunicipal\/wp-content\/uploads\/usu2220\/2024\/06\/IMG-20240503-WA0000.jpg 455w\" sizes=\"auto, (max-width: 189px) 100vw, 189px\" \/><\/a>La nostra alumna Juliette Lafourcade Gili ha obtingut una nota superior a 9,0 a la fase general de les Proves d\u2019Acc\u00e9s a la Universitat 2024. Concretament ha obtingut un 9,1 a la fase general de les proves. A aquesta nota de la fase general hi haur\u00e0 d\u2019afegir encara les notes de la fase espec\u00edfica que li permetran fer realitat la seva il\u00b7lusi\u00f3 de cursar estudis de periodisme. Tamb\u00e9 es dona la circumst\u00e0ncia que la Juliette va ser <a href=\"https:\/\/agora.xtec.cat\/ins-intermunicipal\/general\/juliette-lafourcade-gili-finalista-al-premi-francesc-noy-dhumanitats\/\" target=\"_blank\" rel=\"noopener\">finalista al premi Francesc Noy<\/a> d\u2019Humanitats de la UPF per a treballs de recerca.<\/p>\n<p align=\"justify\">La felicitem i desitgem que tingui molt d&#8217;\u00e8xit en el seu futur acad\u00e8mic i professional.<\/p>\n","protected":false},"excerpt":{"rendered":"<p><a href=\"https:\/\/agora.xtec.cat\/ins-intermunicipal\/wp-content\/uploads\/usu2220\/2024\/06\/IMG-20240503-WA0000.jpg\"><\/a>La nostra alumna Juliette Lafourcade Gili ha obtingut una nota superior a 9,0 a la fase general de les Proves d\u2019Acc\u00e9s a la Universitat 2024. Concretament ha obtingut un 9,1 a la fase general de les proves. A aquesta nota de la fase general&hellip;  <a href=\"https:\/\/agora.xtec.cat\/ins-intermunicipal\/general\/la-juliette-lafourcade-obte-lexcellent-a-les-pau-2024\/\" title=\"Read La Juliette Lafourcade obt\u00e9 l\u2019Excel\u00b7lent a les PAU 2024\">Llegeix m\u00e9s\u00bb<\/a><\/p>\n","protected":false},"author":7,"featured_media":3286,"comment_status":"closed","ping_status":"closed","sticky":false,"template":"","format":"standard","meta":{"_bbp_topic_count":0,"_bbp_reply_count":0,"_bbp_total_topic_count":0,"_bbp_total_reply_count":0,"_bbp_voice_count":0,"_bbp_anonymous_reply_count":0,"_bbp_topic_count_hidden":0,"_bbp_reply_count_hidden":0,"_bbp_forum_subforum_count":0,"footnotes":""},"categories":[107,8,304,1,29],"tags":[188,468,507],"class_list":["post-3282","post","type-post","status-publish","format-standard","has-post-thumbnail","hentry","category-bat2","category-bat","category-exalumnes","category-general","category-portada","tag-excellent","tag-juliette-lafourcade","tag-pau-2024"],"post_mailing_queue_ids":[],"_links":{"self":[{"href":"https:\/\/agora.xtec.cat\/ins-intermunicipal\/wp-json\/wp\/v2\/posts\/3282","targetHints":{"allow":["GET"]}}],"collection":[{"href":"https:\/\/agora.xtec.cat\/ins-intermunicipal\/wp-json\/wp\/v2\/posts"}],"about":[{"href":"https:\/\/agora.xtec.cat\/ins-intermunicipal\/wp-json\/wp\/v2\/types\/post"}],"author":[{"embeddable":true,"href":"https:\/\/agora.xtec.cat\/ins-intermunicipal\/wp-json\/wp\/v2\/users\/7"}],"replies":[{"embeddable":true,"href":"https:\/\/agora.xtec.cat\/ins-intermunicipal\/wp-json\/wp\/v2\/comments?post=3282"}],"version-history":[{"count":2,"href":"https:\/\/agora.xtec.cat\/ins-intermunicipal\/wp-json\/wp\/v2\/posts\/3282\/revisions"}],"predecessor-version":[{"id":3285,"href":"https:\/\/agora.xtec.cat\/ins-intermunicipal\/wp-json\/wp\/v2\/posts\/3282\/revisions\/3285"}],"wp:featuredmedia":[{"embeddable":true,"href":"https:\/\/agora.xtec.cat\/ins-intermunicipal\/wp-json\/wp\/v2\/media\/3286"}],"wp:attachment":[{"href":"https:\/\/agora.xtec.cat\/ins-intermunicipal\/wp-json\/wp\/v2\/media?parent=3282"}],"wp:term":[{"taxonomy":"category","embeddable":true,"href":"https:\/\/agora.xtec.cat\/ins-intermunicipal\/wp-json\/wp\/v2\/categories?post=3282"},{"taxonomy":"post_tag","embeddable":true,"href":"https:\/\/agora.xtec.cat\/ins-intermunicipal\/wp-json\/wp\/v2\/tags?post=3282"}],"curies":[{"name":"wp","href":"https:\/\/api.w.org\/{rel}","templated":true}]}}