{"id":3244,"date":"2024-06-18T11:35:26","date_gmt":"2024-06-18T09:35:26","guid":{"rendered":"https:\/\/agora.xtec.cat\/ins-intermunicipal\/?p=3244"},"modified":"2024-06-18T11:35:26","modified_gmt":"2024-06-18T09:35:26","slug":"renovacio-de-mobiliari","status":"publish","type":"post","link":"https:\/\/agora.xtec.cat\/ins-intermunicipal\/general\/renovacio-de-mobiliari\/","title":{"rendered":"Renovaci\u00f3 de mobiliari"},"content":{"rendered":"<p style=\"text-align: justify;\">\n<p><img loading=\"lazy\" decoding=\"async\" class=\"alignleft wp-image-855 \" style=\"text-align: justify;\" src=\"https:\/\/agora.xtec.cat\/ins-intermunicipal\/wp-content\/uploads\/usu2220\/2023\/06\/20230613_120242-2-300x190.jpg\" alt=\"\" width=\"367\" height=\"232\" srcset=\"https:\/\/agora.xtec.cat\/ins-intermunicipal\/wp-content\/uploads\/usu2220\/2023\/06\/20230613_120242-2-300x190.jpg 300w, https:\/\/agora.xtec.cat\/ins-intermunicipal\/wp-content\/uploads\/usu2220\/2023\/06\/20230613_120242-2-1024x648.jpg 1024w, https:\/\/agora.xtec.cat\/ins-intermunicipal\/wp-content\/uploads\/usu2220\/2023\/06\/20230613_120242-2-768x486.jpg 768w, https:\/\/agora.xtec.cat\/ins-intermunicipal\/wp-content\/uploads\/usu2220\/2023\/06\/20230613_120242-2-1536x972.jpg 1536w, https:\/\/agora.xtec.cat\/ins-intermunicipal\/wp-content\/uploads\/usu2220\/2023\/06\/20230613_120242-2-2048x1296.jpg 2048w\" sizes=\"auto, (max-width: 367px) 100vw, 367px\" \/><\/p>\n<p style=\"text-align: justify;\">Si b\u00e9 a finals del passat curs ja es van renovar al voltant de 500 taules i cadires destinades als alumnes, la renovaci\u00f3 de mobiliari continua i tot just aquesta setmana ens han arribat 275 taules i cadires noves amb les quals s&#8217;estan substituint les velles del bloc de 2n curs d&#8217;ESO.<\/p>\n<p style=\"text-align: justify;\">A m\u00e9s del mobiliari destinat als alumnes, tamb\u00e9 ens han arribat 40 taules noves pel professorat i aviat arribaran tamb\u00e9 les corresponents cadires. D&#8217;aquesta manera anem renovant el mobiliari antic que despr\u00e9s de molts anys de fer-nos servei ja no estava en bones condicions i esperem que tothom pugui treballar amb m\u00e9s comoditat el proper curs 2024-2025.<\/p>\n","protected":false},"excerpt":{"rendered":"<p>Si b\u00e9 a finals del passat curs ja es van renovar al voltant de 500 taules i cadires destinades als alumnes, la renovaci\u00f3 de mobiliari continua i tot just aquesta setmana ens han arribat 275 taules i cadires noves amb les quals s&#8217;estan substituint les&hellip;  <a href=\"https:\/\/agora.xtec.cat\/ins-intermunicipal\/general\/renovacio-de-mobiliari\/\" title=\"Read Renovaci\u00f3 de mobiliari\">Llegeix m\u00e9s\u00bb<\/a><\/p>\n","protected":false},"author":7,"featured_media":846,"comment_status":"closed","ping_status":"closed","sticky":false,"template":"","format":"standard","meta":{"_bbp_topic_count":0,"_bbp_reply_count":0,"_bbp_total_topic_count":0,"_bbp_total_reply_count":0,"_bbp_voice_count":0,"_bbp_anonymous_reply_count":0,"_bbp_topic_count_hidden":0,"_bbp_reply_count_hidden":0,"_bbp_forum_subforum_count":0,"footnotes":""},"categories":[1,29],"tags":[164],"class_list":["post-3244","post","type-post","status-publish","format-standard","has-post-thumbnail","hentry","category-general","category-portada","tag-mobiliari"],"post_mailing_queue_ids":[],"_links":{"self":[{"href":"https:\/\/agora.xtec.cat\/ins-intermunicipal\/wp-json\/wp\/v2\/posts\/3244","targetHints":{"allow":["GET"]}}],"collection":[{"href":"https:\/\/agora.xtec.cat\/ins-intermunicipal\/wp-json\/wp\/v2\/posts"}],"about":[{"href":"https:\/\/agora.xtec.cat\/ins-intermunicipal\/wp-json\/wp\/v2\/types\/post"}],"author":[{"embeddable":true,"href":"https:\/\/agora.xtec.cat\/ins-intermunicipal\/wp-json\/wp\/v2\/users\/7"}],"replies":[{"embeddable":true,"href":"https:\/\/agora.xtec.cat\/ins-intermunicipal\/wp-json\/wp\/v2\/comments?post=3244"}],"version-history":[{"count":2,"href":"https:\/\/agora.xtec.cat\/ins-intermunicipal\/wp-json\/wp\/v2\/posts\/3244\/revisions"}],"predecessor-version":[{"id":3246,"href":"https:\/\/agora.xtec.cat\/ins-intermunicipal\/wp-json\/wp\/v2\/posts\/3244\/revisions\/3246"}],"wp:featuredmedia":[{"embeddable":true,"href":"https:\/\/agora.xtec.cat\/ins-intermunicipal\/wp-json\/wp\/v2\/media\/846"}],"wp:attachment":[{"href":"https:\/\/agora.xtec.cat\/ins-intermunicipal\/wp-json\/wp\/v2\/media?parent=3244"}],"wp:term":[{"taxonomy":"category","embeddable":true,"href":"https:\/\/agora.xtec.cat\/ins-intermunicipal\/wp-json\/wp\/v2\/categories?post=3244"},{"taxonomy":"post_tag","embeddable":true,"href":"https:\/\/agora.xtec.cat\/ins-intermunicipal\/wp-json\/wp\/v2\/tags?post=3244"}],"curies":[{"name":"wp","href":"https:\/\/api.w.org\/{rel}","templated":true}]}}