{"id":3233,"date":"2024-06-17T11:13:47","date_gmt":"2024-06-17T09:13:47","guid":{"rendered":"https:\/\/agora.xtec.cat\/ins-intermunicipal\/?p=3233"},"modified":"2024-06-17T11:15:50","modified_gmt":"2024-06-17T09:15:50","slug":"les-parelles-linguistiques-de-linter","status":"publish","type":"post","link":"https:\/\/agora.xtec.cat\/ins-intermunicipal\/general\/les-parelles-linguistiques-de-linter\/","title":{"rendered":"Les parelles ling\u00fc\u00edstiques de l&#8217;\u00cdnter"},"content":{"rendered":"<p align=\"justify\"><span style=\"color: #000000;\"><span style=\"font-family: Arial, sans-serif;\"><span style=\"font-size: small;\"><a href=\"https:\/\/agora.xtec.cat\/ins-intermunicipal\/wp-content\/uploads\/usu2220\/2024\/06\/IMG_20240613_114620-1.jpg\"><img loading=\"lazy\" decoding=\"async\" class=\"alignleft wp-image-3234 \" src=\"https:\/\/agora.xtec.cat\/ins-intermunicipal\/wp-content\/uploads\/usu2220\/2024\/06\/IMG_20240613_114620-1-300x226.jpg\" alt=\"\" width=\"378\" height=\"285\" srcset=\"https:\/\/agora.xtec.cat\/ins-intermunicipal\/wp-content\/uploads\/usu2220\/2024\/06\/IMG_20240613_114620-1-300x226.jpg 300w, https:\/\/agora.xtec.cat\/ins-intermunicipal\/wp-content\/uploads\/usu2220\/2024\/06\/IMG_20240613_114620-1-768x579.jpg 768w, https:\/\/agora.xtec.cat\/ins-intermunicipal\/wp-content\/uploads\/usu2220\/2024\/06\/IMG_20240613_114620-1-200x150.jpg 200w, https:\/\/agora.xtec.cat\/ins-intermunicipal\/wp-content\/uploads\/usu2220\/2024\/06\/IMG_20240613_114620-1.jpg 900w\" sizes=\"auto, (max-width: 378px) 100vw, 378px\" \/><\/a>Com a tancament del projecte de parelles ling\u00fc\u00edstiques d\u2019aquest curs, el passat 13 de juny es va fer un acte per felicitar i entregar els corresponents diplomes als alumnes que hi havien participat. A m\u00e9s de l\u2019Anna Vall\u00e8s, coordinadora LIC de l\u2019institut, i de la Neus Arnan, tutora de l\u2019aula d\u2019acollida, a l\u2019acte tamb\u00e9 hi van assistir la Gemma Garcia en nom del Consorci per a la Normalitzaci\u00f3 Ling\u00fc\u00edstica (CPNL) i la Montse L\u00f3pez, assessora LIC de la nostra zona.<\/span><\/span><\/span><\/p>\n<p align=\"justify\"><span style=\"color: #000000;\"><span style=\"font-family: Arial, sans-serif;\"><span style=\"font-size: small;\">Els alumnes que han format part de les parelles ling\u00fc\u00edstiques han estat els m\u00e9s grans de l\u2019aula d\u2019acollida, tots ells de 4<\/span><\/span><span style=\"font-family: Arial, sans-serif;\"><span style=\"font-size: small;\">t<\/span><\/span><span style=\"font-family: Arial, sans-serif;\"><span style=\"font-size: small;\"> d\u2019ESO, per\u00f2 tamb\u00e9 han <\/span><\/span><span style=\"font-family: Arial, sans-serif;\"><span style=\"font-size: small;\">assistit a l\u2019acte<\/span><\/span><span style=\"font-family: Arial, sans-serif;\"><span style=\"font-size: small;\"> la resta d\u2019alumnes de l\u2019aula d\u2019acollida amb els quals han compartit sortides i moltes estones de conviv\u00e8ncia i aprenentatge.<\/span><\/span><\/span><\/p>\n<p align=\"justify\"><span style=\"color: #000000;\"><span style=\"font-family: Arial, sans-serif;\"><span style=\"font-size: small;\">Finalment es va fer balan\u00e7 de la feina feta durant el curs i els alumnes van destacar els vincles personals que s\u2019havien establert i la capacitat d\u2019ajudar-se entre ells a m\u00e9s de l\u2019aprenentatge de la llengua catalana. Alhora, la t\u00e8cnica del CPNL i la coordinadora LIC van destacar el treball i el bon coneixement del catal\u00e0 d\u2019alumnes que fa molt poc que s\u00f3n al centre.<\/span><\/span><\/span><\/p>\n<p align=\"justify\"><span style=\"color: #000000;\"><span style=\"font-family: Arial, sans-serif;\"><span style=\"font-size: small;\">Recordem que per aprendre qualsevol llengua \u00e9s imprescindible tenir interlocutors que la parlin i practicar amb ells, \u00e9s per aix\u00f2 que <\/span><\/span><span style=\"font-family: Arial, sans-serif;\"><span style=\"font-size: small;\">\u00e9s important poder fer activitats com la<\/span><\/span><span style=\"font-family: Arial, sans-serif;\"><span style=\"font-size: small;\"> de les parelles ling\u00fc\u00edstiques <\/span><\/span><span style=\"font-family: Arial, sans-serif;\"><span style=\"font-size: small;\">per difondre l\u2019\u00fas de la llengua catalana.<\/span><\/span><\/span><\/p>\n","protected":false},"excerpt":{"rendered":"<p><a href=\"https:\/\/agora.xtec.cat\/ins-intermunicipal\/wp-content\/uploads\/usu2220\/2024\/06\/IMG_20240613_114620-1.jpg\"><\/a>Com a tancament del projecte de parelles ling\u00fc\u00edstiques d\u2019aquest curs, el passat 13 de juny es va fer un acte per felicitar i entregar els corresponents diplomes als alumnes que hi havien participat. A m\u00e9s de l\u2019Anna Vall\u00e8s, coordinadora LIC de l\u2019institut, i de&hellip;  <a href=\"https:\/\/agora.xtec.cat\/ins-intermunicipal\/general\/les-parelles-linguistiques-de-linter\/\" title=\"Read Les parelles ling\u00fc\u00edstiques de l&#8217;\u00cdnter\">Llegeix m\u00e9s\u00bb<\/a><\/p>\n","protected":false},"author":7,"featured_media":3234,"comment_status":"closed","ping_status":"closed","sticky":false,"template":"","format":"standard","meta":{"_bbp_topic_count":0,"_bbp_reply_count":0,"_bbp_total_topic_count":0,"_bbp_total_reply_count":0,"_bbp_voice_count":0,"_bbp_anonymous_reply_count":0,"_bbp_topic_count_hidden":0,"_bbp_reply_count_hidden":0,"_bbp_forum_subforum_count":0,"footnotes":""},"categories":[162,1,29],"tags":[161,505],"class_list":["post-3233","post","type-post","status-publish","format-standard","has-post-thumbnail","hentry","category-aula-dacollida","category-general","category-portada","tag-aula-acollida","tag-parelles-linguistiques"],"post_mailing_queue_ids":[],"_links":{"self":[{"href":"https:\/\/agora.xtec.cat\/ins-intermunicipal\/wp-json\/wp\/v2\/posts\/3233","targetHints":{"allow":["GET"]}}],"collection":[{"href":"https:\/\/agora.xtec.cat\/ins-intermunicipal\/wp-json\/wp\/v2\/posts"}],"about":[{"href":"https:\/\/agora.xtec.cat\/ins-intermunicipal\/wp-json\/wp\/v2\/types\/post"}],"author":[{"embeddable":true,"href":"https:\/\/agora.xtec.cat\/ins-intermunicipal\/wp-json\/wp\/v2\/users\/7"}],"replies":[{"embeddable":true,"href":"https:\/\/agora.xtec.cat\/ins-intermunicipal\/wp-json\/wp\/v2\/comments?post=3233"}],"version-history":[{"count":2,"href":"https:\/\/agora.xtec.cat\/ins-intermunicipal\/wp-json\/wp\/v2\/posts\/3233\/revisions"}],"predecessor-version":[{"id":3236,"href":"https:\/\/agora.xtec.cat\/ins-intermunicipal\/wp-json\/wp\/v2\/posts\/3233\/revisions\/3236"}],"wp:featuredmedia":[{"embeddable":true,"href":"https:\/\/agora.xtec.cat\/ins-intermunicipal\/wp-json\/wp\/v2\/media\/3234"}],"wp:attachment":[{"href":"https:\/\/agora.xtec.cat\/ins-intermunicipal\/wp-json\/wp\/v2\/media?parent=3233"}],"wp:term":[{"taxonomy":"category","embeddable":true,"href":"https:\/\/agora.xtec.cat\/ins-intermunicipal\/wp-json\/wp\/v2\/categories?post=3233"},{"taxonomy":"post_tag","embeddable":true,"href":"https:\/\/agora.xtec.cat\/ins-intermunicipal\/wp-json\/wp\/v2\/tags?post=3233"}],"curies":[{"name":"wp","href":"https:\/\/api.w.org\/{rel}","templated":true}]}}