{"id":3223,"date":"2024-06-18T07:30:53","date_gmt":"2024-06-18T05:30:53","guid":{"rendered":"https:\/\/agora.xtec.cat\/ins-intermunicipal\/?p=3223"},"modified":"2025-06-25T13:14:38","modified_gmt":"2025-06-25T11:14:38","slug":"matricula-eso-curs-2025-26","status":"publish","type":"post","link":"https:\/\/agora.xtec.cat\/ins-intermunicipal\/portada\/matricula-eso-curs-2025-26\/","title":{"rendered":"Matr\u00edcula ESO &#8211; Curs 2025\/26"},"content":{"rendered":"<p>Tot seguit trobareu les instruccions i la documentaci\u00f3 necess\u00e0ries per a la matr\u00edcula dels\u00a0<strong>NOUS ALUMNES<\/strong>\u00a0<strong>preinscrits amb pla\u00e7a assignada<\/strong>\u00a0per als cursos\u00a0<strong>de 1r i nou alumnat al centre. <\/strong>Tamb\u00e9 trobareu la matr\u00edcula de continu\u00eftat per la resta de cursos.<\/p>\n<p>La matr\u00edcula s\u2019ha de fer<strong>\u00a0de manera telem\u00e0tica<\/strong> annexant-hi tota la documentaci\u00f3 demanada en les instruccions de m\u00e9s avall a trav\u00e9s dels enlla\u00e7os adjunts.<\/p>\n<table style=\"border-collapse: collapse; width: 100%; height: 32px;\">\n<tbody>\n<tr style=\"height: 32px;\">\n<td style=\"width: 49.4924%; text-align: center; height: 32px; background-color: #28c961;\"><strong>Matr\u00edcula 1r d&#8217;ESO i altre alumnat NOU al Centre<\/strong><\/p>\n<p><strong>Termini:<\/strong> del 25 de juny al 3 de juliol de 2025<\/td>\n<td style=\"width: 50.5076%; text-align: center; height: 32px; background-color: #28c961;\"><strong>Matr\u00edcula alumnat que continua al Centre<\/strong><\/p>\n<p><strong>Termini:<\/strong> del 25 de juny al 3 de juliol de 2025<\/td>\n<\/tr>\n<tr>\n<td style=\"width: 49.4924%; text-align: center;\">\n<p style=\"text-align: left;\"><strong><u>Quota material<\/u><\/strong>:<\/p>\n<p style=\"text-align: left;\">Pagament de 70\u202f\u20ac en concepte de material escolar. El pagament es fa a trav\u00e9s de la plataforma <a href=\"https:\/\/tpvescola.com\/DirectLogin.aspx?eid=568\" target=\"_blank\" rel=\"noopener\">TPV Escola (botiga).<\/a> Un cop dins de l&#8217;aplicaci\u00f3, trobareu assignat ja el vostre material i el seu import. Les fam\u00edlies que disposin de beca escolar, no \u00e9s necessari que facin aquest pagament.<\/p>\n<p style=\"text-align: left;\">*En fer el registre a l&#8217;APP TPV Escola, cal seleccionar:<\/p>\n<p style=\"text-align: left;\">Municipi: <em>Sant Sadurn\u00ed d&#8217;Anoia<\/em><br \/>\nCentre escolar: <em>Institut Intermunicipal del Pened\u00e8s<\/em><\/p>\n<p style=\"text-align: left;\"><strong><u>Documentaci\u00f3 que cal adjuntar<\/u><\/strong>:<\/p>\n<ol style=\"text-align: left;\">\n<li><strong>Fotoc\u00f2pia del DNI<\/strong>\u00a0o perm\u00eds de resid\u00e8ncia (l\u2019alumne\/a que no tingui perm\u00eds de resid\u00e8ncia ha d\u2019aportar un altre document que l\u2019identifiqui, com passaport o altres).<\/li>\n<li><strong>Fotoc\u00f2pia del carnet de vacunacions<\/strong> o certificat m\u00e8dic justificatiu.<\/li>\n<li><strong>Fotoc\u00f2pia de la targeta d\u2019identificaci\u00f3 sanit\u00e0ria (TIS)<\/strong>.<\/li>\n<\/ol>\n<p style=\"text-align: left;\"><strong><u>Procediment<\/u><\/strong>:<\/p>\n<p style=\"text-align: left;\">Tota la documentaci\u00f3 anterior s\u2019ha d\u2019enviar a trav\u00e9s d\u2019aquest\u00a0<a href=\"https:\/\/forms.gle\/gdrFGWX4JRqtKBXAA\" target=\"_blank\" rel=\"noopener\">ENLLA\u00c7 D\u2019ENVIAMENT<\/a>.<\/p>\n<p style=\"text-align: left;\">En cas de dubtes, poden trucar al 938912061 en horari de secretaria.<\/p>\n<p style=\"text-align: left;\">L\u2019alumnat que no formalitzi la matr\u00edcula en el per\u00edode establert es considera que renuncia a la pla\u00e7a adjudicada.<\/p>\n<p style=\"text-align: left;\"><strong><u>Horari de secretaria:<\/u><\/strong><\/p>\n<p style=\"text-align: left;\">De dilluns a divendres de 9.00\u202fh a 14.00\u202fh<\/p>\n<\/td>\n<td style=\"width: 50.5076%; text-align: left; vertical-align: top;\">\n<p style=\"text-align: left;\"><strong><u>Quota material<\/u><\/strong>:<\/p>\n<p style=\"text-align: left;\">Pagament de 70\u202f\u20ac en concepte de material escolar. El pagament es fa a trav\u00e9s de la plataforma <a href=\"https:\/\/tpvescola.com\/DirectLogin.aspx?eid=568\" target=\"_blank\" rel=\"noopener\">TPV Escola (botiga).<\/a> Un cop dins de l&#8217;aplicaci\u00f3, trobareu assignat ja el vostre material i el seu import. Les fam\u00edlies que disposin de beca escolar, no \u00e9s necessari que facin aquest pagament.<\/p>\n<p style=\"text-align: left;\">\n<\/td>\n<\/tr>\n<\/tbody>\n<\/table>\n","protected":false},"excerpt":{"rendered":"<p>Tot seguit trobareu les instruccions i la documentaci\u00f3 necess\u00e0ries per a la matr\u00edcula dels\u00a0NOUS ALUMNES\u00a0preinscrits amb pla\u00e7a assignada\u00a0per als cursos\u00a0de 1r i nou alumnat al centre. Tamb\u00e9 trobareu la matr\u00edcula de continu\u00eftat per la resta de cursos.<br \/>\nLa matr\u00edcula s\u2019ha de fer\u00a0de manera telem\u00e0tica annexant-hi tota&hellip;  <a href=\"https:\/\/agora.xtec.cat\/ins-intermunicipal\/portada\/matricula-eso-curs-2025-26\/\" title=\"Read Matr\u00edcula ESO &#8211; Curs 2025\/26\">Llegeix m\u00e9s\u00bb<\/a><\/p>\n","protected":false},"author":6,"featured_media":4893,"comment_status":"closed","ping_status":"closed","sticky":false,"template":"","format":"standard","meta":{"_bbp_topic_count":0,"_bbp_reply_count":0,"_bbp_total_topic_count":0,"_bbp_total_reply_count":0,"_bbp_voice_count":0,"_bbp_anonymous_reply_count":0,"_bbp_topic_count_hidden":0,"_bbp_reply_count_hidden":0,"_bbp_forum_subforum_count":0,"footnotes":""},"categories":[29],"tags":[],"class_list":["post-3223","post","type-post","status-publish","format-standard","has-post-thumbnail","hentry","category-portada"],"post_mailing_queue_ids":[],"_links":{"self":[{"href":"https:\/\/agora.xtec.cat\/ins-intermunicipal\/wp-json\/wp\/v2\/posts\/3223","targetHints":{"allow":["GET"]}}],"collection":[{"href":"https:\/\/agora.xtec.cat\/ins-intermunicipal\/wp-json\/wp\/v2\/posts"}],"about":[{"href":"https:\/\/agora.xtec.cat\/ins-intermunicipal\/wp-json\/wp\/v2\/types\/post"}],"author":[{"embeddable":true,"href":"https:\/\/agora.xtec.cat\/ins-intermunicipal\/wp-json\/wp\/v2\/users\/6"}],"replies":[{"embeddable":true,"href":"https:\/\/agora.xtec.cat\/ins-intermunicipal\/wp-json\/wp\/v2\/comments?post=3223"}],"version-history":[{"count":7,"href":"https:\/\/agora.xtec.cat\/ins-intermunicipal\/wp-json\/wp\/v2\/posts\/3223\/revisions"}],"predecessor-version":[{"id":5037,"href":"https:\/\/agora.xtec.cat\/ins-intermunicipal\/wp-json\/wp\/v2\/posts\/3223\/revisions\/5037"}],"wp:featuredmedia":[{"embeddable":true,"href":"https:\/\/agora.xtec.cat\/ins-intermunicipal\/wp-json\/wp\/v2\/media\/4893"}],"wp:attachment":[{"href":"https:\/\/agora.xtec.cat\/ins-intermunicipal\/wp-json\/wp\/v2\/media?parent=3223"}],"wp:term":[{"taxonomy":"category","embeddable":true,"href":"https:\/\/agora.xtec.cat\/ins-intermunicipal\/wp-json\/wp\/v2\/categories?post=3223"},{"taxonomy":"post_tag","embeddable":true,"href":"https:\/\/agora.xtec.cat\/ins-intermunicipal\/wp-json\/wp\/v2\/tags?post=3223"}],"curies":[{"name":"wp","href":"https:\/\/api.w.org\/{rel}","templated":true}]}}