{"id":3212,"date":"2024-06-13T20:13:50","date_gmt":"2024-06-13T18:13:50","guid":{"rendered":"https:\/\/agora.xtec.cat\/ins-intermunicipal\/?p=3212"},"modified":"2024-06-14T10:47:28","modified_gmt":"2024-06-14T08:47:28","slug":"preparant-lhomenatge-en-record-de-sheila-vera","status":"publish","type":"post","link":"https:\/\/agora.xtec.cat\/ins-intermunicipal\/general\/preparant-lhomenatge-en-record-de-sheila-vera\/","title":{"rendered":"Preparant l&#8217;homenatge en record de Sheila Vera"},"content":{"rendered":"<p><a href=\"https:\/\/agora.xtec.cat\/ins-intermunicipal\/wp-content\/uploads\/usu2220\/2024\/06\/Imatge-de-WhatsApp-2024-06-06-a-les-20.18.41_b1a67c78.jpg\"><img loading=\"lazy\" decoding=\"async\" class=\"size-medium wp-image-3213 alignright\" src=\"https:\/\/agora.xtec.cat\/ins-intermunicipal\/wp-content\/uploads\/usu2220\/2024\/06\/Imatge-de-WhatsApp-2024-06-06-a-les-20.18.41_b1a67c78-212x300.jpg\" alt=\"\" width=\"212\" height=\"300\" srcset=\"https:\/\/agora.xtec.cat\/ins-intermunicipal\/wp-content\/uploads\/usu2220\/2024\/06\/Imatge-de-WhatsApp-2024-06-06-a-les-20.18.41_b1a67c78-212x300.jpg 212w, https:\/\/agora.xtec.cat\/ins-intermunicipal\/wp-content\/uploads\/usu2220\/2024\/06\/Imatge-de-WhatsApp-2024-06-06-a-les-20.18.41_b1a67c78-724x1024.jpg 724w, https:\/\/agora.xtec.cat\/ins-intermunicipal\/wp-content\/uploads\/usu2220\/2024\/06\/Imatge-de-WhatsApp-2024-06-06-a-les-20.18.41_b1a67c78-768x1086.jpg 768w, https:\/\/agora.xtec.cat\/ins-intermunicipal\/wp-content\/uploads\/usu2220\/2024\/06\/Imatge-de-WhatsApp-2024-06-06-a-les-20.18.41_b1a67c78-1086x1536.jpg 1086w, https:\/\/agora.xtec.cat\/ins-intermunicipal\/wp-content\/uploads\/usu2220\/2024\/06\/Imatge-de-WhatsApp-2024-06-06-a-les-20.18.41_b1a67c78.jpg 1414w\" sizes=\"auto, (max-width: 212px) 100vw, 212px\" \/><\/a>L&#8217;equip docent est\u00e0 ultimant els preparatius de l&#8217;acte d&#8217;homenatge per la nostra companya Sheila Vera, que es far\u00e0 el pr\u00f2xim 29 de juny a partir de les 20h, a la nova zona arbrada i jard\u00ed del pati de l&#8217;\u00cdnter que s&#8217;est\u00e0 remodelant. L&#8217;acte, obert a tothom, pret\u00e9n ser un punt de trobada i de record per als que la van con\u00e8ixer i compartir viv\u00e8ncies.<\/p>\n<p>Per tal de recordar la seva petjada a l&#8217;\u00cdnter, la zona s&#8217;omplir\u00e0 d&#8217;imatges i records i es prepara un homenatge amb una performance creativa amb tres quadres que es pintaran durant l&#8217;acte i que despr\u00e9s es repartiran entre la fam\u00edlia, la seva parella i l&#8217;institut. A m\u00e9s, es preveu que hi hagi diverses intervencions per recordar-la, amb poemes i relats d&#8217;experi\u00e8ncies, la col\u00b7locaci\u00f3 d&#8217;una placa commemorativa i la posterior plantada d&#8217;un arbre que ens recordar\u00e0 el seu pas per l&#8217;\u00cdnter, d&#8217;aqu\u00ed a uns mesos. L&#8217;acte d&#8217;homenatge comptar\u00e0 tamb\u00e9 amb una petita audici\u00f3 amb can\u00e7ons que ens acostaran a ella i acabarem al\u00e7ant una copa de cava en honor seu.<\/p>\n<p>Sheila Vera Garcia ens va deixar el passat 8 d&#8217;abril a l&#8217;edat de 41 anys de forma sobtada.\u00a0 Sheila era la professora m\u00e9s veterana en actiu de l&#8217;equip de Formaci\u00f3 Professional i una de les docents m\u00e9s estimades. Va entrar a treballar al centre l&#8217;any 2007 com a professora d&#8217;angl\u00e8s, tot i que formava part de la fam\u00edlia de l&#8217;\u00cdnter des de molts anys abans, ja que tamb\u00e9 va ser-ne alumna.<\/p>\n<p>Animem a docents, alumnat i coneguts a participar en l&#8217;homenatge i a participar en les intervencions que es faran. Tothom que hi vulgui participar intervenint amb la lectura d&#8217;un text pot escriure al correu del centre.<\/p>\n<p>Us esperem el dia 29 de juny a les 20h.<\/p>\n<p>&nbsp;<\/p>\n<p>&nbsp;<\/p>\n<p>&nbsp;<\/p>\n","protected":false},"excerpt":{"rendered":"<p><a href=\"https:\/\/agora.xtec.cat\/ins-intermunicipal\/wp-content\/uploads\/usu2220\/2024\/06\/Imatge-de-WhatsApp-2024-06-06-a-les-20.18.41_b1a67c78.jpg\"><\/a>L&#8217;equip docent est\u00e0 ultimant els preparatius de l&#8217;acte d&#8217;homenatge per la nostra companya Sheila Vera, que es far\u00e0 el pr\u00f2xim 29 de juny a partir de les 20h, a la nova zona arbrada i jard\u00ed del pati de l&#8217;\u00cdnter que s&#8217;est\u00e0 remodelant. L&#8217;acte, obert&hellip;  <a href=\"https:\/\/agora.xtec.cat\/ins-intermunicipal\/general\/preparant-lhomenatge-en-record-de-sheila-vera\/\" title=\"Read Preparant l&#8217;homenatge en record de Sheila Vera\">Llegeix m\u00e9s\u00bb<\/a><\/p>\n","protected":false},"author":8,"featured_media":3216,"comment_status":"closed","ping_status":"closed","sticky":false,"template":"","format":"standard","meta":{"_bbp_topic_count":0,"_bbp_reply_count":0,"_bbp_total_topic_count":0,"_bbp_total_reply_count":0,"_bbp_voice_count":0,"_bbp_anonymous_reply_count":0,"_bbp_topic_count_hidden":0,"_bbp_reply_count_hidden":0,"_bbp_forum_subforum_count":0,"footnotes":""},"categories":[30,1,29],"tags":[],"class_list":["post-3212","post","type-post","status-publish","format-standard","has-post-thumbnail","hentry","category-formacio-professional","category-general","category-portada"],"post_mailing_queue_ids":[],"_links":{"self":[{"href":"https:\/\/agora.xtec.cat\/ins-intermunicipal\/wp-json\/wp\/v2\/posts\/3212","targetHints":{"allow":["GET"]}}],"collection":[{"href":"https:\/\/agora.xtec.cat\/ins-intermunicipal\/wp-json\/wp\/v2\/posts"}],"about":[{"href":"https:\/\/agora.xtec.cat\/ins-intermunicipal\/wp-json\/wp\/v2\/types\/post"}],"author":[{"embeddable":true,"href":"https:\/\/agora.xtec.cat\/ins-intermunicipal\/wp-json\/wp\/v2\/users\/8"}],"replies":[{"embeddable":true,"href":"https:\/\/agora.xtec.cat\/ins-intermunicipal\/wp-json\/wp\/v2\/comments?post=3212"}],"version-history":[{"count":6,"href":"https:\/\/agora.xtec.cat\/ins-intermunicipal\/wp-json\/wp\/v2\/posts\/3212\/revisions"}],"predecessor-version":[{"id":3222,"href":"https:\/\/agora.xtec.cat\/ins-intermunicipal\/wp-json\/wp\/v2\/posts\/3212\/revisions\/3222"}],"wp:featuredmedia":[{"embeddable":true,"href":"https:\/\/agora.xtec.cat\/ins-intermunicipal\/wp-json\/wp\/v2\/media\/3216"}],"wp:attachment":[{"href":"https:\/\/agora.xtec.cat\/ins-intermunicipal\/wp-json\/wp\/v2\/media?parent=3212"}],"wp:term":[{"taxonomy":"category","embeddable":true,"href":"https:\/\/agora.xtec.cat\/ins-intermunicipal\/wp-json\/wp\/v2\/categories?post=3212"},{"taxonomy":"post_tag","embeddable":true,"href":"https:\/\/agora.xtec.cat\/ins-intermunicipal\/wp-json\/wp\/v2\/tags?post=3212"}],"curies":[{"name":"wp","href":"https:\/\/api.w.org\/{rel}","templated":true}]}}