{"id":3182,"date":"2024-06-10T13:44:50","date_gmt":"2024-06-10T11:44:50","guid":{"rendered":"https:\/\/agora.xtec.cat\/ins-intermunicipal\/?p=3182"},"modified":"2024-06-10T13:44:50","modified_gmt":"2024-06-10T11:44:50","slug":"colonies-de-4t-deso-a-mallorca","status":"publish","type":"post","link":"https:\/\/agora.xtec.cat\/ins-intermunicipal\/general\/colonies-de-4t-deso-a-mallorca\/","title":{"rendered":"Col\u00f2nies de 4t d\u2019ESO a Mallorca"},"content":{"rendered":"<p align=\"justify\"><span style=\"color: #222222;\"><span style=\"font-family: Arial, sans-serif;\"><span style=\"font-size: small;\">La setmana passada els alumnes de 4t d\u2019ESO del nostre institut van anar de col\u00f2nies a Mallorca. Van arribar-hi el diumenge de bon mat\u00ed i van aprofitar per visitar Palma pel mat\u00ed. La tarda, abans no comencessin les activitats, la van passar a les piscines de l\u2019hotel on s\u2019allotjaven.<\/span><\/span><\/span><\/p>\n<p align=\"justify\"><span style=\"color: #222222;\"><span style=\"font-family: Arial, sans-serif;\"><span style=\"font-size: small;\">Les activitats que van fer dilluns van ser piragua, paddle surf en grup i tamb\u00e9 esn\u00f3rquel. Les immersions lleugeres que van fer en aquesta darrera activitat els va permetre fer observacions d\u2019estrelles de mar. <\/span><\/span><\/span><span style=\"color: #222222;\"><span style=\"font-family: Arial, sans-serif;\"><span style=\"font-size: small;\">El dimarts van poder gaudir de la platja d\u2019Alc\u00fadia, on van poder fer banana boat. Ja a la tarda, van visitar el centre hist\u00f2ric d\u2019Alc\u00fadia. <\/span><\/span><\/span><span style=\"color: #222222;\"><span style=\"font-family: Arial, sans-serif;\"><span style=\"font-size: small;\">L\u2019endem\u00e0 van poder anar d\u2019excursi\u00f3 a les Coves del Drac i a S\u00f3ller. I dijous el van dedicar a acabar de fer compres i, despr\u00e9s, a gaudir dels tobogans de l\u2019hotel. <\/span><\/span><\/span><\/p>\n<p align=\"justify\"><span style=\"color: #222222;\"><span style=\"font-family: Arial, sans-serif;\"><span style=\"font-size: small;\">La valoraci\u00f3 dels participants en aquestes col\u00f2nies \u00e9s bona, destacant el bon comportament de l\u2019alumnat i la seva participaci\u00f3 en totes les activitats a m\u00e9s del bon ambient entre el grup.<\/span><\/span><\/span><\/p>\n<p align=\"justify\"><a href=\"https:\/\/agora.xtec.cat\/ins-intermunicipal\/wp-content\/uploads\/usu2220\/2024\/06\/IMG_8009-3.jpg\"><img loading=\"lazy\" decoding=\"async\" class=\"alignleft wp-image-3199 \" src=\"https:\/\/agora.xtec.cat\/ins-intermunicipal\/wp-content\/uploads\/usu2220\/2024\/06\/IMG_8009-3-300x225.jpg\" alt=\"\" width=\"401\" height=\"301\" srcset=\"https:\/\/agora.xtec.cat\/ins-intermunicipal\/wp-content\/uploads\/usu2220\/2024\/06\/IMG_8009-3-300x225.jpg 300w, https:\/\/agora.xtec.cat\/ins-intermunicipal\/wp-content\/uploads\/usu2220\/2024\/06\/IMG_8009-3-768x576.jpg 768w, https:\/\/agora.xtec.cat\/ins-intermunicipal\/wp-content\/uploads\/usu2220\/2024\/06\/IMG_8009-3-200x150.jpg 200w, https:\/\/agora.xtec.cat\/ins-intermunicipal\/wp-content\/uploads\/usu2220\/2024\/06\/IMG_8009-3.jpg 900w\" sizes=\"auto, (max-width: 401px) 100vw, 401px\" \/><\/a><a href=\"https:\/\/agora.xtec.cat\/ins-intermunicipal\/wp-content\/uploads\/usu2220\/2024\/06\/IMG_8185-rotated.jpg\"><img loading=\"lazy\" decoding=\"async\" class=\"alignleft wp-image-3196 size-medium\" src=\"https:\/\/agora.xtec.cat\/ins-intermunicipal\/wp-content\/uploads\/usu2220\/2024\/06\/IMG_8185-225x300.jpg\" alt=\"\" width=\"225\" height=\"300\" srcset=\"https:\/\/agora.xtec.cat\/ins-intermunicipal\/wp-content\/uploads\/usu2220\/2024\/06\/IMG_8185-225x300.jpg 225w, https:\/\/agora.xtec.cat\/ins-intermunicipal\/wp-content\/uploads\/usu2220\/2024\/06\/IMG_8185-rotated.jpg 675w\" sizes=\"auto, (max-width: 225px) 100vw, 225px\" \/><\/a><a href=\"https:\/\/agora.xtec.cat\/ins-intermunicipal\/wp-content\/uploads\/usu2220\/2024\/06\/IMG_8012-e1718019464515.jpg\"><img loading=\"lazy\" decoding=\"async\" class=\"alignleft wp-image-3198 \" src=\"https:\/\/agora.xtec.cat\/ins-intermunicipal\/wp-content\/uploads\/usu2220\/2024\/06\/IMG_8012-e1718019464515-300x133.jpg\" alt=\"\" width=\"641\" height=\"284\" srcset=\"https:\/\/agora.xtec.cat\/ins-intermunicipal\/wp-content\/uploads\/usu2220\/2024\/06\/IMG_8012-e1718019464515-300x133.jpg 300w, https:\/\/agora.xtec.cat\/ins-intermunicipal\/wp-content\/uploads\/usu2220\/2024\/06\/IMG_8012-e1718019464515-768x341.jpg 768w, https:\/\/agora.xtec.cat\/ins-intermunicipal\/wp-content\/uploads\/usu2220\/2024\/06\/IMG_8012-e1718019464515.jpg 900w\" sizes=\"auto, (max-width: 641px) 100vw, 641px\" \/><\/a><\/p>\n<p><a href=\"https:\/\/agora.xtec.cat\/ins-intermunicipal\/wp-content\/uploads\/usu2220\/2024\/06\/IMG_8064.jpg\"><img loading=\"lazy\" decoding=\"async\" class=\"alignleft wp-image-3194 \" src=\"https:\/\/agora.xtec.cat\/ins-intermunicipal\/wp-content\/uploads\/usu2220\/2024\/06\/IMG_8064-300x169.jpg\" alt=\"\" width=\"351\" height=\"198\" srcset=\"https:\/\/agora.xtec.cat\/ins-intermunicipal\/wp-content\/uploads\/usu2220\/2024\/06\/IMG_8064-300x169.jpg 300w, https:\/\/agora.xtec.cat\/ins-intermunicipal\/wp-content\/uploads\/usu2220\/2024\/06\/IMG_8064-768x432.jpg 768w, https:\/\/agora.xtec.cat\/ins-intermunicipal\/wp-content\/uploads\/usu2220\/2024\/06\/IMG_8064.jpg 900w\" sizes=\"auto, (max-width: 351px) 100vw, 351px\" \/><\/a><a href=\"https:\/\/agora.xtec.cat\/ins-intermunicipal\/wp-content\/uploads\/usu2220\/2024\/06\/IMG_8202-2.jpg\"><img loading=\"lazy\" decoding=\"async\" class=\"alignleft wp-image-3197 \" src=\"https:\/\/agora.xtec.cat\/ins-intermunicipal\/wp-content\/uploads\/usu2220\/2024\/06\/IMG_8202-2-300x225.jpg\" alt=\"\" width=\"274\" height=\"205\" srcset=\"https:\/\/agora.xtec.cat\/ins-intermunicipal\/wp-content\/uploads\/usu2220\/2024\/06\/IMG_8202-2-300x225.jpg 300w, https:\/\/agora.xtec.cat\/ins-intermunicipal\/wp-content\/uploads\/usu2220\/2024\/06\/IMG_8202-2-768x576.jpg 768w, https:\/\/agora.xtec.cat\/ins-intermunicipal\/wp-content\/uploads\/usu2220\/2024\/06\/IMG_8202-2-200x150.jpg 200w, https:\/\/agora.xtec.cat\/ins-intermunicipal\/wp-content\/uploads\/usu2220\/2024\/06\/IMG_8202-2.jpg 900w\" sizes=\"auto, (max-width: 274px) 100vw, 274px\" \/><\/a><\/p>\n","protected":false},"excerpt":{"rendered":"<p>La setmana passada els alumnes de 4t d\u2019ESO del nostre institut van anar de col\u00f2nies a Mallorca. Van arribar-hi el diumenge de bon mat\u00ed i van aprofitar per visitar Palma pel mat\u00ed. La tarda, abans no comencessin les activitats, la van passar a les piscines&hellip;  <a href=\"https:\/\/agora.xtec.cat\/ins-intermunicipal\/general\/colonies-de-4t-deso-a-mallorca\/\" title=\"Read Col\u00f2nies de 4t d\u2019ESO a Mallorca\">Llegeix m\u00e9s\u00bb<\/a><\/p>\n","protected":false},"author":7,"featured_media":3198,"comment_status":"closed","ping_status":"closed","sticky":false,"template":"","format":"standard","meta":{"_bbp_topic_count":0,"_bbp_reply_count":0,"_bbp_total_topic_count":0,"_bbp_total_reply_count":0,"_bbp_voice_count":0,"_bbp_anonymous_reply_count":0,"_bbp_topic_count_hidden":0,"_bbp_reply_count_hidden":0,"_bbp_forum_subforum_count":0,"footnotes":""},"categories":[7,1,29],"tags":[182,501,504],"class_list":["post-3182","post","type-post","status-publish","format-standard","has-post-thumbnail","hentry","category-4eso","category-general","category-portada","tag-4eso","tag-colonies","tag-mallorca"],"post_mailing_queue_ids":[],"_links":{"self":[{"href":"https:\/\/agora.xtec.cat\/ins-intermunicipal\/wp-json\/wp\/v2\/posts\/3182","targetHints":{"allow":["GET"]}}],"collection":[{"href":"https:\/\/agora.xtec.cat\/ins-intermunicipal\/wp-json\/wp\/v2\/posts"}],"about":[{"href":"https:\/\/agora.xtec.cat\/ins-intermunicipal\/wp-json\/wp\/v2\/types\/post"}],"author":[{"embeddable":true,"href":"https:\/\/agora.xtec.cat\/ins-intermunicipal\/wp-json\/wp\/v2\/users\/7"}],"replies":[{"embeddable":true,"href":"https:\/\/agora.xtec.cat\/ins-intermunicipal\/wp-json\/wp\/v2\/comments?post=3182"}],"version-history":[{"count":4,"href":"https:\/\/agora.xtec.cat\/ins-intermunicipal\/wp-json\/wp\/v2\/posts\/3182\/revisions"}],"predecessor-version":[{"id":3200,"href":"https:\/\/agora.xtec.cat\/ins-intermunicipal\/wp-json\/wp\/v2\/posts\/3182\/revisions\/3200"}],"wp:featuredmedia":[{"embeddable":true,"href":"https:\/\/agora.xtec.cat\/ins-intermunicipal\/wp-json\/wp\/v2\/media\/3198"}],"wp:attachment":[{"href":"https:\/\/agora.xtec.cat\/ins-intermunicipal\/wp-json\/wp\/v2\/media?parent=3182"}],"wp:term":[{"taxonomy":"category","embeddable":true,"href":"https:\/\/agora.xtec.cat\/ins-intermunicipal\/wp-json\/wp\/v2\/categories?post=3182"},{"taxonomy":"post_tag","embeddable":true,"href":"https:\/\/agora.xtec.cat\/ins-intermunicipal\/wp-json\/wp\/v2\/tags?post=3182"}],"curies":[{"name":"wp","href":"https:\/\/api.w.org\/{rel}","templated":true}]}}