{"id":3181,"date":"2024-06-10T13:34:13","date_gmt":"2024-06-10T11:34:13","guid":{"rendered":"https:\/\/agora.xtec.cat\/ins-intermunicipal\/?p=3181"},"modified":"2024-06-10T13:34:13","modified_gmt":"2024-06-10T11:34:13","slug":"el-pfi-amb-el-projecte-professions-que-sumen","status":"publish","type":"post","link":"https:\/\/agora.xtec.cat\/ins-intermunicipal\/general\/el-pfi-amb-el-projecte-professions-que-sumen\/","title":{"rendered":"El PFI amb el Projecte Professions que Sumen"},"content":{"rendered":"<p>El grup\/classe del Programa de Formaci\u00f3 i Inserci\u00f3, PFI, d&#8217;Auxiliar en Centres Sanitaris de l&#8217;IES Intermunicipal del Pened\u00e8s ha participat aquests darrers dies en el Projecte Professions que Sumen al costat d&#8217;altres PFIs del Pened\u00e8s (Vilanova i la Geltr\u00fa, Canyelles, i El Vendrell) amb diverses activitats. La primera va ser el passat 31 de maig. El grup va participar en un taller ofert per la Mancomunitat Pened\u00e8s-Garraf a Vilanova i la Geltr\u00fa per potenciar l&#8217;emprenedoria i la creativitat. Es van treballar aspectes de la creaci\u00f3 de les empreses i el Canvas. Posteriorment, el 7 de juny va fer una ruta a peu per la muntanya al Vendrell, amb companys del PFI del Vendrell, per al tancament del projecte. Durant la sortida, l&#8217;alumnat va veure barraques de pastors per a la transhum\u00e0ncia i pous de pedra i va poder caminar per la natura i gaudir del paisatge.<br \/>\nEl Projecte Professions que sumen t\u00e9 com a objectiu crear sinergies i mecanismes de col\u00b7laboraci\u00f3 entre els diferents PFIs del territori del Pened\u00e8s i preparar una sortida amb la participaci\u00f3 de tot el col\u00b7lectiu aportant els coneixements de la seva especialitat (Sanitat, Comer\u00e7, Forestal i Esports).<\/p>\n<p>Unes sortides que han ajudat a fer pinya, con\u00e8ixer-nos una mica m\u00e9s, despertar noves inquietuds i descobrir el territori.<\/p>\n<p>Us mostrem imatges de les dues trobades que hem fet:<\/p>\n<p><a href=\"https:\/\/agora.xtec.cat\/ins-intermunicipal\/wp-content\/uploads\/usu2220\/2024\/06\/Imatge-de-WhatsApp-2024-05-31-a-les-13.30.03_c893a4f7.jpg\"><img loading=\"lazy\" decoding=\"async\" class=\"alignnone size-medium wp-image-3186\" src=\"https:\/\/agora.xtec.cat\/ins-intermunicipal\/wp-content\/uploads\/usu2220\/2024\/06\/Imatge-de-WhatsApp-2024-05-31-a-les-13.30.03_c893a4f7-300x300.jpg\" alt=\"\" width=\"300\" height=\"300\" srcset=\"https:\/\/agora.xtec.cat\/ins-intermunicipal\/wp-content\/uploads\/usu2220\/2024\/06\/Imatge-de-WhatsApp-2024-05-31-a-les-13.30.03_c893a4f7-300x300.jpg 300w, https:\/\/agora.xtec.cat\/ins-intermunicipal\/wp-content\/uploads\/usu2220\/2024\/06\/Imatge-de-WhatsApp-2024-05-31-a-les-13.30.03_c893a4f7-1024x1024.jpg 1024w, https:\/\/agora.xtec.cat\/ins-intermunicipal\/wp-content\/uploads\/usu2220\/2024\/06\/Imatge-de-WhatsApp-2024-05-31-a-les-13.30.03_c893a4f7-150x150.jpg 150w, https:\/\/agora.xtec.cat\/ins-intermunicipal\/wp-content\/uploads\/usu2220\/2024\/06\/Imatge-de-WhatsApp-2024-05-31-a-les-13.30.03_c893a4f7-768x768.jpg 768w, https:\/\/agora.xtec.cat\/ins-intermunicipal\/wp-content\/uploads\/usu2220\/2024\/06\/Imatge-de-WhatsApp-2024-05-31-a-les-13.30.03_c893a4f7.jpg 1500w\" sizes=\"auto, (max-width: 300px) 100vw, 300px\" \/><\/a> <a href=\"https:\/\/agora.xtec.cat\/ins-intermunicipal\/wp-content\/uploads\/usu2220\/2024\/06\/Imatge-de-WhatsApp-2024-05-31-a-les-12.15.33_88b391ee.jpg\"><img loading=\"lazy\" decoding=\"async\" class=\"alignnone size-medium wp-image-3187\" src=\"https:\/\/agora.xtec.cat\/ins-intermunicipal\/wp-content\/uploads\/usu2220\/2024\/06\/Imatge-de-WhatsApp-2024-05-31-a-les-12.15.33_88b391ee-300x300.jpg\" alt=\"\" width=\"300\" height=\"300\" srcset=\"https:\/\/agora.xtec.cat\/ins-intermunicipal\/wp-content\/uploads\/usu2220\/2024\/06\/Imatge-de-WhatsApp-2024-05-31-a-les-12.15.33_88b391ee-300x300.jpg 300w, https:\/\/agora.xtec.cat\/ins-intermunicipal\/wp-content\/uploads\/usu2220\/2024\/06\/Imatge-de-WhatsApp-2024-05-31-a-les-12.15.33_88b391ee-1024x1024.jpg 1024w, https:\/\/agora.xtec.cat\/ins-intermunicipal\/wp-content\/uploads\/usu2220\/2024\/06\/Imatge-de-WhatsApp-2024-05-31-a-les-12.15.33_88b391ee-150x150.jpg 150w, https:\/\/agora.xtec.cat\/ins-intermunicipal\/wp-content\/uploads\/usu2220\/2024\/06\/Imatge-de-WhatsApp-2024-05-31-a-les-12.15.33_88b391ee-768x768.jpg 768w, https:\/\/agora.xtec.cat\/ins-intermunicipal\/wp-content\/uploads\/usu2220\/2024\/06\/Imatge-de-WhatsApp-2024-05-31-a-les-12.15.33_88b391ee.jpg 1500w\" sizes=\"auto, (max-width: 300px) 100vw, 300px\" \/><\/a> <a href=\"https:\/\/agora.xtec.cat\/ins-intermunicipal\/wp-content\/uploads\/usu2220\/2024\/06\/Imatge-de-WhatsApp-2024-05-31-a-les-12.15.21_8657f6ac.jpg\"><img loading=\"lazy\" decoding=\"async\" class=\"alignnone size-medium wp-image-3188\" src=\"https:\/\/agora.xtec.cat\/ins-intermunicipal\/wp-content\/uploads\/usu2220\/2024\/06\/Imatge-de-WhatsApp-2024-05-31-a-les-12.15.21_8657f6ac-300x300.jpg\" alt=\"\" width=\"300\" height=\"300\" srcset=\"https:\/\/agora.xtec.cat\/ins-intermunicipal\/wp-content\/uploads\/usu2220\/2024\/06\/Imatge-de-WhatsApp-2024-05-31-a-les-12.15.21_8657f6ac-300x300.jpg 300w, https:\/\/agora.xtec.cat\/ins-intermunicipal\/wp-content\/uploads\/usu2220\/2024\/06\/Imatge-de-WhatsApp-2024-05-31-a-les-12.15.21_8657f6ac-1024x1024.jpg 1024w, https:\/\/agora.xtec.cat\/ins-intermunicipal\/wp-content\/uploads\/usu2220\/2024\/06\/Imatge-de-WhatsApp-2024-05-31-a-les-12.15.21_8657f6ac-150x150.jpg 150w, https:\/\/agora.xtec.cat\/ins-intermunicipal\/wp-content\/uploads\/usu2220\/2024\/06\/Imatge-de-WhatsApp-2024-05-31-a-les-12.15.21_8657f6ac-768x768.jpg 768w, https:\/\/agora.xtec.cat\/ins-intermunicipal\/wp-content\/uploads\/usu2220\/2024\/06\/Imatge-de-WhatsApp-2024-05-31-a-les-12.15.21_8657f6ac.jpg 1500w\" sizes=\"auto, (max-width: 300px) 100vw, 300px\" \/><\/a><\/p>\n<p><a href=\"https:\/\/agora.xtec.cat\/ins-intermunicipal\/wp-content\/uploads\/usu2220\/2024\/06\/Imatge-de-WhatsApp-2024-06-07-a-les-11.03.04_3f08dabf.jpg\"><img loading=\"lazy\" decoding=\"async\" class=\"alignnone size-medium wp-image-3189\" src=\"https:\/\/agora.xtec.cat\/ins-intermunicipal\/wp-content\/uploads\/usu2220\/2024\/06\/Imatge-de-WhatsApp-2024-06-07-a-les-11.03.04_3f08dabf-300x300.jpg\" alt=\"\" width=\"300\" height=\"300\" srcset=\"https:\/\/agora.xtec.cat\/ins-intermunicipal\/wp-content\/uploads\/usu2220\/2024\/06\/Imatge-de-WhatsApp-2024-06-07-a-les-11.03.04_3f08dabf-300x300.jpg 300w, https:\/\/agora.xtec.cat\/ins-intermunicipal\/wp-content\/uploads\/usu2220\/2024\/06\/Imatge-de-WhatsApp-2024-06-07-a-les-11.03.04_3f08dabf-1024x1024.jpg 1024w, https:\/\/agora.xtec.cat\/ins-intermunicipal\/wp-content\/uploads\/usu2220\/2024\/06\/Imatge-de-WhatsApp-2024-06-07-a-les-11.03.04_3f08dabf-150x150.jpg 150w, https:\/\/agora.xtec.cat\/ins-intermunicipal\/wp-content\/uploads\/usu2220\/2024\/06\/Imatge-de-WhatsApp-2024-06-07-a-les-11.03.04_3f08dabf-768x768.jpg 768w, https:\/\/agora.xtec.cat\/ins-intermunicipal\/wp-content\/uploads\/usu2220\/2024\/06\/Imatge-de-WhatsApp-2024-06-07-a-les-11.03.04_3f08dabf.jpg 1500w\" sizes=\"auto, (max-width: 300px) 100vw, 300px\" \/><\/a> <a href=\"https:\/\/agora.xtec.cat\/ins-intermunicipal\/wp-content\/uploads\/usu2220\/2024\/06\/Imatge-de-WhatsApp-2024-06-07-a-les-11.03.03_2710ea9e.jpg\"><img loading=\"lazy\" decoding=\"async\" class=\"alignnone size-medium wp-image-3190\" src=\"https:\/\/agora.xtec.cat\/ins-intermunicipal\/wp-content\/uploads\/usu2220\/2024\/06\/Imatge-de-WhatsApp-2024-06-07-a-les-11.03.03_2710ea9e-300x300.jpg\" alt=\"\" width=\"300\" height=\"300\" srcset=\"https:\/\/agora.xtec.cat\/ins-intermunicipal\/wp-content\/uploads\/usu2220\/2024\/06\/Imatge-de-WhatsApp-2024-06-07-a-les-11.03.03_2710ea9e-300x300.jpg 300w, https:\/\/agora.xtec.cat\/ins-intermunicipal\/wp-content\/uploads\/usu2220\/2024\/06\/Imatge-de-WhatsApp-2024-06-07-a-les-11.03.03_2710ea9e-1024x1024.jpg 1024w, https:\/\/agora.xtec.cat\/ins-intermunicipal\/wp-content\/uploads\/usu2220\/2024\/06\/Imatge-de-WhatsApp-2024-06-07-a-les-11.03.03_2710ea9e-150x150.jpg 150w, https:\/\/agora.xtec.cat\/ins-intermunicipal\/wp-content\/uploads\/usu2220\/2024\/06\/Imatge-de-WhatsApp-2024-06-07-a-les-11.03.03_2710ea9e-768x768.jpg 768w, https:\/\/agora.xtec.cat\/ins-intermunicipal\/wp-content\/uploads\/usu2220\/2024\/06\/Imatge-de-WhatsApp-2024-06-07-a-les-11.03.03_2710ea9e.jpg 1500w\" sizes=\"auto, (max-width: 300px) 100vw, 300px\" \/><\/a> <a href=\"https:\/\/agora.xtec.cat\/ins-intermunicipal\/wp-content\/uploads\/usu2220\/2024\/06\/Imatge-de-WhatsApp-2024-06-07-a-les-11.03.03_9debf43e.jpg\"><img loading=\"lazy\" decoding=\"async\" class=\"alignnone size-medium wp-image-3191\" src=\"https:\/\/agora.xtec.cat\/ins-intermunicipal\/wp-content\/uploads\/usu2220\/2024\/06\/Imatge-de-WhatsApp-2024-06-07-a-les-11.03.03_9debf43e-300x300.jpg\" alt=\"\" width=\"300\" height=\"300\" srcset=\"https:\/\/agora.xtec.cat\/ins-intermunicipal\/wp-content\/uploads\/usu2220\/2024\/06\/Imatge-de-WhatsApp-2024-06-07-a-les-11.03.03_9debf43e-300x300.jpg 300w, https:\/\/agora.xtec.cat\/ins-intermunicipal\/wp-content\/uploads\/usu2220\/2024\/06\/Imatge-de-WhatsApp-2024-06-07-a-les-11.03.03_9debf43e-1024x1024.jpg 1024w, https:\/\/agora.xtec.cat\/ins-intermunicipal\/wp-content\/uploads\/usu2220\/2024\/06\/Imatge-de-WhatsApp-2024-06-07-a-les-11.03.03_9debf43e-150x150.jpg 150w, https:\/\/agora.xtec.cat\/ins-intermunicipal\/wp-content\/uploads\/usu2220\/2024\/06\/Imatge-de-WhatsApp-2024-06-07-a-les-11.03.03_9debf43e-768x768.jpg 768w, https:\/\/agora.xtec.cat\/ins-intermunicipal\/wp-content\/uploads\/usu2220\/2024\/06\/Imatge-de-WhatsApp-2024-06-07-a-les-11.03.03_9debf43e.jpg 1500w\" sizes=\"auto, (max-width: 300px) 100vw, 300px\" \/><\/a><\/p>\n","protected":false},"excerpt":{"rendered":"<p>El grup\/classe del Programa de Formaci\u00f3 i Inserci\u00f3, PFI, d&#8217;Auxiliar en Centres Sanitaris de l&#8217;IES Intermunicipal del Pened\u00e8s ha participat aquests darrers dies en el Projecte Professions que Sumen al costat d&#8217;altres PFIs del Pened\u00e8s (Vilanova i la Geltr\u00fa, Canyelles, i El Vendrell) amb diverses&hellip;  <a href=\"https:\/\/agora.xtec.cat\/ins-intermunicipal\/general\/el-pfi-amb-el-projecte-professions-que-sumen\/\" title=\"Read El PFI amb el Projecte Professions que Sumen\">Llegeix m\u00e9s\u00bb<\/a><\/p>\n","protected":false},"author":8,"featured_media":3192,"comment_status":"closed","ping_status":"closed","sticky":false,"template":"","format":"standard","meta":{"_bbp_topic_count":0,"_bbp_reply_count":0,"_bbp_total_topic_count":0,"_bbp_total_reply_count":0,"_bbp_voice_count":0,"_bbp_anonymous_reply_count":0,"_bbp_topic_count_hidden":0,"_bbp_reply_count_hidden":0,"_bbp_forum_subforum_count":0,"footnotes":""},"categories":[30,1,29],"tags":[282],"class_list":["post-3181","post","type-post","status-publish","format-standard","has-post-thumbnail","hentry","category-formacio-professional","category-general","category-portada","tag-pfi-dauxiliar-en-centres-sanitaris"],"post_mailing_queue_ids":[],"_links":{"self":[{"href":"https:\/\/agora.xtec.cat\/ins-intermunicipal\/wp-json\/wp\/v2\/posts\/3181","targetHints":{"allow":["GET"]}}],"collection":[{"href":"https:\/\/agora.xtec.cat\/ins-intermunicipal\/wp-json\/wp\/v2\/posts"}],"about":[{"href":"https:\/\/agora.xtec.cat\/ins-intermunicipal\/wp-json\/wp\/v2\/types\/post"}],"author":[{"embeddable":true,"href":"https:\/\/agora.xtec.cat\/ins-intermunicipal\/wp-json\/wp\/v2\/users\/8"}],"replies":[{"embeddable":true,"href":"https:\/\/agora.xtec.cat\/ins-intermunicipal\/wp-json\/wp\/v2\/comments?post=3181"}],"version-history":[{"count":1,"href":"https:\/\/agora.xtec.cat\/ins-intermunicipal\/wp-json\/wp\/v2\/posts\/3181\/revisions"}],"predecessor-version":[{"id":3193,"href":"https:\/\/agora.xtec.cat\/ins-intermunicipal\/wp-json\/wp\/v2\/posts\/3181\/revisions\/3193"}],"wp:featuredmedia":[{"embeddable":true,"href":"https:\/\/agora.xtec.cat\/ins-intermunicipal\/wp-json\/wp\/v2\/media\/3192"}],"wp:attachment":[{"href":"https:\/\/agora.xtec.cat\/ins-intermunicipal\/wp-json\/wp\/v2\/media?parent=3181"}],"wp:term":[{"taxonomy":"category","embeddable":true,"href":"https:\/\/agora.xtec.cat\/ins-intermunicipal\/wp-json\/wp\/v2\/categories?post=3181"},{"taxonomy":"post_tag","embeddable":true,"href":"https:\/\/agora.xtec.cat\/ins-intermunicipal\/wp-json\/wp\/v2\/tags?post=3181"}],"curies":[{"name":"wp","href":"https:\/\/api.w.org\/{rel}","templated":true}]}}