{"id":3160,"date":"2024-06-06T12:49:16","date_gmt":"2024-06-06T10:49:16","guid":{"rendered":"https:\/\/agora.xtec.cat\/ins-intermunicipal\/?p=3160"},"modified":"2024-06-06T13:06:44","modified_gmt":"2024-06-06T11:06:44","slug":"4t-g-deso-al-projecte-reacciona","status":"publish","type":"post","link":"https:\/\/agora.xtec.cat\/ins-intermunicipal\/general\/4t-g-deso-al-projecte-reacciona\/","title":{"rendered":"4t G d&#8217;ESO al Projecte Reacciona"},"content":{"rendered":"<p style=\"text-align: center;\" align=\"justify\"><iframe loading=\"lazy\" src=\"\/\/player.vimeo.com\/video\/924616154?title=0&amp;amp;byline=0\" width=\"640\" height=\"360\" frameborder=\"0\" allowfullscreen=\"allowfullscreen\" data-mce-fragment=\"1\"><\/iframe><\/p>\n<p align=\"justify\"><span style=\"font-family: Arial, sans-serif;\"><span style=\"font-size: small;\"><span style=\"color: #000000;\">Aquest curs, els alumnes de 4t d\u2019ESO G han participat en el <\/span><span style=\"color: #000000;\"><b>Projecte Reacciona. <\/b><\/span><span style=\"color: #000000;\">Aquest projecte t\u00e9 la finalitat de treballar la consci\u00e8ncia social i la cultura de la pau mitjan\u00e7ant la realitzaci\u00f3 d\u2019un curtmetratge. Per tant, el projecte uneix la iniciaci\u00f3 a la pr\u00e0ctica audiovisual amb la sensibilitzaci\u00f3 respecte de temes com la cooperaci\u00f3 i la solidaritat, el medi ambient i la cultura de pau en un context general d\u2019aprenentatge i servei.<\/span><\/span><\/span><\/p>\n<p align=\"justify\"><span style=\"font-family: Arial, sans-serif;\"><span style=\"font-size: small;\"><span style=\"color: #3d4144;\">A m\u00e9s, el projecte tamb\u00e9 aporta aspectes pedag\u00f2gics que beneficien tant al grup com a cadascun dels alumnes participants. Aquests aspectes s\u00f3n: t<\/span><span style=\"color: #000000;\">reballar en consens per un objectiu en com\u00fa, <\/span><span style=\"color: #000000;\">la i<\/span><span style=\"color: #000000;\">nterdisciplinarietat, <\/span><span style=\"color: #000000;\">la i<\/span><span style=\"color: #000000;\">nclusi\u00f3, <\/span><span style=\"color: #000000;\">la c<\/span><span style=\"color: #000000;\">ol\u00b7laboraci\u00f3, <\/span><span style=\"color: #000000;\">la c<\/span><span style=\"color: #000000;\">ooperaci\u00f3, <\/span><span style=\"color: #000000;\">la intel\u00b7lig\u00e8ncia<\/span><span style=\"color: #000000;\"> social <\/span><span style=\"color: #000000;\">i la d<\/span><span style=\"color: #000000;\">escoberta, essencial per als joves, que cal ser molt cr\u00edtics amb el m\u00f3n audiovisual que ens envolta.<\/span><\/span><\/span><\/p>\n<p align=\"justify\"><span style=\"font-family: Arial, sans-serif;\"><span style=\"font-size: small;\"><span style=\"color: #000000;\">El resultat <\/span><span style=\"color: #000000;\">final de tota la feina feta <\/span><span style=\"color: #000000;\">ha estat el curtmetratge <\/span><span style=\"color: #000000;\"><b>El Penediment <\/b><\/span><span style=\"color: #000000;\">que podeu veure en aquest mateix post. Tamb\u00e9, clicant <a href=\"https:\/\/vimeo.com\/924616154\" target=\"_blank\" rel=\"noopener\">aquest enlla\u00e7<\/a>, podeu accedir als muntatges dels diferents centres que han participat en el projecte.<\/span><\/span><\/span><\/p>\n","protected":false},"excerpt":{"rendered":"<p>Aquest curs, els alumnes de 4t d\u2019ESO G han participat en el Projecte Reacciona. Aquest projecte t\u00e9 la finalitat de treballar la consci\u00e8ncia social i la cultura de la pau mitjan\u00e7ant la realitzaci\u00f3 d\u2019un curtmetratge. Per tant, el projecte uneix la iniciaci\u00f3 a la pr\u00e0ctica&hellip;  <a href=\"https:\/\/agora.xtec.cat\/ins-intermunicipal\/general\/4t-g-deso-al-projecte-reacciona\/\" title=\"Read 4t G d&#8217;ESO al Projecte Reacciona\">Llegeix m\u00e9s\u00bb<\/a><\/p>\n","protected":false},"author":7,"featured_media":3165,"comment_status":"closed","ping_status":"closed","sticky":false,"template":"","format":"standard","meta":{"_bbp_topic_count":0,"_bbp_reply_count":0,"_bbp_total_topic_count":0,"_bbp_total_reply_count":0,"_bbp_voice_count":0,"_bbp_anonymous_reply_count":0,"_bbp_topic_count_hidden":0,"_bbp_reply_count_hidden":0,"_bbp_forum_subforum_count":0,"footnotes":""},"categories":[7,1,29],"tags":[500,498,497,499],"class_list":["post-3160","post","type-post","status-publish","format-standard","has-post-thumbnail","hentry","category-4eso","category-general","category-portada","tag-curtmetratge","tag-el-penediment","tag-projecte-reacciona","tag-video"],"post_mailing_queue_ids":[],"_links":{"self":[{"href":"https:\/\/agora.xtec.cat\/ins-intermunicipal\/wp-json\/wp\/v2\/posts\/3160","targetHints":{"allow":["GET"]}}],"collection":[{"href":"https:\/\/agora.xtec.cat\/ins-intermunicipal\/wp-json\/wp\/v2\/posts"}],"about":[{"href":"https:\/\/agora.xtec.cat\/ins-intermunicipal\/wp-json\/wp\/v2\/types\/post"}],"author":[{"embeddable":true,"href":"https:\/\/agora.xtec.cat\/ins-intermunicipal\/wp-json\/wp\/v2\/users\/7"}],"replies":[{"embeddable":true,"href":"https:\/\/agora.xtec.cat\/ins-intermunicipal\/wp-json\/wp\/v2\/comments?post=3160"}],"version-history":[{"count":4,"href":"https:\/\/agora.xtec.cat\/ins-intermunicipal\/wp-json\/wp\/v2\/posts\/3160\/revisions"}],"predecessor-version":[{"id":3164,"href":"https:\/\/agora.xtec.cat\/ins-intermunicipal\/wp-json\/wp\/v2\/posts\/3160\/revisions\/3164"}],"wp:featuredmedia":[{"embeddable":true,"href":"https:\/\/agora.xtec.cat\/ins-intermunicipal\/wp-json\/wp\/v2\/media\/3165"}],"wp:attachment":[{"href":"https:\/\/agora.xtec.cat\/ins-intermunicipal\/wp-json\/wp\/v2\/media?parent=3160"}],"wp:term":[{"taxonomy":"category","embeddable":true,"href":"https:\/\/agora.xtec.cat\/ins-intermunicipal\/wp-json\/wp\/v2\/categories?post=3160"},{"taxonomy":"post_tag","embeddable":true,"href":"https:\/\/agora.xtec.cat\/ins-intermunicipal\/wp-json\/wp\/v2\/tags?post=3160"}],"curies":[{"name":"wp","href":"https:\/\/api.w.org\/{rel}","templated":true}]}}