{"id":3142,"date":"2024-06-05T09:37:25","date_gmt":"2024-06-05T07:37:25","guid":{"rendered":"https:\/\/agora.xtec.cat\/ins-intermunicipal\/?p=3142"},"modified":"2024-06-05T09:37:25","modified_gmt":"2024-06-05T07:37:25","slug":"llancament-del-satellit-del-projecte-denginyeria-de-3r-deso","status":"publish","type":"post","link":"https:\/\/agora.xtec.cat\/ins-intermunicipal\/general\/llancament-del-satellit-del-projecte-denginyeria-de-3r-deso\/","title":{"rendered":"Llan\u00e7ament del sat\u00e8l\u00b7lit del Projecte d&#8217;Enginyeria de 3r d&#8217;ESO"},"content":{"rendered":"<p style=\"text-align: center;\"><iframe loading=\"lazy\" src=\"\/\/www.youtube.com\/embed\/QiiigE6W21s?si=c7KwRQighMCn2tgf\" width=\"560\" height=\"314\" allowfullscreen=\"allowfullscreen\"><\/iframe><\/p>\n<p align=\"justify\"><span style=\"color: #222222;\"><span style=\"font-family: Arial, sans-serif;\"><span style=\"font-size: small;\">El passat dijous 23 de maig, es va fer el llan\u00e7ament d&#8217;un dels sat\u00e8l\u00b7lits creats aquest curs al Projecte d&#8217;Enginyeria de 3r d&#8217;ESO. Aquest projecte consisteix a crear un sat\u00e8l\u00b7lit que sigui capa\u00e7 de fer la seg\u00fcent s\u00e8rie d\u2019accions:<\/span><\/span><\/span><\/p>\n<ul>\n<li>\n<p align=\"justify\"><span style=\"font-family: Arial, sans-serif;\"><span style=\"font-size: small;\"><span style=\"color: #222222;\">Prendre dades d&#8217;al\u00e7ada, pressi\u00f3 i temperatura atmosf\u00e8riques amb programaci\u00f3 Arduino i guardar-les en viu a una targeta micro SD per despr\u00e9s analitzar quina relaci\u00f3 hi ha entre aquestes magnituds.<\/span><\/span><\/span><\/p>\n<\/li>\n<\/ul>\n<ul>\n<li>\n<p align=\"justify\"><span style=\"font-family: Arial, sans-serif;\"><span style=\"font-size: small;\"><span style=\"color: #222222;\">Desplegar un paracaigudes en el moment de caiguda del sat\u00e8l\u00b7lit. Per fer-ho, es va calcular quina mida havia de tenir el paracaigudes a partir de lleis f\u00edsiques, la massa del sat\u00e8l\u00b7lit i la velocitat a la qual es volia que baix\u00e9s. Es van fer dos dissenys diferents: un amb una velocitat de caiguda petita per si en el moment de ll<\/span><span style=\"color: #222222;\">a<\/span><span style=\"color: #222222;\">n\u00e7ament no hi havia vent i, un altre, amb una velocitat de caiguda m\u00e9s gran per evitar despla\u00e7aments laterals excessius, si hi havia vent, cosa que podria haver causat la p\u00e8rdua del sat\u00e8l\u00b7lit.<\/span><\/span><\/span><\/p>\n<\/li>\n<\/ul>\n<ul>\n<li>\n<p align=\"justify\"><span style=\"font-family: Arial, sans-serif;\"><span style=\"font-size: small;\"><span style=\"color: #222222;\">Quan arribi a una altitud de 80 m, d<\/span><span style=\"color: #222222;\">espenjar-se de l&#8217;ancoratge del dron que l&#8217;eleva <\/span><span style=\"color: #222222;\">gr\u00e0cies al disseny<\/span> <span style=\"color: #222222;\">d\u2019<\/span><span style=\"color: #222222;\">un sistema d&#8217;ancoratge mecanitzat que s&#8217;activ<\/span><span style=\"color: #222222;\">i <\/span><span style=\"color: #222222;\">mitjan\u00e7ant un servomotor connectat a l&#8217;Arduino i utilitzant les dades en viu d&#8217;al<\/span><span style=\"color: #222222;\">titud<\/span><span style=\"color: #222222;\"> que va recollint el sensor BMP180 connectat a l&#8217;Arduino.<\/span><\/span><\/span><\/p>\n<\/li>\n<\/ul>\n<p align=\"justify\"><span style=\"color: #222222;\"><span style=\"font-family: Arial, sans-serif;\"><span style=\"font-size: small;\">El llan\u00e7ament va ser un \u00e8xit com es pot veure al v\u00eddeo. El sistema d\u2019ancoratge va funcionar, ja que el sat\u00e8l\u00b7lit es va despenjar del dron en arribar als 80 m d\u2019altitud . En tot moment va recollir les dades d&#8217;altitud, temperatura i pressi\u00f3 atmosf\u00e8riques per despr\u00e9s poder-les analitzar amb unes gr\u00e0fiques. Tot i aix\u00f2, l&#8217;elecci\u00f3 del paracaigudes gran en comptes del petit, i el fet de subestimar el vent que feia aquell dia va provocar que el despla\u00e7ament lateral que va patir el sat\u00e8l\u00b7lit fos d&#8217;uns 500 m, cosa que va dificultar la troballa el sat\u00e8l\u00b7lit.<\/span><\/span><\/span><\/p>\n<p align=\"justify\"><span style=\"color: #222222;\"><span style=\"font-family: Arial, sans-serif;\"><span style=\"font-size: small;\">Agra\u00efm a l&#8217;Albert Rosin\u00e8s, campi\u00f3 de Catalunya de vol FPV de dron, la seva col\u00b7laboraci\u00f3 i les ganes de participar desinteressadament en el projecte oferint-se per fer el llan\u00e7ament amb un dels seus drons professionals. Gr\u00e0cies pel temps, l&#8217;entusiasme i la paci\u00e8ncia!<\/span><\/span><\/span><\/p>\n","protected":false},"excerpt":{"rendered":"<p>El passat dijous 23 de maig, es va fer el llan\u00e7ament d&#8217;un dels sat\u00e8l\u00b7lits creats aquest curs al Projecte d&#8217;Enginyeria de 3r d&#8217;ESO. Aquest projecte consisteix a crear un sat\u00e8l\u00b7lit que sigui capa\u00e7 de fer la seg\u00fcent s\u00e8rie d\u2019accions:<\/p>\n<ul>\n<li>\nPrendre dades d&#8217;al\u00e7ada, pressi\u00f3 i temperatura atmosf\u00e8riques&hellip;  <a href=\"https:\/\/agora.xtec.cat\/ins-intermunicipal\/general\/llancament-del-satellit-del-projecte-denginyeria-de-3r-deso\/\" title=\"Read Llan\u00e7ament del sat\u00e8l\u00b7lit del Projecte d&#8217;Enginyeria de 3r d&#8217;ESO\">Llegeix m\u00e9s\u00bb<\/a><\/p>\n","protected":false},"author":7,"featured_media":3147,"comment_status":"closed","ping_status":"closed","sticky":false,"template":"","format":"standard","meta":{"_bbp_topic_count":0,"_bbp_reply_count":0,"_bbp_total_topic_count":0,"_bbp_total_reply_count":0,"_bbp_voice_count":0,"_bbp_anonymous_reply_count":0,"_bbp_topic_count_hidden":0,"_bbp_reply_count_hidden":0,"_bbp_forum_subforum_count":0,"footnotes":""},"categories":[6,1,29],"tags":[496,494,495],"class_list":["post-3142","post","type-post","status-publish","format-standard","has-post-thumbnail","hentry","category-3eso","category-general","category-portada","tag-eso3","tag-projecte-denginyeria","tag-satellit"],"post_mailing_queue_ids":[],"_links":{"self":[{"href":"https:\/\/agora.xtec.cat\/ins-intermunicipal\/wp-json\/wp\/v2\/posts\/3142","targetHints":{"allow":["GET"]}}],"collection":[{"href":"https:\/\/agora.xtec.cat\/ins-intermunicipal\/wp-json\/wp\/v2\/posts"}],"about":[{"href":"https:\/\/agora.xtec.cat\/ins-intermunicipal\/wp-json\/wp\/v2\/types\/post"}],"author":[{"embeddable":true,"href":"https:\/\/agora.xtec.cat\/ins-intermunicipal\/wp-json\/wp\/v2\/users\/7"}],"replies":[{"embeddable":true,"href":"https:\/\/agora.xtec.cat\/ins-intermunicipal\/wp-json\/wp\/v2\/comments?post=3142"}],"version-history":[{"count":4,"href":"https:\/\/agora.xtec.cat\/ins-intermunicipal\/wp-json\/wp\/v2\/posts\/3142\/revisions"}],"predecessor-version":[{"id":3146,"href":"https:\/\/agora.xtec.cat\/ins-intermunicipal\/wp-json\/wp\/v2\/posts\/3142\/revisions\/3146"}],"wp:featuredmedia":[{"embeddable":true,"href":"https:\/\/agora.xtec.cat\/ins-intermunicipal\/wp-json\/wp\/v2\/media\/3147"}],"wp:attachment":[{"href":"https:\/\/agora.xtec.cat\/ins-intermunicipal\/wp-json\/wp\/v2\/media?parent=3142"}],"wp:term":[{"taxonomy":"category","embeddable":true,"href":"https:\/\/agora.xtec.cat\/ins-intermunicipal\/wp-json\/wp\/v2\/categories?post=3142"},{"taxonomy":"post_tag","embeddable":true,"href":"https:\/\/agora.xtec.cat\/ins-intermunicipal\/wp-json\/wp\/v2\/tags?post=3142"}],"curies":[{"name":"wp","href":"https:\/\/api.w.org\/{rel}","templated":true}]}}