{"id":3139,"date":"2024-06-05T09:09:46","date_gmt":"2024-06-05T07:09:46","guid":{"rendered":"https:\/\/agora.xtec.cat\/ins-intermunicipal\/?p=3139"},"modified":"2024-07-04T08:57:09","modified_gmt":"2024-07-04T06:57:09","slug":"presentacio-pels-nous-alumnes-de-1r-deso-del-2024-2025","status":"publish","type":"post","link":"https:\/\/agora.xtec.cat\/ins-intermunicipal\/general\/presentacio-pels-nous-alumnes-de-1r-deso-del-2024-2025\/","title":{"rendered":"Presentaci\u00f3 per als nous alumnes de 1r d&#8217;ESO del 2024-2025"},"content":{"rendered":"<p style=\"text-align: justify;\"><a href=\"https:\/\/agora.xtec.cat\/ins-intermunicipal\/wp-content\/uploads\/usu2220\/2024\/03\/IMG20240312183455-2.jpg\"><img loading=\"lazy\" decoding=\"async\" class=\"wp-image-2388 size-medium alignright\" src=\"https:\/\/agora.xtec.cat\/ins-intermunicipal\/wp-content\/uploads\/usu2220\/2024\/03\/IMG20240312183455-2-300x169.jpg\" alt=\"\" width=\"300\" height=\"169\" srcset=\"https:\/\/agora.xtec.cat\/ins-intermunicipal\/wp-content\/uploads\/usu2220\/2024\/03\/IMG20240312183455-2-300x169.jpg 300w, https:\/\/agora.xtec.cat\/ins-intermunicipal\/wp-content\/uploads\/usu2220\/2024\/03\/IMG20240312183455-2-768x432.jpg 768w, https:\/\/agora.xtec.cat\/ins-intermunicipal\/wp-content\/uploads\/usu2220\/2024\/03\/IMG20240312183455-2.jpg 900w\" sizes=\"auto, (max-width: 300px) 100vw, 300px\" \/><\/a>El proper<strong> dimecres 3 de juliol, a dos quarts de 7 de la tarda<\/strong>, es far\u00e0 a la Sala d&#8217;Actes del nostre institut l&#8217;acte de presentaci\u00f3 de l&#8217;Institut Intermunicipal del Pened\u00e8s per a les fam\u00edlies dels alumnes que comen\u00e7aran 1r d&#8217;ESO el proper curs 2024-2025. Us hi esperem!<\/p>\n","protected":false},"excerpt":{"rendered":"<p><a href=\"https:\/\/agora.xtec.cat\/ins-intermunicipal\/wp-content\/uploads\/usu2220\/2024\/03\/IMG20240312183455-2.jpg\"><\/a>El proper dimecres 3 de juliol, a dos quarts de 7 de la tarda, es far\u00e0 a la Sala d&#8217;Actes del nostre institut l&#8217;acte de presentaci\u00f3 de l&#8217;Institut Intermunicipal del Pened\u00e8s per a les fam\u00edlies dels alumnes que comen\u00e7aran 1r d&#8217;ESO el proper curs&hellip;  <a href=\"https:\/\/agora.xtec.cat\/ins-intermunicipal\/general\/presentacio-pels-nous-alumnes-de-1r-deso-del-2024-2025\/\" title=\"Read Presentaci\u00f3 per als nous alumnes de 1r d&#8217;ESO del 2024-2025\">Llegeix m\u00e9s\u00bb<\/a><\/p>\n","protected":false},"author":7,"featured_media":2388,"comment_status":"closed","ping_status":"closed","sticky":false,"template":"","format":"standard","meta":{"_bbp_topic_count":0,"_bbp_reply_count":0,"_bbp_total_topic_count":0,"_bbp_total_reply_count":0,"_bbp_voice_count":0,"_bbp_anonymous_reply_count":0,"_bbp_topic_count_hidden":0,"_bbp_reply_count_hidden":0,"_bbp_forum_subforum_count":0,"footnotes":""},"categories":[1,29],"tags":[493,492,491],"class_list":["post-3139","post","type-post","status-publish","format-standard","has-post-thumbnail","hentry","category-general","category-portada","tag-2024-2025","tag-eso1","tag-presentacio"],"post_mailing_queue_ids":[],"_links":{"self":[{"href":"https:\/\/agora.xtec.cat\/ins-intermunicipal\/wp-json\/wp\/v2\/posts\/3139","targetHints":{"allow":["GET"]}}],"collection":[{"href":"https:\/\/agora.xtec.cat\/ins-intermunicipal\/wp-json\/wp\/v2\/posts"}],"about":[{"href":"https:\/\/agora.xtec.cat\/ins-intermunicipal\/wp-json\/wp\/v2\/types\/post"}],"author":[{"embeddable":true,"href":"https:\/\/agora.xtec.cat\/ins-intermunicipal\/wp-json\/wp\/v2\/users\/7"}],"replies":[{"embeddable":true,"href":"https:\/\/agora.xtec.cat\/ins-intermunicipal\/wp-json\/wp\/v2\/comments?post=3139"}],"version-history":[{"count":3,"href":"https:\/\/agora.xtec.cat\/ins-intermunicipal\/wp-json\/wp\/v2\/posts\/3139\/revisions"}],"predecessor-version":[{"id":3232,"href":"https:\/\/agora.xtec.cat\/ins-intermunicipal\/wp-json\/wp\/v2\/posts\/3139\/revisions\/3232"}],"wp:featuredmedia":[{"embeddable":true,"href":"https:\/\/agora.xtec.cat\/ins-intermunicipal\/wp-json\/wp\/v2\/media\/2388"}],"wp:attachment":[{"href":"https:\/\/agora.xtec.cat\/ins-intermunicipal\/wp-json\/wp\/v2\/media?parent=3139"}],"wp:term":[{"taxonomy":"category","embeddable":true,"href":"https:\/\/agora.xtec.cat\/ins-intermunicipal\/wp-json\/wp\/v2\/categories?post=3139"},{"taxonomy":"post_tag","embeddable":true,"href":"https:\/\/agora.xtec.cat\/ins-intermunicipal\/wp-json\/wp\/v2\/tags?post=3139"}],"curies":[{"name":"wp","href":"https:\/\/api.w.org\/{rel}","templated":true}]}}